{"id":27222,"date":"2018-02-23T22:21:47","date_gmt":"2018-02-24T01:21:47","guid":{"rendered":"http:\/\/labestiadeportiva.com\/lbd\/?p=27222"},"modified":"2018-02-23T22:28:32","modified_gmt":"2018-02-24T01:28:32","slug":"adelantamos-el-arranque-pensando-en-el-mundial-de-futbol-audio","status":"publish","type":"post","link":"https:\/\/labestiadeportiva.com\/lbd\/adelantamos-el-arranque-pensando-en-el-mundial-de-futbol-audio\/","title":{"rendered":"\u00abAdelantamos el arranque pensando en el mundial de f\u00fatbol\u00bb (Audio)"},"content":{"rendered":"<p><a href=\"http:\/\/labestiadeportiva.com\/lbd\/wp-content\/uploads\/2018\/02\/28167215_1747579415308586_8628154906433555937_n1.jpg\"><img loading=\"lazy\" class=\"aligncenter size-full wp-image-27225\" src=\"http:\/\/labestiadeportiva.com\/lbd\/wp-content\/uploads\/2018\/02\/28167215_1747579415308586_8628154906433555937_n1.jpg\" alt=\"28167215_1747579415308586_8628154906433555937_n\" width=\"252\" height=\"268\" \/><\/a>Este fin de semana marcar\u00e1 el inicio del Campeonato Provincial de Karting de la presente temporada. Arreglos en la cinta asf\u00e1ltica del circuito, posible nueva categor\u00eda y datos de la primera fecha los principales temas de la entrevista con Marcelo Garro, ex presidente de la APKU 2000 y actual integrante de la Comisi\u00f3n Directiva. Compartimos el audio de la charla lograda este viernes en la 94.1 FM del Sur.<!--more--><\/p>\n<p><iframe loading=\"lazy\" src=\"https:\/\/www.youtube.com\/embed\/q1ll82lX_qc\" width=\"560\" height=\"315\" frameborder=\"0\" allowfullscreen=\"allowfullscreen\"><\/iframe><\/p>\n<div class='epvc-post-count'><span class='epvc-eye'><\/span>  <span class=\"epvc-count\"> 1.307<\/span><span class='epvc-label'> veces le\u00edda<\/span><\/div>\n<div class=\"jwsharethis\">\nShare this: \n<br \/>\n<a href=\"mailto:?subject=%C2%ABAdelantamos%20el%20arranque%20pensando%20en%20el%20mundial%20de%20f%C3%BAtbol%C2%BB%20%28Audio%29&amp;body=https%3A%2F%2Flabestiadeportiva.com%2Flbd%2Fadelantamos-el-arranque-pensando-en-el-mundial-de-futbol-audio%2F\">\n<img src=\"https:\/\/labestiadeportiva.com\/lbd\/wp-content\/plugins\/jw-share-this\/email.png\" alt=\"Share this page via Email\" \/>\n<\/a>\n<a target=\"_blank\" href=\"http:\/\/www.stumbleupon.com\/submit?url=https%3A%2F%2Flabestiadeportiva.com%2Flbd%2Fadelantamos-el-arranque-pensando-en-el-mundial-de-futbol-audio%2F&amp;title=%C2%ABAdelantamos+el+arranque+pensando+en+el+mundial+de+f%C3%BAtbol%C2%BB+%28Audio%29\">\n<img src=\"https:\/\/labestiadeportiva.com\/lbd\/wp-content\/plugins\/jw-share-this\/su.png\" alt=\"Share this page via Stumble Upon\" \/>\n<\/a>\n<a target=\"_blank\" href=\"http:\/\/digg.com\/submit?url=https%3A%2F%2Flabestiadeportiva.com%2Flbd%2Fadelantamos-el-arranque-pensando-en-el-mundial-de-futbol-audio%2F&amp;title=%C2%ABAdelantamos+el+arranque+pensando+en+el+mundial+de+f%C3%BAtbol%C2%BB+%28Audio%29\">\n<img src=\"https:\/\/labestiadeportiva.com\/lbd\/wp-content\/plugins\/jw-share-this\/digg.png\" alt=\"Share this page via Digg this\" \/>\n<\/a>\n<a target=\"_blank\" href=\"http:\/\/www.facebook.com\/sharer.php?u=https%3A%2F%2Flabestiadeportiva.com%2Flbd%2Fadelantamos-el-arranque-pensando-en-el-mundial-de-futbol-audio%2F&amp;t=%C2%ABAdelantamos+el+arranque+pensando+en+el+mundial+de+f%C3%BAtbol%C2%BB+%28Audio%29\">\n<img src=\"https:\/\/labestiadeportiva.com\/lbd\/wp-content\/plugins\/jw-share-this\/fb.png\" alt=\"Share this page via Facebook\" \/>\n<\/a>\n<a target=\"_blank\" href=\"http:\/\/twitter.com\/intent\/tweet?text=I+like+https%3A%2F%2Flabestiadeportiva.com%2Flbd%2Fadelantamos-el-arranque-pensando-en-el-mundial-de-futbol-audio%2F&amp;title=%C2%ABAdelantamos+el+arranque+pensando+en+el+mundial+de+f%C3%BAtbol%C2%BB+%28Audio%29\">\n<img src=\"https:\/\/labestiadeportiva.com\/lbd\/wp-content\/plugins\/jw-share-this\/twitter.png\" alt=\"Share this page via Twitter\" \/>\n<\/a>\n<\/div>\n","protected":false},"excerpt":{"rendered":"<p>Este fin de semana marcar\u00e1 el inicio del Campeonato Provincial de Karting de la presente temporada. Arreglos en la cinta asf\u00e1ltica del circuito, posible nueva categor\u00eda y datos de la primera fecha los principales temas de la entrevista con Marcelo Garro, ex presidente de la APKU 2000 y actual integrante de la Comisi\u00f3n Directiva. Compartimos &hellip; <a href=\"https:\/\/labestiadeportiva.com\/lbd\/adelantamos-el-arranque-pensando-en-el-mundial-de-futbol-audio\/\" class=\"more-link\">Seguir leyendo <span class=\"screen-reader-text\">\u00abAdelantamos el arranque pensando en el mundial de f\u00fatbol\u00bb (Audio)<\/span> <span class=\"meta-nav\">&rarr;<\/span><\/a><\/p>\n","protected":false},"author":1,"featured_media":27225,"comment_status":"open","ping_status":"open","sticky":false,"template":"","format":"standard","meta":[],"categories":[5,60,2152,1],"tags":[738,4838,280,3140,83],"_links":{"self":[{"href":"https:\/\/labestiadeportiva.com\/lbd\/wp-json\/wp\/v2\/posts\/27222"}],"collection":[{"href":"https:\/\/labestiadeportiva.com\/lbd\/wp-json\/wp\/v2\/posts"}],"about":[{"href":"https:\/\/labestiadeportiva.com\/lbd\/wp-json\/wp\/v2\/types\/post"}],"author":[{"embeddable":true,"href":"https:\/\/labestiadeportiva.com\/lbd\/wp-json\/wp\/v2\/users\/1"}],"replies":[{"embeddable":true,"href":"https:\/\/labestiadeportiva.com\/lbd\/wp-json\/wp\/v2\/comments?post=27222"}],"version-history":[{"count":2,"href":"https:\/\/labestiadeportiva.com\/lbd\/wp-json\/wp\/v2\/posts\/27222\/revisions"}],"predecessor-version":[{"id":27226,"href":"https:\/\/labestiadeportiva.com\/lbd\/wp-json\/wp\/v2\/posts\/27222\/revisions\/27226"}],"wp:featuredmedia":[{"embeddable":true,"href":"https:\/\/labestiadeportiva.com\/lbd\/wp-json\/wp\/v2\/media\/27225"}],"wp:attachment":[{"href":"https:\/\/labestiadeportiva.com\/lbd\/wp-json\/wp\/v2\/media?parent=27222"}],"wp:term":[{"taxonomy":"category","embeddable":true,"href":"https:\/\/labestiadeportiva.com\/lbd\/wp-json\/wp\/v2\/categories?post=27222"},{"taxonomy":"post_tag","embeddable":true,"href":"https:\/\/labestiadeportiva.com\/lbd\/wp-json\/wp\/v2\/tags?post=27222"}],"curies":[{"name":"wp","href":"https:\/\/api.w.org\/{rel}","templated":true}]}}