{"id":27234,"date":"2018-02-26T15:01:52","date_gmt":"2018-02-26T18:01:52","guid":{"rendered":"http:\/\/labestiadeportiva.com\/lbd\/?p=27234"},"modified":"2018-02-26T15:11:29","modified_gmt":"2018-02-26T18:11:29","slug":"estamos-trabajando-fuerte-en-la-carrera-audio","status":"publish","type":"post","link":"https:\/\/labestiadeportiva.com\/lbd\/estamos-trabajando-fuerte-en-la-carrera-audio\/","title":{"rendered":"\u00abEstamos trabajando fuerte para la carrera\u00bb (Audio)"},"content":{"rendered":"<p><a href=\"http:\/\/labestiadeportiva.com\/lbd\/wp-content\/uploads\/2018\/02\/28379291_1750524478347413_636552402692928839_n.jpg\"><img loading=\"lazy\" src=\"http:\/\/labestiadeportiva.com\/lbd\/wp-content\/uploads\/2018\/02\/28379291_1750524478347413_636552402692928839_n-252x300.jpg\" alt=\"28379291_1750524478347413_636552402692928839_n\" width=\"252\" height=\"300\" class=\"aligncenter size-medium wp-image-27236\" srcset=\"https:\/\/labestiadeportiva.com\/lbd\/wp-content\/uploads\/2018\/02\/28379291_1750524478347413_636552402692928839_n-252x300.jpg 252w, https:\/\/labestiadeportiva.com\/lbd\/wp-content\/uploads\/2018\/02\/28379291_1750524478347413_636552402692928839_n.jpg 312w\" sizes=\"(max-width: 252px) 100vw, 252px\" \/><\/a>En el comienzo de la semana dialogamos con el presidente del Motoclub R\u00edo Grande, Germ\u00e1n N\u00fa\u00f1ez, detalles de los trabajos previos a la 35\u00ba edici\u00f3n de la VTDF que llegar\u00e1 el pr\u00f3ximo 29, 30 y 31 de marzo, proyecci\u00f3n de participantes, pilotos nacionales que nos visitar\u00e1n, debut de la App, los principales temas de la charla que compartimos<!--more--><\/p>\n<p><iframe loading=\"lazy\" width=\"560\" height=\"315\" src=\"https:\/\/www.youtube.com\/embed\/-b19d_-8AZs\" frameborder=\"0\" allow=\"autoplay; encrypted-media\" allowfullscreen><\/iframe><\/p>\n<div class='epvc-post-count'><span class='epvc-eye'><\/span>  <span class=\"epvc-count\"> 1.202<\/span><span class='epvc-label'> veces le\u00edda<\/span><\/div>\n<div class=\"jwsharethis\">\nShare this: \n<br \/>\n<a href=\"mailto:?subject=%C2%ABEstamos%20trabajando%20fuerte%20para%20la%20carrera%C2%BB%20%28Audio%29&amp;body=https%3A%2F%2Flabestiadeportiva.com%2Flbd%2Festamos-trabajando-fuerte-en-la-carrera-audio%2F\">\n<img src=\"https:\/\/labestiadeportiva.com\/lbd\/wp-content\/plugins\/jw-share-this\/email.png\" alt=\"Share this page via Email\" \/>\n<\/a>\n<a target=\"_blank\" href=\"http:\/\/www.stumbleupon.com\/submit?url=https%3A%2F%2Flabestiadeportiva.com%2Flbd%2Festamos-trabajando-fuerte-en-la-carrera-audio%2F&amp;title=%C2%ABEstamos+trabajando+fuerte+para+la+carrera%C2%BB+%28Audio%29\">\n<img src=\"https:\/\/labestiadeportiva.com\/lbd\/wp-content\/plugins\/jw-share-this\/su.png\" alt=\"Share this page via Stumble Upon\" \/>\n<\/a>\n<a target=\"_blank\" href=\"http:\/\/digg.com\/submit?url=https%3A%2F%2Flabestiadeportiva.com%2Flbd%2Festamos-trabajando-fuerte-en-la-carrera-audio%2F&amp;title=%C2%ABEstamos+trabajando+fuerte+para+la+carrera%C2%BB+%28Audio%29\">\n<img src=\"https:\/\/labestiadeportiva.com\/lbd\/wp-content\/plugins\/jw-share-this\/digg.png\" alt=\"Share this page via Digg this\" \/>\n<\/a>\n<a target=\"_blank\" href=\"http:\/\/www.facebook.com\/sharer.php?u=https%3A%2F%2Flabestiadeportiva.com%2Flbd%2Festamos-trabajando-fuerte-en-la-carrera-audio%2F&amp;t=%C2%ABEstamos+trabajando+fuerte+para+la+carrera%C2%BB+%28Audio%29\">\n<img src=\"https:\/\/labestiadeportiva.com\/lbd\/wp-content\/plugins\/jw-share-this\/fb.png\" alt=\"Share this page via Facebook\" \/>\n<\/a>\n<a target=\"_blank\" href=\"http:\/\/twitter.com\/intent\/tweet?text=I+like+https%3A%2F%2Flabestiadeportiva.com%2Flbd%2Festamos-trabajando-fuerte-en-la-carrera-audio%2F&amp;title=%C2%ABEstamos+trabajando+fuerte+para+la+carrera%C2%BB+%28Audio%29\">\n<img src=\"https:\/\/labestiadeportiva.com\/lbd\/wp-content\/plugins\/jw-share-this\/twitter.png\" alt=\"Share this page via Twitter\" \/>\n<\/a>\n<\/div>\n","protected":false},"excerpt":{"rendered":"<p>En el comienzo de la semana dialogamos con el presidente del Motoclub R\u00edo Grande, Germ\u00e1n N\u00fa\u00f1ez, detalles de los trabajos previos a la 35\u00ba edici\u00f3n de la VTDF que llegar\u00e1 el pr\u00f3ximo 29, 30 y 31 de marzo, proyecci\u00f3n de participantes, pilotos nacionales que nos visitar\u00e1n, debut de la App, los principales temas de la &hellip; <a href=\"https:\/\/labestiadeportiva.com\/lbd\/estamos-trabajando-fuerte-en-la-carrera-audio\/\" class=\"more-link\">Seguir leyendo <span class=\"screen-reader-text\">\u00abEstamos trabajando fuerte para la carrera\u00bb (Audio)<\/span> <span class=\"meta-nav\">&rarr;<\/span><\/a><\/p>\n","protected":false},"author":1,"featured_media":27236,"comment_status":"open","ping_status":"open","sticky":false,"template":"","format":"standard","meta":[],"categories":[5,4,6,60,2159,1,3430],"tags":[3461,4838,2038,71,83,3495,3431],"_links":{"self":[{"href":"https:\/\/labestiadeportiva.com\/lbd\/wp-json\/wp\/v2\/posts\/27234"}],"collection":[{"href":"https:\/\/labestiadeportiva.com\/lbd\/wp-json\/wp\/v2\/posts"}],"about":[{"href":"https:\/\/labestiadeportiva.com\/lbd\/wp-json\/wp\/v2\/types\/post"}],"author":[{"embeddable":true,"href":"https:\/\/labestiadeportiva.com\/lbd\/wp-json\/wp\/v2\/users\/1"}],"replies":[{"embeddable":true,"href":"https:\/\/labestiadeportiva.com\/lbd\/wp-json\/wp\/v2\/comments?post=27234"}],"version-history":[{"count":3,"href":"https:\/\/labestiadeportiva.com\/lbd\/wp-json\/wp\/v2\/posts\/27234\/revisions"}],"predecessor-version":[{"id":27239,"href":"https:\/\/labestiadeportiva.com\/lbd\/wp-json\/wp\/v2\/posts\/27234\/revisions\/27239"}],"wp:featuredmedia":[{"embeddable":true,"href":"https:\/\/labestiadeportiva.com\/lbd\/wp-json\/wp\/v2\/media\/27236"}],"wp:attachment":[{"href":"https:\/\/labestiadeportiva.com\/lbd\/wp-json\/wp\/v2\/media?parent=27234"}],"wp:term":[{"taxonomy":"category","embeddable":true,"href":"https:\/\/labestiadeportiva.com\/lbd\/wp-json\/wp\/v2\/categories?post=27234"},{"taxonomy":"post_tag","embeddable":true,"href":"https:\/\/labestiadeportiva.com\/lbd\/wp-json\/wp\/v2\/tags?post=27234"}],"curies":[{"name":"wp","href":"https:\/\/api.w.org\/{rel}","templated":true}]}}