{"id":274,"date":"2012-09-08T15:37:40","date_gmt":"2012-09-08T15:37:40","guid":{"rendered":"http:\/\/labestiadeportiva.com\/lbd\/?p=274"},"modified":"2012-09-08T17:00:27","modified_gmt":"2012-09-08T17:00:27","slug":"doblete-de-mclaren-en-monza","status":"publish","type":"post","link":"https:\/\/labestiadeportiva.com\/lbd\/doblete-de-mclaren-en-monza\/","title":{"rendered":"Doblete de McLaren en Monza"},"content":{"rendered":"<p>Por Daniel Campos (Corresponsal LBD en Palma de Mallorca, Espa\u00f1a)<\/p>\n<p><a href=\"http:\/\/labestiadeportiva.com\/lbd\/wp-content\/uploads\/2012\/09\/hammonza1.jpg\"><img loading=\"lazy\" class=\"alignleft size-medium wp-image-276\" title=\"hammonza\" src=\"http:\/\/labestiadeportiva.com\/lbd\/wp-content\/uploads\/2012\/09\/hammonza1-300x205.jpg\" alt=\"\" width=\"300\" height=\"205\" srcset=\"https:\/\/labestiadeportiva.com\/lbd\/wp-content\/uploads\/2012\/09\/hammonza1-300x205.jpg 300w, https:\/\/labestiadeportiva.com\/lbd\/wp-content\/uploads\/2012\/09\/hammonza1.jpg 1023w\" sizes=\"(max-width: 300px) 100vw, 300px\" \/><\/a>Hamilton y Button, de la escuder\u00eda Mclaren, se hicieron con la primera l\u00ednea de salida del Gran Premio de Italia. Con un tiempo de 1:21.010 para el campe\u00f3n del 2008 y a 0.123 cent\u00e9simas , el \u00faltimo ganador del GP de B\u00e9lgica. En casa de Ferrari, debacle de los autos rojos, Massa minimiz\u00f3 los da\u00f1os, alcanzando la tercera posici\u00f3n de salida.<!--morePara leer Click Aqu\u00ed--> Alonso apenas alcanz\u00f3 la d\u00e9cima posici\u00f3n, tras sufrir la rotura de una barra de suspensi\u00f3n trasera. Parece que justo en la cita m\u00e1s importante del a\u00f1o para a escuder\u00eda todo se ha torcido para el asturiano.<\/p>\n<p>En la jornada del viernes, fue un calvario, se le par\u00f3 motor por un problema el\u00e9ctrico luego fallaron los frenos y tras cart\u00f3n la caja de cambio lo dejo tirado al l\u00edder del Mundial.<\/p>\n<p>Para la prueba de ma\u00f1ana pactada a 53 vueltas, se espera buen tiempo, con bastante calor. Una carrera r\u00e1pida, con pocas paradas y donde los aspirantes al t\u00edtulo buscaran mejorar sus guarismos. Ma\u00f1ana toda la informaci\u00f3n.<\/p>\n<div class='epvc-post-count'><span class='epvc-eye'><\/span>  <span class=\"epvc-count\"> 1.219<\/span><span class='epvc-label'> veces le\u00edda<\/span><\/div>\n<div class=\"jwsharethis\">\nShare this: \n<br \/>\n<a href=\"mailto:?subject=Doblete%20de%20McLaren%20en%20Monza&amp;body=https%3A%2F%2Flabestiadeportiva.com%2Flbd%2Fdoblete-de-mclaren-en-monza%2F\">\n<img src=\"https:\/\/labestiadeportiva.com\/lbd\/wp-content\/plugins\/jw-share-this\/email.png\" alt=\"Share this page via Email\" \/>\n<\/a>\n<a target=\"_blank\" href=\"http:\/\/www.stumbleupon.com\/submit?url=https%3A%2F%2Flabestiadeportiva.com%2Flbd%2Fdoblete-de-mclaren-en-monza%2F&amp;title=Doblete+de+McLaren+en+Monza\">\n<img src=\"https:\/\/labestiadeportiva.com\/lbd\/wp-content\/plugins\/jw-share-this\/su.png\" alt=\"Share this page via Stumble Upon\" \/>\n<\/a>\n<a target=\"_blank\" href=\"http:\/\/digg.com\/submit?url=https%3A%2F%2Flabestiadeportiva.com%2Flbd%2Fdoblete-de-mclaren-en-monza%2F&amp;title=Doblete+de+McLaren+en+Monza\">\n<img src=\"https:\/\/labestiadeportiva.com\/lbd\/wp-content\/plugins\/jw-share-this\/digg.png\" alt=\"Share this page via Digg this\" \/>\n<\/a>\n<a target=\"_blank\" href=\"http:\/\/www.facebook.com\/sharer.php?u=https%3A%2F%2Flabestiadeportiva.com%2Flbd%2Fdoblete-de-mclaren-en-monza%2F&amp;t=Doblete+de+McLaren+en+Monza\">\n<img src=\"https:\/\/labestiadeportiva.com\/lbd\/wp-content\/plugins\/jw-share-this\/fb.png\" alt=\"Share this page via Facebook\" \/>\n<\/a>\n<a target=\"_blank\" href=\"http:\/\/twitter.com\/intent\/tweet?text=I+like+https%3A%2F%2Flabestiadeportiva.com%2Flbd%2Fdoblete-de-mclaren-en-monza%2F&amp;title=Doblete+de+McLaren+en+Monza\">\n<img src=\"https:\/\/labestiadeportiva.com\/lbd\/wp-content\/plugins\/jw-share-this\/twitter.png\" alt=\"Share this page via Twitter\" \/>\n<\/a>\n<\/div>\n","protected":false},"excerpt":{"rendered":"<p>Por Daniel Campos (Corresponsal LBD en Palma de Mallorca, Espa\u00f1a) Hamilton y Button, de la escuder\u00eda Mclaren, se hicieron con la primera l\u00ednea de salida del Gran Premio de Italia. Con un tiempo de 1:21.010 para el campe\u00f3n del 2008 y a 0.123 cent\u00e9simas , el \u00faltimo ganador del GP de B\u00e9lgica. En casa de &hellip; <a href=\"https:\/\/labestiadeportiva.com\/lbd\/doblete-de-mclaren-en-monza\/\" class=\"more-link\">Seguir leyendo <span class=\"screen-reader-text\">Doblete de McLaren en Monza<\/span> <span class=\"meta-nav\">&rarr;<\/span><\/a><\/p>\n","protected":false},"author":1,"featured_media":276,"comment_status":"open","ping_status":"open","sticky":false,"template":"","format":"standard","meta":[],"categories":[4,33,1],"tags":[4834,63],"_links":{"self":[{"href":"https:\/\/labestiadeportiva.com\/lbd\/wp-json\/wp\/v2\/posts\/274"}],"collection":[{"href":"https:\/\/labestiadeportiva.com\/lbd\/wp-json\/wp\/v2\/posts"}],"about":[{"href":"https:\/\/labestiadeportiva.com\/lbd\/wp-json\/wp\/v2\/types\/post"}],"author":[{"embeddable":true,"href":"https:\/\/labestiadeportiva.com\/lbd\/wp-json\/wp\/v2\/users\/1"}],"replies":[{"embeddable":true,"href":"https:\/\/labestiadeportiva.com\/lbd\/wp-json\/wp\/v2\/comments?post=274"}],"version-history":[{"count":2,"href":"https:\/\/labestiadeportiva.com\/lbd\/wp-json\/wp\/v2\/posts\/274\/revisions"}],"predecessor-version":[{"id":278,"href":"https:\/\/labestiadeportiva.com\/lbd\/wp-json\/wp\/v2\/posts\/274\/revisions\/278"}],"wp:featuredmedia":[{"embeddable":true,"href":"https:\/\/labestiadeportiva.com\/lbd\/wp-json\/wp\/v2\/media\/276"}],"wp:attachment":[{"href":"https:\/\/labestiadeportiva.com\/lbd\/wp-json\/wp\/v2\/media?parent=274"}],"wp:term":[{"taxonomy":"category","embeddable":true,"href":"https:\/\/labestiadeportiva.com\/lbd\/wp-json\/wp\/v2\/categories?post=274"},{"taxonomy":"post_tag","embeddable":true,"href":"https:\/\/labestiadeportiva.com\/lbd\/wp-json\/wp\/v2\/tags?post=274"}],"curies":[{"name":"wp","href":"https:\/\/api.w.org\/{rel}","templated":true}]}}