{"id":27423,"date":"2018-03-14T12:14:30","date_gmt":"2018-03-14T15:14:30","guid":{"rendered":"http:\/\/labestiadeportiva.com\/lbd\/?p=27423"},"modified":"2018-03-14T13:11:21","modified_gmt":"2018-03-14T16:11:21","slug":"benja-en-el-campus-de-primavera-de-los-spurs","status":"publish","type":"post","link":"https:\/\/labestiadeportiva.com\/lbd\/benja-en-el-campus-de-primavera-de-los-spurs\/","title":{"rendered":"\u201cBenja\u201d en el Campus de Primavera de los Spurs"},"content":{"rendered":"<p><a href=\"http:\/\/labestiadeportiva.com\/lbd\/wp-content\/uploads\/2018\/03\/29216857_1769055283160999_7183952979747781617_n1.jpg\"><img loading=\"lazy\" class=\"aligncenter size-medium wp-image-27429\" src=\"http:\/\/labestiadeportiva.com\/lbd\/wp-content\/uploads\/2018\/03\/29216857_1769055283160999_7183952979747781617_n1-300x273.jpg\" alt=\"29216857_1769055283160999_7183952979747781617_n\" width=\"300\" height=\"273\" srcset=\"https:\/\/labestiadeportiva.com\/lbd\/wp-content\/uploads\/2018\/03\/29216857_1769055283160999_7183952979747781617_n1-300x273.jpg 300w, https:\/\/labestiadeportiva.com\/lbd\/wp-content\/uploads\/2018\/03\/29216857_1769055283160999_7183952979747781617_n1.jpg 540w\" sizes=\"(max-width: 300px) 100vw, 300px\" \/><\/a>Desde este lunes y hasta el pr\u00f3ximo jueves el joven ushuaiense Benjam\u00edn Ort\u00edz, jugador de 13 a\u00f1os del club Escuela N\u00ba 3, se encuentra realizando el Campus de Primavera para j\u00f3venes organizado por el equipo de San Antonio. La posibilidad surgi\u00f3 a mitad del viaje que realiza junto a su padre, el profesor Gonzalo Siracusa y su hijo Sasha, estudiante de Educaci\u00f3n F\u00edsica. Desde LBD nos comunicamos con el en busca de detalles.<\/p>\n<p>Como viene sucediendo con muchos argentinos amantes del b\u00e1squet y de \u201cManu\u201d Gin\u00f3bili Dar\u00edo \u201cNegro\u201d Ort\u00edz \u00a0y \u201cGonza\u201d Siracusa junto a sus hijos fueron en busca de poder observar los \u00faltimos partidos del basquetbolista argentino m\u00e1s importante de la historia juntos a su club los San Antonio Spurs.<\/p>\n<p><a href=\"http:\/\/labestiadeportiva.com\/lbd\/wp-content\/uploads\/2018\/03\/29214019_1769055396494321_667469319922523320_n.jpg\"><img loading=\"lazy\" class=\"aligncenter size-medium wp-image-27425\" src=\"http:\/\/labestiadeportiva.com\/lbd\/wp-content\/uploads\/2018\/03\/29214019_1769055396494321_667469319922523320_n-224x300.jpg\" alt=\"29214019_1769055396494321_667469319922523320_n\" width=\"224\" height=\"300\" srcset=\"https:\/\/labestiadeportiva.com\/lbd\/wp-content\/uploads\/2018\/03\/29214019_1769055396494321_667469319922523320_n-224x300.jpg 224w, https:\/\/labestiadeportiva.com\/lbd\/wp-content\/uploads\/2018\/03\/29214019_1769055396494321_667469319922523320_n.jpg 540w\" sizes=\"(max-width: 224px) 100vw, 224px\" \/><\/a>Seg\u00fan las propias palabras de Ort\u00edz (ex rugbier del URC y actual \u00e1rbitro de la URTF) a trav\u00e9s de la p\u00e1gina oficial de San Antonio se enter\u00f3 de la capacitaci\u00f3n y no dud\u00f3 en anotar a su hijo. Del campus forman parte alrededor de 150 chicos de 6 a 18 a\u00f1os de edad siendo el fueguino el \u00fanico extranjero presente. Los est\u00edmulos de los cuatro d\u00edas son intensivos con una importante carga de trabajo de 7 horas, de 9 a 16.<\/p>\n<p>Enorme e inolvidable experiencia para el \u201cpibe\u201d ushuaiense, realizar el Campus por donde a su edad pasaron jugadores como Parker, Anderson y Leonard entre otros.<\/p>\n<p><a href=\"http:\/\/labestiadeportiva.com\/lbd\/wp-content\/uploads\/2018\/03\/29178540_1769055346494326_948609825678516108_n.jpg\"><img loading=\"lazy\" class=\"aligncenter size-medium wp-image-27424\" src=\"http:\/\/labestiadeportiva.com\/lbd\/wp-content\/uploads\/2018\/03\/29178540_1769055346494326_948609825678516108_n-300x59.jpg\" alt=\"29178540_1769055346494326_948609825678516108_n\" width=\"300\" height=\"59\" srcset=\"https:\/\/labestiadeportiva.com\/lbd\/wp-content\/uploads\/2018\/03\/29178540_1769055346494326_948609825678516108_n-300x59.jpg 300w, https:\/\/labestiadeportiva.com\/lbd\/wp-content\/uploads\/2018\/03\/29178540_1769055346494326_948609825678516108_n.jpg 960w\" sizes=\"(max-width: 300px) 100vw, 300px\" \/><\/a><\/p>\n<div class='epvc-post-count'><span class='epvc-eye'><\/span>  <span class=\"epvc-count\"> 2.203<\/span><span class='epvc-label'> veces le\u00edda<\/span><\/div>\n<div class=\"jwsharethis\">\nShare this: \n<br \/>\n<a href=\"mailto:?subject=%E2%80%9CBenja%E2%80%9D%20en%20el%20Campus%20de%20Primavera%20de%20los%20Spurs&amp;body=https%3A%2F%2Flabestiadeportiva.com%2Flbd%2Fbenja-en-el-campus-de-primavera-de-los-spurs%2F\">\n<img src=\"https:\/\/labestiadeportiva.com\/lbd\/wp-content\/plugins\/jw-share-this\/email.png\" alt=\"Share this page via Email\" \/>\n<\/a>\n<a target=\"_blank\" href=\"http:\/\/www.stumbleupon.com\/submit?url=https%3A%2F%2Flabestiadeportiva.com%2Flbd%2Fbenja-en-el-campus-de-primavera-de-los-spurs%2F&amp;title=%E2%80%9CBenja%E2%80%9D+en+el+Campus+de+Primavera+de+los+Spurs\">\n<img src=\"https:\/\/labestiadeportiva.com\/lbd\/wp-content\/plugins\/jw-share-this\/su.png\" alt=\"Share this page via Stumble Upon\" \/>\n<\/a>\n<a target=\"_blank\" href=\"http:\/\/digg.com\/submit?url=https%3A%2F%2Flabestiadeportiva.com%2Flbd%2Fbenja-en-el-campus-de-primavera-de-los-spurs%2F&amp;title=%E2%80%9CBenja%E2%80%9D+en+el+Campus+de+Primavera+de+los+Spurs\">\n<img src=\"https:\/\/labestiadeportiva.com\/lbd\/wp-content\/plugins\/jw-share-this\/digg.png\" alt=\"Share this page via Digg this\" \/>\n<\/a>\n<a target=\"_blank\" href=\"http:\/\/www.facebook.com\/sharer.php?u=https%3A%2F%2Flabestiadeportiva.com%2Flbd%2Fbenja-en-el-campus-de-primavera-de-los-spurs%2F&amp;t=%E2%80%9CBenja%E2%80%9D+en+el+Campus+de+Primavera+de+los+Spurs\">\n<img src=\"https:\/\/labestiadeportiva.com\/lbd\/wp-content\/plugins\/jw-share-this\/fb.png\" alt=\"Share this page via Facebook\" \/>\n<\/a>\n<a target=\"_blank\" href=\"http:\/\/twitter.com\/intent\/tweet?text=I+like+https%3A%2F%2Flabestiadeportiva.com%2Flbd%2Fbenja-en-el-campus-de-primavera-de-los-spurs%2F&amp;title=%E2%80%9CBenja%E2%80%9D+en+el+Campus+de+Primavera+de+los+Spurs\">\n<img src=\"https:\/\/labestiadeportiva.com\/lbd\/wp-content\/plugins\/jw-share-this\/twitter.png\" alt=\"Share this page via Twitter\" \/>\n<\/a>\n<\/div>\n","protected":false},"excerpt":{"rendered":"<p>Desde este lunes y hasta el pr\u00f3ximo jueves el joven ushuaiense Benjam\u00edn Ort\u00edz, jugador de 13 a\u00f1os del club Escuela N\u00ba 3, se encuentra realizando el Campus de Primavera para j\u00f3venes organizado por el equipo de San Antonio. La posibilidad surgi\u00f3 a mitad del viaje que realiza junto a su padre, el profesor Gonzalo Siracusa &hellip; <a href=\"https:\/\/labestiadeportiva.com\/lbd\/benja-en-el-campus-de-primavera-de-los-spurs\/\" class=\"more-link\">Seguir leyendo <span class=\"screen-reader-text\">\u201cBenja\u201d en el Campus de Primavera de los Spurs<\/span> <span class=\"meta-nav\">&rarr;<\/span><\/a><\/p>\n","protected":false},"author":1,"featured_media":27429,"comment_status":"open","ping_status":"open","sticky":false,"template":"","format":"standard","meta":[],"categories":[2432,5,4,1],"tags":[171,3518,3516,83,3517],"_links":{"self":[{"href":"https:\/\/labestiadeportiva.com\/lbd\/wp-json\/wp\/v2\/posts\/27423"}],"collection":[{"href":"https:\/\/labestiadeportiva.com\/lbd\/wp-json\/wp\/v2\/posts"}],"about":[{"href":"https:\/\/labestiadeportiva.com\/lbd\/wp-json\/wp\/v2\/types\/post"}],"author":[{"embeddable":true,"href":"https:\/\/labestiadeportiva.com\/lbd\/wp-json\/wp\/v2\/users\/1"}],"replies":[{"embeddable":true,"href":"https:\/\/labestiadeportiva.com\/lbd\/wp-json\/wp\/v2\/comments?post=27423"}],"version-history":[{"count":4,"href":"https:\/\/labestiadeportiva.com\/lbd\/wp-json\/wp\/v2\/posts\/27423\/revisions"}],"predecessor-version":[{"id":27431,"href":"https:\/\/labestiadeportiva.com\/lbd\/wp-json\/wp\/v2\/posts\/27423\/revisions\/27431"}],"wp:featuredmedia":[{"embeddable":true,"href":"https:\/\/labestiadeportiva.com\/lbd\/wp-json\/wp\/v2\/media\/27429"}],"wp:attachment":[{"href":"https:\/\/labestiadeportiva.com\/lbd\/wp-json\/wp\/v2\/media?parent=27423"}],"wp:term":[{"taxonomy":"category","embeddable":true,"href":"https:\/\/labestiadeportiva.com\/lbd\/wp-json\/wp\/v2\/categories?post=27423"},{"taxonomy":"post_tag","embeddable":true,"href":"https:\/\/labestiadeportiva.com\/lbd\/wp-json\/wp\/v2\/tags?post=27423"}],"curies":[{"name":"wp","href":"https:\/\/api.w.org\/{rel}","templated":true}]}}