{"id":27823,"date":"2018-04-11T13:17:48","date_gmt":"2018-04-11T16:17:48","guid":{"rendered":"http:\/\/labestiadeportiva.com\/lbd\/?p=27823"},"modified":"2018-04-11T13:17:48","modified_gmt":"2018-04-11T16:17:48","slug":"sabado-sonado-para-el-2-de-abril","status":"publish","type":"post","link":"https:\/\/labestiadeportiva.com\/lbd\/sabado-sonado-para-el-2-de-abril\/","title":{"rendered":"S\u00e1bado so\u00f1ado para el \u00ab2 de Abril\u00bb"},"content":{"rendered":"<p><a href=\"http:\/\/labestiadeportiva.com\/lbd\/wp-content\/uploads\/2018\/04\/30652709_1800609246672269_3486068918917559614_n.jpg\"><img loading=\"lazy\" class=\"aligncenter size-medium wp-image-27824\" src=\"http:\/\/labestiadeportiva.com\/lbd\/wp-content\/uploads\/2018\/04\/30652709_1800609246672269_3486068918917559614_n-300x225.jpg\" alt=\"30652709_1800609246672269_3486068918917559614_n\" width=\"300\" height=\"225\" srcset=\"https:\/\/labestiadeportiva.com\/lbd\/wp-content\/uploads\/2018\/04\/30652709_1800609246672269_3486068918917559614_n-300x225.jpg 300w, https:\/\/labestiadeportiva.com\/lbd\/wp-content\/uploads\/2018\/04\/30652709_1800609246672269_3486068918917559614_n.jpg 960w\" sizes=\"(max-width: 300px) 100vw, 300px\" \/><\/a>El fin de semana se vivi\u00f3 una hist\u00f3rica jornada en el pol\u00edgono de nuestra ciudad. Visita de autoridades, que realizaron importantes anuncios, inauguraci\u00f3n de mejoras y torneos de carabina, grueso calibre y tiro pr\u00e1ctico las principales actividades. Promisorio comienzo de temporada para la actividad.<!--more--><\/p>\n<p>Minutos despu\u00e9s de las 10 de la ma\u00f1ana del s\u00e1bado el intendente Walter Vuoto, Concejales, autoridades de diferentes fuerzas y ex Combatientes junto a los dirigentes y tiradores del Tiro Federal protagonizaron el acto que marc\u00f3 el comienzo de la jornada.<\/p>\n<p><a href=\"http:\/\/labestiadeportiva.com\/lbd\/wp-content\/uploads\/2018\/04\/30656270_1800609160005611_2188060662441813635_n.jpg\"><img loading=\"lazy\" class=\"aligncenter size-medium wp-image-27825\" src=\"http:\/\/labestiadeportiva.com\/lbd\/wp-content\/uploads\/2018\/04\/30656270_1800609160005611_2188060662441813635_n-300x169.jpg\" alt=\"30656270_1800609160005611_2188060662441813635_n\" width=\"300\" height=\"169\" srcset=\"https:\/\/labestiadeportiva.com\/lbd\/wp-content\/uploads\/2018\/04\/30656270_1800609160005611_2188060662441813635_n-300x169.jpg 300w, https:\/\/labestiadeportiva.com\/lbd\/wp-content\/uploads\/2018\/04\/30656270_1800609160005611_2188060662441813635_n.jpg 960w\" sizes=\"(max-width: 300px) 100vw, 300px\" \/><\/a>En cuanto a lo deportivo se realizaron torneos de Carabina 22 Bench, Grueso Calibre y Tiro Pr\u00e1ctico, en esta modalidad a modo de cierre se realiz\u00f3 una competencia interfuerzas.<\/p>\n<p>En cuanto a los ganadores podemos citar en Carabina donde en Bench David Nahuz fue el mejor mientras que Iv\u00e1n Mart\u00edn se impuso en miras abiertas, \u00a0en grueso calibre marc\u00f3 el regreso con victoria de su m\u00e1ximo exponente local y nacional durante muchos a\u00f1os Roberto Varas, al aire libre el Tiro Pr\u00e1ctico present\u00f3 casi 30 tiradores con Edgardo Avinceta como el m\u00e1s preciso. Finalmente el Interfuerzas entreg\u00f3 48 participantes, en el plano individual Aldo Castro fue el mejor, a la hora de la versi\u00f3n por equipos \u201cGendarmer\u00eda 2\u201d conformado por Castro\/N\u00fa\u00f1ez y Amarilla fueron los vencedores.<\/p>\n<p><a href=\"http:\/\/labestiadeportiva.com\/lbd\/wp-content\/uploads\/2018\/04\/30688186_1800609356672258_7265681505604915670_n.jpg\"><img loading=\"lazy\" class=\"aligncenter size-medium wp-image-27826\" src=\"http:\/\/labestiadeportiva.com\/lbd\/wp-content\/uploads\/2018\/04\/30688186_1800609356672258_7265681505604915670_n-300x225.jpg\" alt=\"30688186_1800609356672258_7265681505604915670_n\" width=\"300\" height=\"225\" srcset=\"https:\/\/labestiadeportiva.com\/lbd\/wp-content\/uploads\/2018\/04\/30688186_1800609356672258_7265681505604915670_n-300x225.jpg 300w, https:\/\/labestiadeportiva.com\/lbd\/wp-content\/uploads\/2018\/04\/30688186_1800609356672258_7265681505604915670_n.jpg 960w\" sizes=\"(max-width: 300px) 100vw, 300px\" \/><\/a>Volviendo a las mejoras podemos contar que se instal\u00f3 una m\u00e1quina autom\u00e1tica \u00a0de FBi de 4 blancos, asimismo se colocaron c\u00e1maras en todas las l\u00edneas de Carabina 22 a 50 metros lo cu\u00e1l permite visualizar los blancos a trav\u00e9s de los monitores asimismo tambi\u00e9n se ubicaron c\u00e1maras en las l\u00edneas de fusil a 50, 100 y 150 metros.<\/p>\n<p>A partir de ahora todas las l\u00edneas de armas largas cuentan con monitores individuales evitando as\u00ed el uso de elementos \u00f3pticos pudiendo ver los blancos con total claridad. Tambi\u00e9n recibi\u00f3 mejoras el sector de Tiro Pr\u00e1ctico donde se construyeron nuevos mamparos permitiendo el mejor armado de las pistas y \u00a0visibilidad para el p\u00fablico.<\/p>\n<p><a href=\"http:\/\/labestiadeportiva.com\/lbd\/wp-content\/uploads\/2018\/04\/30656561_1800677579998769_3815822511279032358_n.jpg\"><img loading=\"lazy\" class=\"aligncenter size-medium wp-image-27827\" src=\"http:\/\/labestiadeportiva.com\/lbd\/wp-content\/uploads\/2018\/04\/30656561_1800677579998769_3815822511279032358_n-300x154.jpg\" alt=\"30656561_1800677579998769_3815822511279032358_n\" width=\"300\" height=\"154\" srcset=\"https:\/\/labestiadeportiva.com\/lbd\/wp-content\/uploads\/2018\/04\/30656561_1800677579998769_3815822511279032358_n-300x154.jpg 300w, https:\/\/labestiadeportiva.com\/lbd\/wp-content\/uploads\/2018\/04\/30656561_1800677579998769_3815822511279032358_n.jpg 960w\" sizes=\"(max-width: 300px) 100vw, 300px\" \/><\/a>El intendente de la ciudad anunci\u00f3 que en breve se crear\u00e1 la escuela municipal de tiro a cargo del Instituto Municipal de Deportes. La misma funcionar\u00e1 en alguno de los gimnasios con l\u00edneas de aire comprimido.<\/p>\n<p>Importante comienzo de temporada para este deporte quien con compromiso y trabajo de sus dirigentes, socios y practicantes cuenta con un gran presente. Digno de imitar.<\/p>\n<p><a href=\"http:\/\/labestiadeportiva.com\/lbd\/wp-content\/uploads\/2018\/04\/30581303_1800677689998758_3573402070270541765_n.jpg\"><img loading=\"lazy\" class=\"aligncenter size-medium wp-image-27829\" src=\"http:\/\/labestiadeportiva.com\/lbd\/wp-content\/uploads\/2018\/04\/30581303_1800677689998758_3573402070270541765_n-300x176.jpg\" alt=\"30581303_1800677689998758_3573402070270541765_n\" width=\"300\" height=\"176\" srcset=\"https:\/\/labestiadeportiva.com\/lbd\/wp-content\/uploads\/2018\/04\/30581303_1800677689998758_3573402070270541765_n-300x176.jpg 300w, https:\/\/labestiadeportiva.com\/lbd\/wp-content\/uploads\/2018\/04\/30581303_1800677689998758_3573402070270541765_n.jpg 960w\" sizes=\"(max-width: 300px) 100vw, 300px\" \/><\/a><\/p>\n<div class='epvc-post-count'><span class='epvc-eye'><\/span>  <span class=\"epvc-count\"> 1.108<\/span><span class='epvc-label'> veces le\u00edda<\/span><\/div>\n<div class=\"jwsharethis\">\nShare this: \n<br \/>\n<a href=\"mailto:?subject=S%C3%A1bado%20so%C3%B1ado%20para%20el%20%C2%AB2%20de%20Abril%C2%BB&amp;body=https%3A%2F%2Flabestiadeportiva.com%2Flbd%2Fsabado-sonado-para-el-2-de-abril%2F\">\n<img src=\"https:\/\/labestiadeportiva.com\/lbd\/wp-content\/plugins\/jw-share-this\/email.png\" alt=\"Share this page via Email\" \/>\n<\/a>\n<a target=\"_blank\" href=\"http:\/\/www.stumbleupon.com\/submit?url=https%3A%2F%2Flabestiadeportiva.com%2Flbd%2Fsabado-sonado-para-el-2-de-abril%2F&amp;title=S%C3%A1bado+so%C3%B1ado+para+el+%C2%AB2+de+Abril%C2%BB\">\n<img src=\"https:\/\/labestiadeportiva.com\/lbd\/wp-content\/plugins\/jw-share-this\/su.png\" alt=\"Share this page via Stumble Upon\" \/>\n<\/a>\n<a target=\"_blank\" href=\"http:\/\/digg.com\/submit?url=https%3A%2F%2Flabestiadeportiva.com%2Flbd%2Fsabado-sonado-para-el-2-de-abril%2F&amp;title=S%C3%A1bado+so%C3%B1ado+para+el+%C2%AB2+de+Abril%C2%BB\">\n<img src=\"https:\/\/labestiadeportiva.com\/lbd\/wp-content\/plugins\/jw-share-this\/digg.png\" alt=\"Share this page via Digg this\" \/>\n<\/a>\n<a target=\"_blank\" href=\"http:\/\/www.facebook.com\/sharer.php?u=https%3A%2F%2Flabestiadeportiva.com%2Flbd%2Fsabado-sonado-para-el-2-de-abril%2F&amp;t=S%C3%A1bado+so%C3%B1ado+para+el+%C2%AB2+de+Abril%C2%BB\">\n<img src=\"https:\/\/labestiadeportiva.com\/lbd\/wp-content\/plugins\/jw-share-this\/fb.png\" alt=\"Share this page via Facebook\" \/>\n<\/a>\n<a target=\"_blank\" href=\"http:\/\/twitter.com\/intent\/tweet?text=I+like+https%3A%2F%2Flabestiadeportiva.com%2Flbd%2Fsabado-sonado-para-el-2-de-abril%2F&amp;title=S%C3%A1bado+so%C3%B1ado+para+el+%C2%AB2+de+Abril%C2%BB\">\n<img src=\"https:\/\/labestiadeportiva.com\/lbd\/wp-content\/plugins\/jw-share-this\/twitter.png\" alt=\"Share this page via Twitter\" \/>\n<\/a>\n<\/div>\n","protected":false},"excerpt":{"rendered":"<p>El fin de semana se vivi\u00f3 una hist\u00f3rica jornada en el pol\u00edgono de nuestra ciudad. Visita de autoridades, que realizaron importantes anuncios, inauguraci\u00f3n de mejoras y torneos de carabina, grueso calibre y tiro pr\u00e1ctico las principales actividades. Promisorio comienzo de temporada para la actividad. 1.108 veces le\u00edda Share this:<\/p>\n","protected":false},"author":1,"featured_media":27824,"comment_status":"open","ping_status":"open","sticky":false,"template":"","format":"standard","meta":[],"categories":[5,1,2445],"tags":[3560,83,670],"_links":{"self":[{"href":"https:\/\/labestiadeportiva.com\/lbd\/wp-json\/wp\/v2\/posts\/27823"}],"collection":[{"href":"https:\/\/labestiadeportiva.com\/lbd\/wp-json\/wp\/v2\/posts"}],"about":[{"href":"https:\/\/labestiadeportiva.com\/lbd\/wp-json\/wp\/v2\/types\/post"}],"author":[{"embeddable":true,"href":"https:\/\/labestiadeportiva.com\/lbd\/wp-json\/wp\/v2\/users\/1"}],"replies":[{"embeddable":true,"href":"https:\/\/labestiadeportiva.com\/lbd\/wp-json\/wp\/v2\/comments?post=27823"}],"version-history":[{"count":1,"href":"https:\/\/labestiadeportiva.com\/lbd\/wp-json\/wp\/v2\/posts\/27823\/revisions"}],"predecessor-version":[{"id":27830,"href":"https:\/\/labestiadeportiva.com\/lbd\/wp-json\/wp\/v2\/posts\/27823\/revisions\/27830"}],"wp:featuredmedia":[{"embeddable":true,"href":"https:\/\/labestiadeportiva.com\/lbd\/wp-json\/wp\/v2\/media\/27824"}],"wp:attachment":[{"href":"https:\/\/labestiadeportiva.com\/lbd\/wp-json\/wp\/v2\/media?parent=27823"}],"wp:term":[{"taxonomy":"category","embeddable":true,"href":"https:\/\/labestiadeportiva.com\/lbd\/wp-json\/wp\/v2\/categories?post=27823"},{"taxonomy":"post_tag","embeddable":true,"href":"https:\/\/labestiadeportiva.com\/lbd\/wp-json\/wp\/v2\/tags?post=27823"}],"curies":[{"name":"wp","href":"https:\/\/api.w.org\/{rel}","templated":true}]}}