{"id":27951,"date":"2018-04-27T11:57:45","date_gmt":"2018-04-27T14:57:45","guid":{"rendered":"http:\/\/labestiadeportiva.com\/lbd\/?p=27951"},"modified":"2018-04-27T11:59:49","modified_gmt":"2018-04-27T14:59:49","slug":"se-inscribe-para-la-liga-pre-evita-de-basquet-y-voley","status":"publish","type":"post","link":"https:\/\/labestiadeportiva.com\/lbd\/se-inscribe-para-la-liga-pre-evita-de-basquet-y-voley\/","title":{"rendered":"Se inscribe para la Liga Pre Evita de b\u00e1squet y v\u00f3ley"},"content":{"rendered":"<p class=\"yiv9202294358MsoNormal\"><span lang=\"ES-AR\"><a href=\"http:\/\/labestiadeportiva.com\/lbd\/wp-content\/uploads\/2018\/04\/basquet3.jpg\"><img loading=\"lazy\" class=\"aligncenter size-medium wp-image-27953\" src=\"http:\/\/labestiadeportiva.com\/lbd\/wp-content\/uploads\/2018\/04\/basquet3-300x200.jpg\" alt=\"basquet3\" width=\"300\" height=\"200\" srcset=\"https:\/\/labestiadeportiva.com\/lbd\/wp-content\/uploads\/2018\/04\/basquet3-300x200.jpg 300w, https:\/\/labestiadeportiva.com\/lbd\/wp-content\/uploads\/2018\/04\/basquet3.jpg 960w\" sizes=\"(max-width: 300px) 100vw, 300px\" \/><\/a>Con la organizaci\u00f3n conjunta del Instituto Municipal de Deportes y la Secretar\u00eda Provincial de Deportes se pondr\u00e1 en breve la competencia en ambas disciplinas. Se inscribir\u00e1 v\u00eda mail a trav\u00e9s de prensaIMD@ushuaia.gob.ar y deportesocialushuaia@gmail.com La inscripci\u00f3n se encuentra abierta y se extender\u00e1hasta el jueves 3 de mayo. Desde LBD todos los detalles.<!--more-->Emulando a la flamante Liga Municipal de F\u00fatbol Infantil en poco m\u00e1s de un mes la experiencia se ampliar\u00e1 al b\u00e1squet y v\u00f3ley.<\/span><\/p>\n<p class=\"yiv9202294358MsoNormal\"><span lang=\"ES-AR\">Sus principales objetivos ser\u00e1n la diversi\u00f3n y contenci\u00f3n de ni\u00f1os y j\u00f3venes.<\/span><\/p>\n<p class=\"yiv9202294358MsoNormal\"><span lang=\"ES-AR\">Asimismo servir\u00e1 para generar rodaje y vol\u00famen de juego a los futuros participantes de las competencias nacionales Juegos Evita y EPADE.<\/span><\/p>\n<p class=\"yiv9202294358MsoNormal\"><span lang=\"ES-AR\">En esta oportunidad la inscripci\u00f3n se realizar\u00e1 v\u00eda mail, donde los interesados deber\u00e1n enviar sus intenciones de participar para luego recibir las planillas a completar con la lista de buena fe, nombre del delegado y n\u00famero de contacto. <\/span><\/p>\n<p class=\"yiv9202294358MsoNormal\"><span lang=\"ES-AR\">En ese mismo correo recibir\u00e1n los reglamentos con que van a desarrollarse ambas disciplinas, m\u00e1s la documentaci\u00f3n que se deber\u00e1 presentar.<\/span><span lang=\"ES-AR\">\u00a0<\/span><\/p>\n<p class=\"yiv9202294358MsoNormal\"><span lang=\"ES-AR\">En cuanto a los requisitos y detalles por disciplina ser\u00e1n:<\/span><\/p>\n<p class=\"yiv9202294358MsoNormal\">Liga de V\u00f3ley (masculino y femenino):<\/p>\n<p class=\"yiv9202294358MsoNormal\"><span lang=\"ES-AR\">\u00a0<\/span>Categor\u00edas: Mini (modalidad encuentro 8 a 13 a\u00f1os) en este caso no se necesitar\u00e1 inscripci\u00f3n por planilla. La misma se har\u00e1 enviando un mensaje al 15474194 expresando la intenci\u00f3n de participar.<\/p>\n<p class=\"yiv9202294358MsoNormal\"><span lang=\"ES-AR\">Sub 15 (2003\/04) modalidad competitivo.<\/span><span lang=\"ES-AR\">\u00a0<\/span><\/p>\n<p class=\"yiv9202294358MsoNormal\">Sub 17 (2001\/02) modalidad competitivo.<\/p>\n<p class=\"yiv9202294358MsoNormal\">Liga de B\u00e1squet (mixto):<\/p>\n<p class=\"yiv9202294358MsoNormal\"><span lang=\"ES-AR\">\u00a0<\/span>Categor\u00edas: Sub 12 (2006\/07), modalidad 5&#215;5<\/p>\n<p class=\"yiv9202294358MsoNormal\"><span lang=\"ES-AR\">\u00a0<\/span>Sub 15 (2003\/04), b\u00e1squet 3&#215;3, modalidad adaptado (silla de ruedas).<\/p>\n<p class=\"yiv9202294358MsoNormal\"><span lang=\"ES-AR\">Los participantes deber\u00e1n contar con carnet del Polideportivo, o en caso de no tenerlo o no llegar a tiempo con la revisaci\u00f3n, el profesor deber\u00e1 asegurarse de presentar el apto f\u00edsico de cada jugador.<\/span><\/p>\n<p class=\"yiv9202294358MsoNormal\">Fotocopia del DNI y una foto de cada jugador (tomada con el celular) para poder realizar el carnet. La inscripci\u00f3n finaliza el pr\u00f3ximo 3 de mayo.<\/p>\n<p class=\"yiv9202294358MsoNormal\"><span lang=\"ES-AR\">Mails de contacto:\u00a0<\/span><a href=\"mailto:prensa.IMD@ushuaia.gob.ar\" target=\"_blank\" rel=\"nofollow\"><span lang=\"ES-AR\">prensa.IMD@ushuaia.gob.ar<\/span><\/a><span lang=\"ES-AR\">\u00a0y\u00a0<\/span><a href=\"mailto:deportesocialushuaia@gmail.com\" target=\"_blank\" rel=\"nofollow\"><span lang=\"ES-AR\">deportesocialushuaia@gmail.com<\/span><\/a><\/p>\n<p class=\"yiv9202294358MsoNormal\"><span lang=\"ES-AR\">\u00a0<\/span><\/p>\n<div class='epvc-post-count'><span class='epvc-eye'><\/span>  <span class=\"epvc-count\"> 1.367<\/span><span class='epvc-label'> veces le\u00edda<\/span><\/div>\n<div class=\"jwsharethis\">\nShare this: \n<br \/>\n<a href=\"mailto:?subject=Se%20inscribe%20para%20la%20Liga%20Pre%20Evita%20de%20b%C3%A1squet%20y%20v%C3%B3ley&amp;body=https%3A%2F%2Flabestiadeportiva.com%2Flbd%2Fse-inscribe-para-la-liga-pre-evita-de-basquet-y-voley%2F\">\n<img src=\"https:\/\/labestiadeportiva.com\/lbd\/wp-content\/plugins\/jw-share-this\/email.png\" alt=\"Share this page via Email\" \/>\n<\/a>\n<a target=\"_blank\" href=\"http:\/\/www.stumbleupon.com\/submit?url=https%3A%2F%2Flabestiadeportiva.com%2Flbd%2Fse-inscribe-para-la-liga-pre-evita-de-basquet-y-voley%2F&amp;title=Se+inscribe+para+la+Liga+Pre+Evita+de+b%C3%A1squet+y+v%C3%B3ley\">\n<img src=\"https:\/\/labestiadeportiva.com\/lbd\/wp-content\/plugins\/jw-share-this\/su.png\" alt=\"Share this page via Stumble Upon\" \/>\n<\/a>\n<a target=\"_blank\" href=\"http:\/\/digg.com\/submit?url=https%3A%2F%2Flabestiadeportiva.com%2Flbd%2Fse-inscribe-para-la-liga-pre-evita-de-basquet-y-voley%2F&amp;title=Se+inscribe+para+la+Liga+Pre+Evita+de+b%C3%A1squet+y+v%C3%B3ley\">\n<img src=\"https:\/\/labestiadeportiva.com\/lbd\/wp-content\/plugins\/jw-share-this\/digg.png\" alt=\"Share this page via Digg this\" \/>\n<\/a>\n<a target=\"_blank\" href=\"http:\/\/www.facebook.com\/sharer.php?u=https%3A%2F%2Flabestiadeportiva.com%2Flbd%2Fse-inscribe-para-la-liga-pre-evita-de-basquet-y-voley%2F&amp;t=Se+inscribe+para+la+Liga+Pre+Evita+de+b%C3%A1squet+y+v%C3%B3ley\">\n<img src=\"https:\/\/labestiadeportiva.com\/lbd\/wp-content\/plugins\/jw-share-this\/fb.png\" alt=\"Share this page via Facebook\" \/>\n<\/a>\n<a target=\"_blank\" href=\"http:\/\/twitter.com\/intent\/tweet?text=I+like+https%3A%2F%2Flabestiadeportiva.com%2Flbd%2Fse-inscribe-para-la-liga-pre-evita-de-basquet-y-voley%2F&amp;title=Se+inscribe+para+la+Liga+Pre+Evita+de+b%C3%A1squet+y+v%C3%B3ley\">\n<img src=\"https:\/\/labestiadeportiva.com\/lbd\/wp-content\/plugins\/jw-share-this\/twitter.png\" alt=\"Share this page via Twitter\" \/>\n<\/a>\n<\/div>\n","protected":false},"excerpt":{"rendered":"<p>Con la organizaci\u00f3n conjunta del Instituto Municipal de Deportes y la Secretar\u00eda Provincial de Deportes se pondr\u00e1 en breve la competencia en ambas disciplinas. Se inscribir\u00e1 v\u00eda mail a trav\u00e9s de prensaIMD@ushuaia.gob.ar y deportesocialushuaia@gmail.com La inscripci\u00f3n se encuentra abierta y se extender\u00e1hasta el jueves 3 de mayo. Desde LBD todos los detalles. 1.367 veces le\u00edda &hellip; <a href=\"https:\/\/labestiadeportiva.com\/lbd\/se-inscribe-para-la-liga-pre-evita-de-basquet-y-voley\/\" class=\"more-link\">Seguir leyendo <span class=\"screen-reader-text\">Se inscribe para la Liga Pre Evita de b\u00e1squet y v\u00f3ley<\/span> <span class=\"meta-nav\">&rarr;<\/span><\/a><\/p>\n","protected":false},"author":1,"featured_media":27953,"comment_status":"open","ping_status":"open","sticky":false,"template":"","format":"standard","meta":[],"categories":[2432,5,2651,1,3555,1087,207],"tags":[3570,83,3571],"_links":{"self":[{"href":"https:\/\/labestiadeportiva.com\/lbd\/wp-json\/wp\/v2\/posts\/27951"}],"collection":[{"href":"https:\/\/labestiadeportiva.com\/lbd\/wp-json\/wp\/v2\/posts"}],"about":[{"href":"https:\/\/labestiadeportiva.com\/lbd\/wp-json\/wp\/v2\/types\/post"}],"author":[{"embeddable":true,"href":"https:\/\/labestiadeportiva.com\/lbd\/wp-json\/wp\/v2\/users\/1"}],"replies":[{"embeddable":true,"href":"https:\/\/labestiadeportiva.com\/lbd\/wp-json\/wp\/v2\/comments?post=27951"}],"version-history":[{"count":1,"href":"https:\/\/labestiadeportiva.com\/lbd\/wp-json\/wp\/v2\/posts\/27951\/revisions"}],"predecessor-version":[{"id":27954,"href":"https:\/\/labestiadeportiva.com\/lbd\/wp-json\/wp\/v2\/posts\/27951\/revisions\/27954"}],"wp:featuredmedia":[{"embeddable":true,"href":"https:\/\/labestiadeportiva.com\/lbd\/wp-json\/wp\/v2\/media\/27953"}],"wp:attachment":[{"href":"https:\/\/labestiadeportiva.com\/lbd\/wp-json\/wp\/v2\/media?parent=27951"}],"wp:term":[{"taxonomy":"category","embeddable":true,"href":"https:\/\/labestiadeportiva.com\/lbd\/wp-json\/wp\/v2\/categories?post=27951"},{"taxonomy":"post_tag","embeddable":true,"href":"https:\/\/labestiadeportiva.com\/lbd\/wp-json\/wp\/v2\/tags?post=27951"}],"curies":[{"name":"wp","href":"https:\/\/api.w.org\/{rel}","templated":true}]}}