{"id":28185,"date":"2018-05-16T15:05:12","date_gmt":"2018-05-16T18:05:12","guid":{"rendered":"http:\/\/labestiadeportiva.com\/lbd\/?p=28185"},"modified":"2018-05-16T15:08:32","modified_gmt":"2018-05-16T18:08:32","slug":"gds-inaugura-oficialmente-la-temporada-el-proximo-sabado","status":"publish","type":"post","link":"https:\/\/labestiadeportiva.com\/lbd\/gds-inaugura-oficialmente-la-temporada-el-proximo-sabado\/","title":{"rendered":"GDS inaugura oficialmente la temporada el pr\u00f3ximo s\u00e1bado"},"content":{"rendered":"<p><a href=\"http:\/\/labestiadeportiva.com\/lbd\/wp-content\/uploads\/2018\/05\/32668023_1837047256361801_2470560876235587584_n.jpg\"><img loading=\"lazy\" class=\"aligncenter size-medium wp-image-28189\" src=\"http:\/\/labestiadeportiva.com\/lbd\/wp-content\/uploads\/2018\/05\/32668023_1837047256361801_2470560876235587584_n-300x242.jpg\" alt=\"32668023_1837047256361801_2470560876235587584_n\" width=\"300\" height=\"242\" srcset=\"https:\/\/labestiadeportiva.com\/lbd\/wp-content\/uploads\/2018\/05\/32668023_1837047256361801_2470560876235587584_n-300x242.jpg 300w, https:\/\/labestiadeportiva.com\/lbd\/wp-content\/uploads\/2018\/05\/32668023_1837047256361801_2470560876235587584_n.jpg 594w\" sizes=\"(max-width: 300px) 100vw, 300px\" \/><\/a>El pr\u00f3ximo s\u00e1bado 19 se inaugurar\u00e1 oficialmente el invierno 2018 para el Complejo Yamana Bar &amp; Pat\u00edn. Exhibiciones, show musical y juegos las trincipales actividades programadas a partir de la cinco de la tarde. La pista funcionar\u00e1 todos los d\u00edas hasta la medianoche.<!--more--><\/p>\n<p><!--more--><\/p>\n<p><!--more--><\/p>\n<p>Yamana Bar &amp; Pat\u00edn inaugurar\u00e1 oficialmente la temporada de invierno que incluye los servicios de gastronom\u00eda habituales, y suma la apertura formal de la pista de patinaje sobre hielo Carlos \u201cTachuela\u201d Oyarz\u00fan.<\/p>\n<p>La cita ser\u00e1 el pr\u00f3ximo s\u00e1bado a partir de las 17 horas en las instalaciones del complejo (12 de Octubre 90).<\/p>\n<p>Con el objetivo de vivir una tarde distinta, habr\u00e1 espect\u00e1culos, juegos, m\u00fasica en vivo y muchas sorpresas para toda la familia.<\/p>\n<p>Adem\u00e1s, se ofrecer\u00e1 chocolate caliente de manera gratuita en inmediaciones de la pista.<\/p>\n<p><span style=\"color: #0000ff;\">Agenda:<\/span><\/p>\n<p>17.00 Inauguraci\u00f3n oficial con autoridades<\/p>\n<p>17.30 Exhibici\u00f3n de Pat\u00edn Art\u00edstico + Chocolate caliente<\/p>\n<p>18.00 Show Musical<\/p>\n<p>18.30 Juegos en pista (Burbugol, tiro al arco)<\/p>\n<p>19.00 DJ en vivo<\/p>\n<p><a href=\"http:\/\/labestiadeportiva.com\/lbd\/wp-content\/uploads\/2018\/05\/32701879_1837047299695130_8084612053035122688_n.jpg\"><img loading=\"lazy\" class=\"aligncenter size-medium wp-image-28190\" src=\"http:\/\/labestiadeportiva.com\/lbd\/wp-content\/uploads\/2018\/05\/32701879_1837047299695130_8084612053035122688_n-300x175.jpg\" alt=\"32701879_1837047299695130_8084612053035122688_n\" width=\"300\" height=\"175\" srcset=\"https:\/\/labestiadeportiva.com\/lbd\/wp-content\/uploads\/2018\/05\/32701879_1837047299695130_8084612053035122688_n-300x175.jpg 300w, https:\/\/labestiadeportiva.com\/lbd\/wp-content\/uploads\/2018\/05\/32701879_1837047299695130_8084612053035122688_n.jpg 640w\" sizes=\"(max-width: 300px) 100vw, 300px\" \/><\/a><\/p>\n<p>&nbsp;<\/p>\n<div class='epvc-post-count'><span class='epvc-eye'><\/span>  <span class=\"epvc-count\"> 1.445<\/span><span class='epvc-label'> veces le\u00edda<\/span><\/div>\n<div class=\"jwsharethis\">\nShare this: \n<br \/>\n<a href=\"mailto:?subject=GDS%20inaugura%20oficialmente%20la%20temporada%20el%20pr%C3%B3ximo%20s%C3%A1bado&amp;body=https%3A%2F%2Flabestiadeportiva.com%2Flbd%2Fgds-inaugura-oficialmente-la-temporada-el-proximo-sabado%2F\">\n<img src=\"https:\/\/labestiadeportiva.com\/lbd\/wp-content\/plugins\/jw-share-this\/email.png\" alt=\"Share this page via Email\" \/>\n<\/a>\n<a target=\"_blank\" href=\"http:\/\/www.stumbleupon.com\/submit?url=https%3A%2F%2Flabestiadeportiva.com%2Flbd%2Fgds-inaugura-oficialmente-la-temporada-el-proximo-sabado%2F&amp;title=GDS+inaugura+oficialmente+la+temporada+el+pr%C3%B3ximo+s%C3%A1bado\">\n<img src=\"https:\/\/labestiadeportiva.com\/lbd\/wp-content\/plugins\/jw-share-this\/su.png\" alt=\"Share this page via Stumble Upon\" \/>\n<\/a>\n<a target=\"_blank\" href=\"http:\/\/digg.com\/submit?url=https%3A%2F%2Flabestiadeportiva.com%2Flbd%2Fgds-inaugura-oficialmente-la-temporada-el-proximo-sabado%2F&amp;title=GDS+inaugura+oficialmente+la+temporada+el+pr%C3%B3ximo+s%C3%A1bado\">\n<img src=\"https:\/\/labestiadeportiva.com\/lbd\/wp-content\/plugins\/jw-share-this\/digg.png\" alt=\"Share this page via Digg this\" \/>\n<\/a>\n<a target=\"_blank\" href=\"http:\/\/www.facebook.com\/sharer.php?u=https%3A%2F%2Flabestiadeportiva.com%2Flbd%2Fgds-inaugura-oficialmente-la-temporada-el-proximo-sabado%2F&amp;t=GDS+inaugura+oficialmente+la+temporada+el+pr%C3%B3ximo+s%C3%A1bado\">\n<img src=\"https:\/\/labestiadeportiva.com\/lbd\/wp-content\/plugins\/jw-share-this\/fb.png\" alt=\"Share this page via Facebook\" \/>\n<\/a>\n<a target=\"_blank\" href=\"http:\/\/twitter.com\/intent\/tweet?text=I+like+https%3A%2F%2Flabestiadeportiva.com%2Flbd%2Fgds-inaugura-oficialmente-la-temporada-el-proximo-sabado%2F&amp;title=GDS+inaugura+oficialmente+la+temporada+el+pr%C3%B3ximo+s%C3%A1bado\">\n<img src=\"https:\/\/labestiadeportiva.com\/lbd\/wp-content\/plugins\/jw-share-this\/twitter.png\" alt=\"Share this page via Twitter\" \/>\n<\/a>\n<\/div>\n","protected":false},"excerpt":{"rendered":"<p>El pr\u00f3ximo s\u00e1bado 19 se inaugurar\u00e1 oficialmente el invierno 2018 para el Complejo Yamana Bar &amp; Pat\u00edn. Exhibiciones, show musical y juegos las trincipales actividades programadas a partir de la cinco de la tarde. La pista funcionar\u00e1 todos los d\u00edas hasta la medianoche. 1.445 veces le\u00edda Share this:<\/p>\n","protected":false},"author":1,"featured_media":28189,"comment_status":"open","ping_status":"open","sticky":false,"template":"","format":"standard","meta":[],"categories":[5,41,2233,1,3592],"tags":[4836,3227,1449,83,2124],"_links":{"self":[{"href":"https:\/\/labestiadeportiva.com\/lbd\/wp-json\/wp\/v2\/posts\/28185"}],"collection":[{"href":"https:\/\/labestiadeportiva.com\/lbd\/wp-json\/wp\/v2\/posts"}],"about":[{"href":"https:\/\/labestiadeportiva.com\/lbd\/wp-json\/wp\/v2\/types\/post"}],"author":[{"embeddable":true,"href":"https:\/\/labestiadeportiva.com\/lbd\/wp-json\/wp\/v2\/users\/1"}],"replies":[{"embeddable":true,"href":"https:\/\/labestiadeportiva.com\/lbd\/wp-json\/wp\/v2\/comments?post=28185"}],"version-history":[{"count":1,"href":"https:\/\/labestiadeportiva.com\/lbd\/wp-json\/wp\/v2\/posts\/28185\/revisions"}],"predecessor-version":[{"id":28191,"href":"https:\/\/labestiadeportiva.com\/lbd\/wp-json\/wp\/v2\/posts\/28185\/revisions\/28191"}],"wp:featuredmedia":[{"embeddable":true,"href":"https:\/\/labestiadeportiva.com\/lbd\/wp-json\/wp\/v2\/media\/28189"}],"wp:attachment":[{"href":"https:\/\/labestiadeportiva.com\/lbd\/wp-json\/wp\/v2\/media?parent=28185"}],"wp:term":[{"taxonomy":"category","embeddable":true,"href":"https:\/\/labestiadeportiva.com\/lbd\/wp-json\/wp\/v2\/categories?post=28185"},{"taxonomy":"post_tag","embeddable":true,"href":"https:\/\/labestiadeportiva.com\/lbd\/wp-json\/wp\/v2\/tags?post=28185"}],"curies":[{"name":"wp","href":"https:\/\/api.w.org\/{rel}","templated":true}]}}