{"id":28297,"date":"2018-05-26T15:55:57","date_gmt":"2018-05-26T18:55:57","guid":{"rendered":"http:\/\/labestiadeportiva.com\/lbd\/?p=28297"},"modified":"2018-05-26T15:55:57","modified_gmt":"2018-05-26T18:55:57","slug":"el-mundial-por-la-television-publica-fueguina","status":"publish","type":"post","link":"https:\/\/labestiadeportiva.com\/lbd\/el-mundial-por-la-television-publica-fueguina\/","title":{"rendered":"El mundial por la Televisi\u00f3n P\u00fablica Fueguina"},"content":{"rendered":"<p><a href=\"http:\/\/labestiadeportiva.com\/lbd\/wp-content\/uploads\/2018\/05\/FB_IMG_1527254909286.jpg\"><img loading=\"lazy\" class=\"aligncenter size-medium wp-image-28298\" src=\"http:\/\/labestiadeportiva.com\/lbd\/wp-content\/uploads\/2018\/05\/FB_IMG_1527254909286-300x225.jpg\" alt=\"FB_IMG_1527254909286\" width=\"300\" height=\"225\" srcset=\"https:\/\/labestiadeportiva.com\/lbd\/wp-content\/uploads\/2018\/05\/FB_IMG_1527254909286-300x225.jpg 300w, https:\/\/labestiadeportiva.com\/lbd\/wp-content\/uploads\/2018\/05\/FB_IMG_1527254909286.jpg 720w\" sizes=\"(max-width: 300px) 100vw, 300px\" \/><\/a>El pasado martes en la provincia de Chubut se firm\u00f3 el convenio entre la RTA, Radio Televisi\u00f3n Argentina, con los canales p\u00fablicos de la Patagonia. Se transmitir\u00e1n los partidos de las selecciones sudamericanas m\u00e1s semifinal y final llegando a 32 encuentros. Desde LBD los detalles.<!--more--><\/p>\n<p>El acuerdo alcanza a los canales p\u00fablicos de R\u00edo Negro, La Pampa, Chubut, Santa Cruz y Tierra del Fuego.<\/p>\n<p>Ellos transmitir\u00e1n los partidos de Argentina, Brasil, Per\u00fa, Colombia y Uruguay m\u00e1s semifinales y final.<\/p>\n<p>De esta forma la totalidad de los habitantes del sur argentino podr\u00e1n ver la cita mundialista de Rusia 2018.<\/p>\n<div class='epvc-post-count'><span class='epvc-eye'><\/span>  <span class=\"epvc-count\"> 1.057<\/span><span class='epvc-label'> veces le\u00edda<\/span><\/div>\n<div class=\"jwsharethis\">\nShare this: \n<br \/>\n<a href=\"mailto:?subject=El%20mundial%20por%20la%20Televisi%C3%B3n%20P%C3%BAblica%20Fueguina&amp;body=https%3A%2F%2Flabestiadeportiva.com%2Flbd%2Fel-mundial-por-la-television-publica-fueguina%2F\">\n<img src=\"https:\/\/labestiadeportiva.com\/lbd\/wp-content\/plugins\/jw-share-this\/email.png\" alt=\"Share this page via Email\" \/>\n<\/a>\n<a target=\"_blank\" href=\"http:\/\/www.stumbleupon.com\/submit?url=https%3A%2F%2Flabestiadeportiva.com%2Flbd%2Fel-mundial-por-la-television-publica-fueguina%2F&amp;title=El+mundial+por+la+Televisi%C3%B3n+P%C3%BAblica+Fueguina\">\n<img src=\"https:\/\/labestiadeportiva.com\/lbd\/wp-content\/plugins\/jw-share-this\/su.png\" alt=\"Share this page via Stumble Upon\" \/>\n<\/a>\n<a target=\"_blank\" href=\"http:\/\/digg.com\/submit?url=https%3A%2F%2Flabestiadeportiva.com%2Flbd%2Fel-mundial-por-la-television-publica-fueguina%2F&amp;title=El+mundial+por+la+Televisi%C3%B3n+P%C3%BAblica+Fueguina\">\n<img src=\"https:\/\/labestiadeportiva.com\/lbd\/wp-content\/plugins\/jw-share-this\/digg.png\" alt=\"Share this page via Digg this\" \/>\n<\/a>\n<a target=\"_blank\" href=\"http:\/\/www.facebook.com\/sharer.php?u=https%3A%2F%2Flabestiadeportiva.com%2Flbd%2Fel-mundial-por-la-television-publica-fueguina%2F&amp;t=El+mundial+por+la+Televisi%C3%B3n+P%C3%BAblica+Fueguina\">\n<img src=\"https:\/\/labestiadeportiva.com\/lbd\/wp-content\/plugins\/jw-share-this\/fb.png\" alt=\"Share this page via Facebook\" \/>\n<\/a>\n<a target=\"_blank\" href=\"http:\/\/twitter.com\/intent\/tweet?text=I+like+https%3A%2F%2Flabestiadeportiva.com%2Flbd%2Fel-mundial-por-la-television-publica-fueguina%2F&amp;title=El+mundial+por+la+Televisi%C3%B3n+P%C3%BAblica+Fueguina\">\n<img src=\"https:\/\/labestiadeportiva.com\/lbd\/wp-content\/plugins\/jw-share-this\/twitter.png\" alt=\"Share this page via Twitter\" \/>\n<\/a>\n<\/div>\n","protected":false},"excerpt":{"rendered":"<p>El pasado martes en la provincia de Chubut se firm\u00f3 el convenio entre la RTA, Radio Televisi\u00f3n Argentina, con los canales p\u00fablicos de la Patagonia. Se transmitir\u00e1n los partidos de las selecciones sudamericanas m\u00e1s semifinal y final llegando a 32 encuentros. Desde LBD los detalles. 1.057 veces le\u00edda Share this:<\/p>\n","protected":false},"author":1,"featured_media":28298,"comment_status":"open","ping_status":"open","sticky":false,"template":"","format":"standard","meta":[],"categories":[4,6,14,1],"tags":[17,83,2397],"_links":{"self":[{"href":"https:\/\/labestiadeportiva.com\/lbd\/wp-json\/wp\/v2\/posts\/28297"}],"collection":[{"href":"https:\/\/labestiadeportiva.com\/lbd\/wp-json\/wp\/v2\/posts"}],"about":[{"href":"https:\/\/labestiadeportiva.com\/lbd\/wp-json\/wp\/v2\/types\/post"}],"author":[{"embeddable":true,"href":"https:\/\/labestiadeportiva.com\/lbd\/wp-json\/wp\/v2\/users\/1"}],"replies":[{"embeddable":true,"href":"https:\/\/labestiadeportiva.com\/lbd\/wp-json\/wp\/v2\/comments?post=28297"}],"version-history":[{"count":1,"href":"https:\/\/labestiadeportiva.com\/lbd\/wp-json\/wp\/v2\/posts\/28297\/revisions"}],"predecessor-version":[{"id":28299,"href":"https:\/\/labestiadeportiva.com\/lbd\/wp-json\/wp\/v2\/posts\/28297\/revisions\/28299"}],"wp:featuredmedia":[{"embeddable":true,"href":"https:\/\/labestiadeportiva.com\/lbd\/wp-json\/wp\/v2\/media\/28298"}],"wp:attachment":[{"href":"https:\/\/labestiadeportiva.com\/lbd\/wp-json\/wp\/v2\/media?parent=28297"}],"wp:term":[{"taxonomy":"category","embeddable":true,"href":"https:\/\/labestiadeportiva.com\/lbd\/wp-json\/wp\/v2\/categories?post=28297"},{"taxonomy":"post_tag","embeddable":true,"href":"https:\/\/labestiadeportiva.com\/lbd\/wp-json\/wp\/v2\/tags?post=28297"}],"curies":[{"name":"wp","href":"https:\/\/api.w.org\/{rel}","templated":true}]}}