{"id":28472,"date":"2018-06-13T14:17:09","date_gmt":"2018-06-13T17:17:09","guid":{"rendered":"http:\/\/labestiadeportiva.com\/lbd\/?p=28472"},"modified":"2018-06-13T14:17:09","modified_gmt":"2018-06-13T17:17:09","slug":"una-si-otra-no","status":"publish","type":"post","link":"https:\/\/labestiadeportiva.com\/lbd\/una-si-otra-no\/","title":{"rendered":"Una s\u00ed, otra no"},"content":{"rendered":"<p>Por Daniel Campos (Corresponsal LBD en Palma de Mallorca, Espa\u00f1a)<\/p>\n<p><a href=\"http:\/\/labestiadeportiva.com\/lbd\/wp-content\/uploads\/2018\/06\/jc_alvarez.jpg\"><img loading=\"lazy\" class=\"aligncenter size-medium wp-image-28474\" src=\"http:\/\/labestiadeportiva.com\/lbd\/wp-content\/uploads\/2018\/06\/jc_alvarez-300x93.jpg\" alt=\"jc_alvarez\" width=\"300\" height=\"93\" srcset=\"https:\/\/labestiadeportiva.com\/lbd\/wp-content\/uploads\/2018\/06\/jc_alvarez-300x93.jpg 300w, https:\/\/labestiadeportiva.com\/lbd\/wp-content\/uploads\/2018\/06\/jc_alvarez-1024x317.jpg 1024w, https:\/\/labestiadeportiva.com\/lbd\/wp-content\/uploads\/2018\/06\/jc_alvarez.jpg 2000w\" sizes=\"(max-width: 300px) 100vw, 300px\" \/><\/a>El arrecife\u00f1o Juan Cruz \u00c1lvarez tom\u00f3 parte de la tercera fecha del campeonato GT Open disputado este fin de semana en Spa-Fracorchamps.<!--more--><\/p>\n<p>El s\u00e1bado no fue posible correr ya que su coequiper, el portugu\u00e9s Louren\u00e7o Beirao da Veiga, embisti\u00f3 al otro BMW de su escuder\u00eda y debi\u00f3 abandonar en la primera vuelta de la competencia.<\/p>\n<p>En esa ocasi\u00f3n el ganador de la primera carrera fue el italiano Alessandro Pier Guidi de la escuder\u00eda Luzich, conduciendo un Ferrari 488 GT3, mientras el segundo y tercer escal\u00f3n del podio fue para Giovanni Venturini y Riccardo Agostini del equipo Imperiale Racing.<\/p>\n<p>En la jornada de domingo, s\u00ed pudo participar el piloto nacional, ya que le toc\u00f3 iniciar la primera parte de la carrera y lo hizo muy bien puesto que al inicio de la prueba se ubicaba tercero por detr\u00e1s del espa\u00f1ol Fran Rueda con el otro BMW M6 del equipo de Teo Martin, y del Mercedes Benz del brasile\u00f1o Allam Khodair.<\/p>\n<p>Rueda ampli\u00f3 su ventaja y, casi sin incidentes que destacar, la carrera llegaba al momento clave del cambio de pilotos.<\/p>\n<p>El primer puesto sigui\u00f3 en manos de la escuder\u00eda con autos germanos, el guatemalteco Andr\u00e9s Saravia, reemplaz\u00f3 a Fran Rueda y \u00e9ste no abandon\u00f3 la punta hasta el banderazo final.<\/p>\n<p>El segundo puesto de esta carrera fue para el eslovaco Gonda Richard con otro BMW, mientras que el tercer lugar fue para el italiano Daniele Di Amato a bordo de un Ferrari.<\/p>\n<p>El compa\u00f1ero de equipo de \u00c1lvarez, tras mantenerse en un tercer puesto en la competencia, se vio inmerso en una interesante lucha con Gonda e inclusive tras varios toques termin\u00f3 alcanzando la s\u00e9ptima posici\u00f3n final.<\/p>\n<p>Ahora la GT Open se traslada el pr\u00f3ximo 7 y 8 de julio, a territorio magyar, siguiente parada Hungr\u00eda.<\/p>\n<p>1\u00b0 Carrera<br \/>\nAs\u00ed llegaron:<br \/>\n1\u00b0 Alessandro Pier Guidi \u2013Luzich Racing en 1:11:08,488<br \/>\n2\u00b0 Giovanni Venturini-Imperiale Racing a 4,488<br \/>\n3\u00b0 Riccardo Agostini-Imperiale Racing a 19,548<\/p>\n<p>2\u00b0 \u00a0Carrera<br \/>\nAs\u00ed llegaron:<br \/>\n1\u00b0 F. Rueda-BMW Team Teo Martin en 1:02:05,582<br \/>\n2\u00b0 R. Gonda-Senkyr Motorsport a 7,232<br \/>\n3\u00b0 D. Di Amato-RS Racing a 9,643<br \/>\n7\u00b0 J.C. \u00c1lvarez- BMW Team Teo Martin a 14,737<\/p>\n<p>El Mundial de pilotos<br \/>\n1\u00b0 M. Mac (DNK) 66 pts.<br \/>\n2\u00b0 A. Saravia (GTM) F. Rueda (ESP) 54 pts.<br \/>\n3\u00b0 A.Pier Guidi (ITA) 50 pts.<br \/>\n7\u00b0 J. C. \u00c1lvarez (ARG)L.B. da Veiga (POR) 29 pts.<\/p>\n<p>La pr\u00f3xima competencia, el 7 y 8 de Julio, en Hungaroring.<\/p>\n<div class='epvc-post-count'><span class='epvc-eye'><\/span>  <span class=\"epvc-count\"> 955<\/span><span class='epvc-label'> veces le\u00edda<\/span><\/div>\n<div class=\"jwsharethis\">\nShare this: \n<br \/>\n<a href=\"mailto:?subject=Una%20s%C3%AD%2C%20otra%20no&amp;body=https%3A%2F%2Flabestiadeportiva.com%2Flbd%2Funa-si-otra-no%2F\">\n<img src=\"https:\/\/labestiadeportiva.com\/lbd\/wp-content\/plugins\/jw-share-this\/email.png\" alt=\"Share this page via Email\" \/>\n<\/a>\n<a target=\"_blank\" href=\"http:\/\/www.stumbleupon.com\/submit?url=https%3A%2F%2Flabestiadeportiva.com%2Flbd%2Funa-si-otra-no%2F&amp;title=Una+s%C3%AD%2C+otra+no\">\n<img src=\"https:\/\/labestiadeportiva.com\/lbd\/wp-content\/plugins\/jw-share-this\/su.png\" alt=\"Share this page via Stumble Upon\" \/>\n<\/a>\n<a target=\"_blank\" href=\"http:\/\/digg.com\/submit?url=https%3A%2F%2Flabestiadeportiva.com%2Flbd%2Funa-si-otra-no%2F&amp;title=Una+s%C3%AD%2C+otra+no\">\n<img src=\"https:\/\/labestiadeportiva.com\/lbd\/wp-content\/plugins\/jw-share-this\/digg.png\" alt=\"Share this page via Digg this\" \/>\n<\/a>\n<a target=\"_blank\" href=\"http:\/\/www.facebook.com\/sharer.php?u=https%3A%2F%2Flabestiadeportiva.com%2Flbd%2Funa-si-otra-no%2F&amp;t=Una+s%C3%AD%2C+otra+no\">\n<img src=\"https:\/\/labestiadeportiva.com\/lbd\/wp-content\/plugins\/jw-share-this\/fb.png\" alt=\"Share this page via Facebook\" \/>\n<\/a>\n<a target=\"_blank\" href=\"http:\/\/twitter.com\/intent\/tweet?text=I+like+https%3A%2F%2Flabestiadeportiva.com%2Flbd%2Funa-si-otra-no%2F&amp;title=Una+s%C3%AD%2C+otra+no\">\n<img src=\"https:\/\/labestiadeportiva.com\/lbd\/wp-content\/plugins\/jw-share-this\/twitter.png\" alt=\"Share this page via Twitter\" \/>\n<\/a>\n<\/div>\n","protected":false},"excerpt":{"rendered":"<p>Por Daniel Campos (Corresponsal LBD en Palma de Mallorca, Espa\u00f1a) El arrecife\u00f1o Juan Cruz \u00c1lvarez tom\u00f3 parte de la tercera fecha del campeonato GT Open disputado este fin de semana en Spa-Fracorchamps. 955 veces le\u00edda Share this:<\/p>\n","protected":false},"author":1,"featured_media":28474,"comment_status":"open","ping_status":"open","sticky":false,"template":"","format":"standard","meta":[],"categories":[2176,4,6,1],"tags":[86,3613,83],"_links":{"self":[{"href":"https:\/\/labestiadeportiva.com\/lbd\/wp-json\/wp\/v2\/posts\/28472"}],"collection":[{"href":"https:\/\/labestiadeportiva.com\/lbd\/wp-json\/wp\/v2\/posts"}],"about":[{"href":"https:\/\/labestiadeportiva.com\/lbd\/wp-json\/wp\/v2\/types\/post"}],"author":[{"embeddable":true,"href":"https:\/\/labestiadeportiva.com\/lbd\/wp-json\/wp\/v2\/users\/1"}],"replies":[{"embeddable":true,"href":"https:\/\/labestiadeportiva.com\/lbd\/wp-json\/wp\/v2\/comments?post=28472"}],"version-history":[{"count":1,"href":"https:\/\/labestiadeportiva.com\/lbd\/wp-json\/wp\/v2\/posts\/28472\/revisions"}],"predecessor-version":[{"id":28475,"href":"https:\/\/labestiadeportiva.com\/lbd\/wp-json\/wp\/v2\/posts\/28472\/revisions\/28475"}],"wp:featuredmedia":[{"embeddable":true,"href":"https:\/\/labestiadeportiva.com\/lbd\/wp-json\/wp\/v2\/media\/28474"}],"wp:attachment":[{"href":"https:\/\/labestiadeportiva.com\/lbd\/wp-json\/wp\/v2\/media?parent=28472"}],"wp:term":[{"taxonomy":"category","embeddable":true,"href":"https:\/\/labestiadeportiva.com\/lbd\/wp-json\/wp\/v2\/categories?post=28472"},{"taxonomy":"post_tag","embeddable":true,"href":"https:\/\/labestiadeportiva.com\/lbd\/wp-json\/wp\/v2\/tags?post=28472"}],"curies":[{"name":"wp","href":"https:\/\/api.w.org\/{rel}","templated":true}]}}