{"id":28604,"date":"2018-06-24T22:01:12","date_gmt":"2018-06-25T01:01:12","guid":{"rendered":"http:\/\/labestiadeportiva.com\/lbd\/?p=28604"},"modified":"2018-06-24T22:01:12","modified_gmt":"2018-06-25T01:01:12","slug":"un-grupo-definido-el-otro-al-rojo-vivo","status":"publish","type":"post","link":"https:\/\/labestiadeportiva.com\/lbd\/un-grupo-definido-el-otro-al-rojo-vivo\/","title":{"rendered":"Un grupo definido, el otro al rojo vivo"},"content":{"rendered":"<div><b>Por Agust\u00edn \u00abColo\u00bb Aguirre (Corresponsal LBD en La Pampa)<\/b><\/div>\n<div><\/div>\n<div>\n<p><b><a href=\"http:\/\/labestiadeportiva.com\/lbd\/wp-content\/uploads\/2018\/06\/102185080_gettyimages-982960522.jpg\"><img loading=\"lazy\" class=\"aligncenter size-medium wp-image-28605\" src=\"http:\/\/labestiadeportiva.com\/lbd\/wp-content\/uploads\/2018\/06\/102185080_gettyimages-982960522-300x169.jpg\" alt=\"_102185080_gettyimages-982960522\" width=\"300\" height=\"169\" srcset=\"https:\/\/labestiadeportiva.com\/lbd\/wp-content\/uploads\/2018\/06\/102185080_gettyimages-982960522-300x169.jpg 300w, https:\/\/labestiadeportiva.com\/lbd\/wp-content\/uploads\/2018\/06\/102185080_gettyimages-982960522.jpg 660w\" sizes=\"(max-width: 300px) 100vw, 300px\" \/><\/a>El grupo \u00ab\u00bbG ya defini\u00f3 sus dos equipos que clasificaron a los octavos, mientras que el \u00abH\u00bb lo har\u00e1 en la \u00faltima fecha donde tres selecciones luchar\u00e1n por los dos lugares.<!--more--><\/b><\/p>\n<p>Inglaterra sali\u00f3 a la cancha en busca de su pase a los octavos de final y no dej\u00f3 ningun tipo de dudas, gole\u00f3 6 a 1 a Panam\u00e1 con tantos de su capit\u00e1n Kane en tres ocaciones, Stones en dos y Lingard.<\/p>\n<\/div>\n<div><\/div>\n<div>Al minuto 72 Baloy convirti\u00f3 el primer gol de los paname\u00f1os en un mundial, el partido ya estaba totalmente definido pero fue festejado como una victoria.<\/div>\n<div><\/div>\n<div>De esta forma una fecha antes del final de la fase regular B\u00e9lgica e Inglaterra avanzaron a la siguiente instancia y se enfrentar\u00e1n para completar el fixture.<\/div>\n<div><\/div>\n<div>En el grupo H la cosa esta que arde, en primer turno se enfrentaron los dos equipos que habian ganado en el debut.<\/div>\n<div><\/div>\n<div>Senegal y Japon, empataron 2 a 2, con ventaja de los africanos en gran parte del match.<\/div>\n<div><\/div>\n<div>Mane abri\u00f3 el marcador, luego de un rebote que dio el arquero japones Kawashima, mientras que la primera igualdad lleg\u00f3 por intermedio de Inui con un lindo gol a los 34 del primer tiempo.<\/div>\n<div><\/div>\n<div>El complemento continu\u00f3 en forma vertiginosa, Wague puso de nuevo adelante a los africanos y 7 minutos despues Honda dio cifras definitivas al partido, para que las dos selecciones sumen 4 puntos.<\/div>\n<div><\/div>\n<div>En el otro partido del grupo Colombia y Polonia, salieros dispuestos a quemar sus \u00faltimas naves.<\/div>\n<div><\/div>\n<div>El equipo europeo arranc\u00f3 sumamente concentrado en los primeros 15, de a poco los de Pekerman empezaron a acomodarse en el partido de la mano de Juan Fernando Quintero.<\/div>\n<div><\/div>\n<div>El gol reci\u00e9n llegar\u00eda a los 40 del primer tiempo. Luego de un c\u00f3rner Quintero recibi\u00f3 el bal\u00f3n fuera del \u00e1rea amag\u00f3 un disparo para terminar asisti\u00e9ndo a James qui\u00e9n tir\u00f3 un perfecto centro con rosca que cabace\u00f3 al gol Mina estableci\u00e9ndo el 1 a 0 parcial.<\/div>\n<div><\/div>\n<div>En el segundo tiempo Colombia sigui\u00f3 jugando buen f\u00fatbol. \u00a0Quintero de nuevo dio un pase preciso, esta vez a Falcao, el \u00abTigre\u00bb corri\u00f3 20 metros para definir de manual al segundo palo.<\/div>\n<div><\/div>\n<div>Primera conquista del goleador en mundiales, 2 a 0, y abr\u00eda tiempo para m\u00e1s.<\/div>\n<div><\/div>\n<div>James se escap\u00f3 de dos jugadores por la banda izquierda, asistencia a Cuadrado quien se fue solo en busca del arquero polaco.<\/div>\n<div><\/div>\n<div>Definici\u00f3n al palo izquierdo para liquidar el encuentro. La pr\u00f3xima fecha Senegal se medir\u00e1 con Colombia mientras que Jap\u00f3n ir\u00e1 ante la eliminada Polonia.<\/div>\n<div><\/div>\n<div>De lunes a jueves los ocho grupos diaputar\u00e1n la \u00faltima fecha, donde las 4 selecciones de cada zona competir\u00e1 en el mismo horario.<\/div>\n<div><\/div>\n<div>Clasificados, eliminados y grupos sin definar cuando a\u00fan quedan 4 d\u00edas por delante para concluir la primera fase.<\/div>\n<p>&nbsp;<\/p>\n<div class='epvc-post-count'><span class='epvc-eye'><\/span>  <span class=\"epvc-count\"> 1.437<\/span><span class='epvc-label'> veces le\u00edda<\/span><\/div>\n<div class=\"jwsharethis\">\nShare this: \n<br \/>\n<a href=\"mailto:?subject=Un%20grupo%20definido%2C%20el%20otro%20al%20rojo%20vivo&amp;body=https%3A%2F%2Flabestiadeportiva.com%2Flbd%2Fun-grupo-definido-el-otro-al-rojo-vivo%2F\">\n<img src=\"https:\/\/labestiadeportiva.com\/lbd\/wp-content\/plugins\/jw-share-this\/email.png\" alt=\"Share this page via Email\" \/>\n<\/a>\n<a target=\"_blank\" href=\"http:\/\/www.stumbleupon.com\/submit?url=https%3A%2F%2Flabestiadeportiva.com%2Flbd%2Fun-grupo-definido-el-otro-al-rojo-vivo%2F&amp;title=Un+grupo+definido%2C+el+otro+al+rojo+vivo\">\n<img src=\"https:\/\/labestiadeportiva.com\/lbd\/wp-content\/plugins\/jw-share-this\/su.png\" alt=\"Share this page via Stumble Upon\" \/>\n<\/a>\n<a target=\"_blank\" href=\"http:\/\/digg.com\/submit?url=https%3A%2F%2Flabestiadeportiva.com%2Flbd%2Fun-grupo-definido-el-otro-al-rojo-vivo%2F&amp;title=Un+grupo+definido%2C+el+otro+al+rojo+vivo\">\n<img src=\"https:\/\/labestiadeportiva.com\/lbd\/wp-content\/plugins\/jw-share-this\/digg.png\" alt=\"Share this page via Digg this\" \/>\n<\/a>\n<a target=\"_blank\" href=\"http:\/\/www.facebook.com\/sharer.php?u=https%3A%2F%2Flabestiadeportiva.com%2Flbd%2Fun-grupo-definido-el-otro-al-rojo-vivo%2F&amp;t=Un+grupo+definido%2C+el+otro+al+rojo+vivo\">\n<img src=\"https:\/\/labestiadeportiva.com\/lbd\/wp-content\/plugins\/jw-share-this\/fb.png\" alt=\"Share this page via Facebook\" \/>\n<\/a>\n<a target=\"_blank\" href=\"http:\/\/twitter.com\/intent\/tweet?text=I+like+https%3A%2F%2Flabestiadeportiva.com%2Flbd%2Fun-grupo-definido-el-otro-al-rojo-vivo%2F&amp;title=Un+grupo+definido%2C+el+otro+al+rojo+vivo\">\n<img src=\"https:\/\/labestiadeportiva.com\/lbd\/wp-content\/plugins\/jw-share-this\/twitter.png\" alt=\"Share this page via Twitter\" \/>\n<\/a>\n<\/div>\n","protected":false},"excerpt":{"rendered":"<p>Por Agust\u00edn \u00abColo\u00bb Aguirre (Corresponsal LBD en La Pampa) El grupo \u00ab\u00bbG ya defini\u00f3 sus dos equipos que clasificaron a los octavos, mientras que el \u00abH\u00bb lo har\u00e1 en la \u00faltima fecha donde tres selecciones luchar\u00e1n por los dos lugares. 1.437 veces le\u00edda Share this:<\/p>\n","protected":false},"author":1,"featured_media":28605,"comment_status":"open","ping_status":"open","sticky":false,"template":"","format":"standard","meta":[],"categories":[5,14,3611,1],"tags":[17,83,2397],"_links":{"self":[{"href":"https:\/\/labestiadeportiva.com\/lbd\/wp-json\/wp\/v2\/posts\/28604"}],"collection":[{"href":"https:\/\/labestiadeportiva.com\/lbd\/wp-json\/wp\/v2\/posts"}],"about":[{"href":"https:\/\/labestiadeportiva.com\/lbd\/wp-json\/wp\/v2\/types\/post"}],"author":[{"embeddable":true,"href":"https:\/\/labestiadeportiva.com\/lbd\/wp-json\/wp\/v2\/users\/1"}],"replies":[{"embeddable":true,"href":"https:\/\/labestiadeportiva.com\/lbd\/wp-json\/wp\/v2\/comments?post=28604"}],"version-history":[{"count":1,"href":"https:\/\/labestiadeportiva.com\/lbd\/wp-json\/wp\/v2\/posts\/28604\/revisions"}],"predecessor-version":[{"id":28606,"href":"https:\/\/labestiadeportiva.com\/lbd\/wp-json\/wp\/v2\/posts\/28604\/revisions\/28606"}],"wp:featuredmedia":[{"embeddable":true,"href":"https:\/\/labestiadeportiva.com\/lbd\/wp-json\/wp\/v2\/media\/28605"}],"wp:attachment":[{"href":"https:\/\/labestiadeportiva.com\/lbd\/wp-json\/wp\/v2\/media?parent=28604"}],"wp:term":[{"taxonomy":"category","embeddable":true,"href":"https:\/\/labestiadeportiva.com\/lbd\/wp-json\/wp\/v2\/categories?post=28604"},{"taxonomy":"post_tag","embeddable":true,"href":"https:\/\/labestiadeportiva.com\/lbd\/wp-json\/wp\/v2\/tags?post=28604"}],"curies":[{"name":"wp","href":"https:\/\/api.w.org\/{rel}","templated":true}]}}