{"id":28707,"date":"2018-07-07T17:20:09","date_gmt":"2018-07-07T20:20:09","guid":{"rendered":"http:\/\/labestiadeportiva.com\/lbd\/?p=28707"},"modified":"2018-07-07T17:20:09","modified_gmt":"2018-07-07T20:20:09","slug":"shanti-renata-y-luciana-en-entre-rios","status":"publish","type":"post","link":"https:\/\/labestiadeportiva.com\/lbd\/shanti-renata-y-luciana-en-entre-rios\/","title":{"rendered":"Shanti, Renata y Luciana en Entre R\u00edos"},"content":{"rendered":"<p><a href=\"http:\/\/labestiadeportiva.com\/lbd\/wp-content\/uploads\/2018\/07\/IMG-20180707-WA0027.jpg\"><img loading=\"lazy\" class=\"aligncenter size-medium wp-image-28708\" src=\"http:\/\/labestiadeportiva.com\/lbd\/wp-content\/uploads\/2018\/07\/IMG-20180707-WA0027-300x225.jpg\" alt=\"IMG-20180707-WA0027\" width=\"300\" height=\"225\" srcset=\"https:\/\/labestiadeportiva.com\/lbd\/wp-content\/uploads\/2018\/07\/IMG-20180707-WA0027-300x225.jpg 300w, https:\/\/labestiadeportiva.com\/lbd\/wp-content\/uploads\/2018\/07\/IMG-20180707-WA0027-1024x768.jpg 1024w, https:\/\/labestiadeportiva.com\/lbd\/wp-content\/uploads\/2018\/07\/IMG-20180707-WA0027.jpg 1280w\" sizes=\"(max-width: 300px) 100vw, 300px\" \/><\/a>Presencia ushuaiense en la 20\u00b0 Copa Nacional de Clubes U16. La competencia organizada por la Confederaci\u00f3n Argentina de Atletismo se disputa s\u00e1bado y domingo en la localidad entrerriana de Concordia. Shanti Correa, Luciana Ferreyra y Renata Godoy las fueguinas presentes.<!--more--><\/p>\n<p>La peque\u00f1a delegaci\u00f3n de TDF tiene como principal responsable al profesor Lucas Doffo.<\/p>\n<p>Arrib\u00f3 a la sede de la competencia luego de trasladarse en avi\u00f3n desde Ushuaia a la Ciudad Aut\u00f3noma de Buenos Aires para completar el trayecto v\u00eda terrestre hacia la provincia mesopot\u00e1mica.<\/p>\n<p>El nuevo viaje de los j\u00f3venes y talentosos deportistas fueginos cont\u00f3 con el apoyo del Vice Gobernador Arcando como as\u00ed tambi\u00e9n del Senador Catal\u00e1n Magni.<\/p>\n<p><a href=\"http:\/\/labestiadeportiva.com\/lbd\/wp-content\/uploads\/2018\/07\/IMG-20180707-WA0028.jpg\"><img loading=\"lazy\" class=\"aligncenter size-medium wp-image-28709\" src=\"http:\/\/labestiadeportiva.com\/lbd\/wp-content\/uploads\/2018\/07\/IMG-20180707-WA0028-300x225.jpg\" alt=\"IMG-20180707-WA0028\" width=\"300\" height=\"225\" srcset=\"https:\/\/labestiadeportiva.com\/lbd\/wp-content\/uploads\/2018\/07\/IMG-20180707-WA0028-300x225.jpg 300w, https:\/\/labestiadeportiva.com\/lbd\/wp-content\/uploads\/2018\/07\/IMG-20180707-WA0028-1024x768.jpg 1024w, https:\/\/labestiadeportiva.com\/lbd\/wp-content\/uploads\/2018\/07\/IMG-20180707-WA0028.jpg 1280w\" sizes=\"(max-width: 300px) 100vw, 300px\" \/><\/a>En cuanto a las pruebas de las que formar\u00e1n parte las sure\u00f1as, Shanti competir\u00e1 en \u00a080 metros con vallas, salto en largo y 80 metros llanos, Renata 200 metros llanos, salto en largo y 295 metros con vallas, finalmente Luciana participar\u00e1 en 200 metros llanos, salto largo y salto en alto.<\/p>\n<p>Importante participaci\u00f3n nacional de los fueguinos en el primer semestre del a\u00f1o.<\/p>\n<p>Seguramente estas experiencias se ver\u00e1n reflejadas en las participaciones nacionales e internacionales por venir.<\/p>\n<p><a href=\"http:\/\/labestiadeportiva.com\/lbd\/wp-content\/uploads\/2018\/07\/IMG-20180707-WA0011.jpg\"><img loading=\"lazy\" class=\"aligncenter size-medium wp-image-28710\" src=\"http:\/\/labestiadeportiva.com\/lbd\/wp-content\/uploads\/2018\/07\/IMG-20180707-WA0011-225x300.jpg\" alt=\"IMG-20180707-WA0011\" width=\"225\" height=\"300\" srcset=\"https:\/\/labestiadeportiva.com\/lbd\/wp-content\/uploads\/2018\/07\/IMG-20180707-WA0011-225x300.jpg 225w, https:\/\/labestiadeportiva.com\/lbd\/wp-content\/uploads\/2018\/07\/IMG-20180707-WA0011-768x1024.jpg 768w, https:\/\/labestiadeportiva.com\/lbd\/wp-content\/uploads\/2018\/07\/IMG-20180707-WA0011.jpg 960w\" sizes=\"(max-width: 225px) 100vw, 225px\" \/><\/a><\/p>\n<div class='epvc-post-count'><span class='epvc-eye'><\/span>  <span class=\"epvc-count\"> 1.338<\/span><span class='epvc-label'> veces le\u00edda<\/span><\/div>\n<div class=\"jwsharethis\">\nShare this: \n<br \/>\n<a href=\"mailto:?subject=Shanti%2C%20Renata%20y%20Luciana%20en%20Entre%20R%C3%ADos&amp;body=https%3A%2F%2Flabestiadeportiva.com%2Flbd%2Fshanti-renata-y-luciana-en-entre-rios%2F\">\n<img src=\"https:\/\/labestiadeportiva.com\/lbd\/wp-content\/plugins\/jw-share-this\/email.png\" alt=\"Share this page via Email\" \/>\n<\/a>\n<a target=\"_blank\" href=\"http:\/\/www.stumbleupon.com\/submit?url=https%3A%2F%2Flabestiadeportiva.com%2Flbd%2Fshanti-renata-y-luciana-en-entre-rios%2F&amp;title=Shanti%2C+Renata+y+Luciana+en+Entre+R%C3%ADos\">\n<img src=\"https:\/\/labestiadeportiva.com\/lbd\/wp-content\/plugins\/jw-share-this\/su.png\" alt=\"Share this page via Stumble Upon\" \/>\n<\/a>\n<a target=\"_blank\" href=\"http:\/\/digg.com\/submit?url=https%3A%2F%2Flabestiadeportiva.com%2Flbd%2Fshanti-renata-y-luciana-en-entre-rios%2F&amp;title=Shanti%2C+Renata+y+Luciana+en+Entre+R%C3%ADos\">\n<img src=\"https:\/\/labestiadeportiva.com\/lbd\/wp-content\/plugins\/jw-share-this\/digg.png\" alt=\"Share this page via Digg this\" \/>\n<\/a>\n<a target=\"_blank\" href=\"http:\/\/www.facebook.com\/sharer.php?u=https%3A%2F%2Flabestiadeportiva.com%2Flbd%2Fshanti-renata-y-luciana-en-entre-rios%2F&amp;t=Shanti%2C+Renata+y+Luciana+en+Entre+R%C3%ADos\">\n<img src=\"https:\/\/labestiadeportiva.com\/lbd\/wp-content\/plugins\/jw-share-this\/fb.png\" alt=\"Share this page via Facebook\" \/>\n<\/a>\n<a target=\"_blank\" href=\"http:\/\/twitter.com\/intent\/tweet?text=I+like+https%3A%2F%2Flabestiadeportiva.com%2Flbd%2Fshanti-renata-y-luciana-en-entre-rios%2F&amp;title=Shanti%2C+Renata+y+Luciana+en+Entre+R%C3%ADos\">\n<img src=\"https:\/\/labestiadeportiva.com\/lbd\/wp-content\/plugins\/jw-share-this\/twitter.png\" alt=\"Share this page via Twitter\" \/>\n<\/a>\n<\/div>\n","protected":false},"excerpt":{"rendered":"<p>Presencia ushuaiense en la 20\u00b0 Copa Nacional de Clubes U16. La competencia organizada por la Confederaci\u00f3n Argentina de Atletismo se disputa s\u00e1bado y domingo en la localidad entrerriana de Concordia. Shanti Correa, Luciana Ferreyra y Renata Godoy las fueguinas presentes. 1.338 veces le\u00edda Share this:<\/p>\n","protected":false},"author":1,"featured_media":28708,"comment_status":"open","ping_status":"open","sticky":false,"template":"","format":"standard","meta":[],"categories":[22,5,6,1],"tags":[4831,703,3632,83],"_links":{"self":[{"href":"https:\/\/labestiadeportiva.com\/lbd\/wp-json\/wp\/v2\/posts\/28707"}],"collection":[{"href":"https:\/\/labestiadeportiva.com\/lbd\/wp-json\/wp\/v2\/posts"}],"about":[{"href":"https:\/\/labestiadeportiva.com\/lbd\/wp-json\/wp\/v2\/types\/post"}],"author":[{"embeddable":true,"href":"https:\/\/labestiadeportiva.com\/lbd\/wp-json\/wp\/v2\/users\/1"}],"replies":[{"embeddable":true,"href":"https:\/\/labestiadeportiva.com\/lbd\/wp-json\/wp\/v2\/comments?post=28707"}],"version-history":[{"count":1,"href":"https:\/\/labestiadeportiva.com\/lbd\/wp-json\/wp\/v2\/posts\/28707\/revisions"}],"predecessor-version":[{"id":28711,"href":"https:\/\/labestiadeportiva.com\/lbd\/wp-json\/wp\/v2\/posts\/28707\/revisions\/28711"}],"wp:featuredmedia":[{"embeddable":true,"href":"https:\/\/labestiadeportiva.com\/lbd\/wp-json\/wp\/v2\/media\/28708"}],"wp:attachment":[{"href":"https:\/\/labestiadeportiva.com\/lbd\/wp-json\/wp\/v2\/media?parent=28707"}],"wp:term":[{"taxonomy":"category","embeddable":true,"href":"https:\/\/labestiadeportiva.com\/lbd\/wp-json\/wp\/v2\/categories?post=28707"},{"taxonomy":"post_tag","embeddable":true,"href":"https:\/\/labestiadeportiva.com\/lbd\/wp-json\/wp\/v2\/tags?post=28707"}],"curies":[{"name":"wp","href":"https:\/\/api.w.org\/{rel}","templated":true}]}}