{"id":28739,"date":"2018-07-10T23:26:18","date_gmt":"2018-07-11T02:26:18","guid":{"rendered":"http:\/\/labestiadeportiva.com\/lbd\/?p=28739"},"modified":"2018-07-10T23:26:18","modified_gmt":"2018-07-11T02:26:18","slug":"presencia-argentina-en-hockenheim","status":"publish","type":"post","link":"https:\/\/labestiadeportiva.com\/lbd\/presencia-argentina-en-hockenheim\/","title":{"rendered":"Presencia argentina en Hockenheim"},"content":{"rendered":"<p>Por Daniel Campos ( Corresponsal LBD en Palma de Mallorca, Espa\u00f1a)<\/p>\n<p><a href=\"http:\/\/labestiadeportiva.com\/lbd\/wp-content\/uploads\/2018\/07\/Carrara-JMF4.jpg\"><img loading=\"lazy\" class=\"aligncenter size-medium wp-image-28740\" src=\"http:\/\/labestiadeportiva.com\/lbd\/wp-content\/uploads\/2018\/07\/Carrara-JMF4-300x200.jpg\" alt=\"Carrara-JMF4\" width=\"300\" height=\"200\" srcset=\"https:\/\/labestiadeportiva.com\/lbd\/wp-content\/uploads\/2018\/07\/Carrara-JMF4-300x200.jpg 300w, https:\/\/labestiadeportiva.com\/lbd\/wp-content\/uploads\/2018\/07\/Carrara-JMF4-1024x683.jpg 1024w, https:\/\/labestiadeportiva.com\/lbd\/wp-content\/uploads\/2018\/07\/Carrara-JMF4.jpg 1200w\" sizes=\"(max-width: 300px) 100vw, 300px\" \/><\/a>El joven piloto argentino Giorgio Carrara disputar\u00e1 una prueba del ADAC F4, previo al GP de F\u00f3rmula 1 de Alemania.<!--more--><\/p>\n<p>Seg\u00fan se pudo saber a principios de este mes, el volante chaque\u00f1o estuvo probando en el trazado alem\u00e1n de Hockenheim, como parte de su preparaci\u00f3n para el torneo italiano de F4.<\/p>\n<p>En dicho campeonato, milita en el equipo Jenzer Motorsport. Luego de los entrenamientos y viendo las buenas sensaciones que dej\u00f3, el piloto nacional fue invitado por la filial alemana de su escuder\u00eda a tomar parte de la pr\u00f3xima cita del campeonato germano.<\/p>\n<p>En esta ocasi\u00f3n, conducir\u00e1 un monoplaza del Jenzer Motorsport AG. De esta manera, Carrara dispondr\u00e1 de una inmejorable ocasi\u00f3n de mostrarse ante el p\u00fablico local y los ojeadores de los distintos equipos de F-1, F-2 o GP3 que buscan nuevas promesas para llevar a sus escuder\u00edas.<\/p>\n<p>Desde esta secci\u00f3n Yo Argentino de la LBD, contaremos paso a paso, todo lo que suceda en los pr\u00f3ximos d\u00edas, con nuestro representante nacional.<\/p>\n<div class='epvc-post-count'><span class='epvc-eye'><\/span>  <span class=\"epvc-count\"> 1.037<\/span><span class='epvc-label'> veces le\u00edda<\/span><\/div>\n<div class=\"jwsharethis\">\nShare this: \n<br \/>\n<a href=\"mailto:?subject=Presencia%20argentina%20en%20Hockenheim&amp;body=https%3A%2F%2Flabestiadeportiva.com%2Flbd%2Fpresencia-argentina-en-hockenheim%2F\">\n<img src=\"https:\/\/labestiadeportiva.com\/lbd\/wp-content\/plugins\/jw-share-this\/email.png\" alt=\"Share this page via Email\" \/>\n<\/a>\n<a target=\"_blank\" href=\"http:\/\/www.stumbleupon.com\/submit?url=https%3A%2F%2Flabestiadeportiva.com%2Flbd%2Fpresencia-argentina-en-hockenheim%2F&amp;title=Presencia+argentina+en+Hockenheim\">\n<img src=\"https:\/\/labestiadeportiva.com\/lbd\/wp-content\/plugins\/jw-share-this\/su.png\" alt=\"Share this page via Stumble Upon\" \/>\n<\/a>\n<a target=\"_blank\" href=\"http:\/\/digg.com\/submit?url=https%3A%2F%2Flabestiadeportiva.com%2Flbd%2Fpresencia-argentina-en-hockenheim%2F&amp;title=Presencia+argentina+en+Hockenheim\">\n<img src=\"https:\/\/labestiadeportiva.com\/lbd\/wp-content\/plugins\/jw-share-this\/digg.png\" alt=\"Share this page via Digg this\" \/>\n<\/a>\n<a target=\"_blank\" href=\"http:\/\/www.facebook.com\/sharer.php?u=https%3A%2F%2Flabestiadeportiva.com%2Flbd%2Fpresencia-argentina-en-hockenheim%2F&amp;t=Presencia+argentina+en+Hockenheim\">\n<img src=\"https:\/\/labestiadeportiva.com\/lbd\/wp-content\/plugins\/jw-share-this\/fb.png\" alt=\"Share this page via Facebook\" \/>\n<\/a>\n<a target=\"_blank\" href=\"http:\/\/twitter.com\/intent\/tweet?text=I+like+https%3A%2F%2Flabestiadeportiva.com%2Flbd%2Fpresencia-argentina-en-hockenheim%2F&amp;title=Presencia+argentina+en+Hockenheim\">\n<img src=\"https:\/\/labestiadeportiva.com\/lbd\/wp-content\/plugins\/jw-share-this\/twitter.png\" alt=\"Share this page via Twitter\" \/>\n<\/a>\n<\/div>\n","protected":false},"excerpt":{"rendered":"<p>Por Daniel Campos ( Corresponsal LBD en Palma de Mallorca, Espa\u00f1a) El joven piloto argentino Giorgio Carrara disputar\u00e1 una prueba del ADAC F4, previo al GP de F\u00f3rmula 1 de Alemania. 1.037 veces le\u00edda Share this:<\/p>\n","protected":false},"author":1,"featured_media":28740,"comment_status":"open","ping_status":"open","sticky":false,"template":"","format":"standard","meta":[],"categories":[2176,4,1],"tags":[3635,86,83],"_links":{"self":[{"href":"https:\/\/labestiadeportiva.com\/lbd\/wp-json\/wp\/v2\/posts\/28739"}],"collection":[{"href":"https:\/\/labestiadeportiva.com\/lbd\/wp-json\/wp\/v2\/posts"}],"about":[{"href":"https:\/\/labestiadeportiva.com\/lbd\/wp-json\/wp\/v2\/types\/post"}],"author":[{"embeddable":true,"href":"https:\/\/labestiadeportiva.com\/lbd\/wp-json\/wp\/v2\/users\/1"}],"replies":[{"embeddable":true,"href":"https:\/\/labestiadeportiva.com\/lbd\/wp-json\/wp\/v2\/comments?post=28739"}],"version-history":[{"count":1,"href":"https:\/\/labestiadeportiva.com\/lbd\/wp-json\/wp\/v2\/posts\/28739\/revisions"}],"predecessor-version":[{"id":28741,"href":"https:\/\/labestiadeportiva.com\/lbd\/wp-json\/wp\/v2\/posts\/28739\/revisions\/28741"}],"wp:featuredmedia":[{"embeddable":true,"href":"https:\/\/labestiadeportiva.com\/lbd\/wp-json\/wp\/v2\/media\/28740"}],"wp:attachment":[{"href":"https:\/\/labestiadeportiva.com\/lbd\/wp-json\/wp\/v2\/media?parent=28739"}],"wp:term":[{"taxonomy":"category","embeddable":true,"href":"https:\/\/labestiadeportiva.com\/lbd\/wp-json\/wp\/v2\/categories?post=28739"},{"taxonomy":"post_tag","embeddable":true,"href":"https:\/\/labestiadeportiva.com\/lbd\/wp-json\/wp\/v2\/tags?post=28739"}],"curies":[{"name":"wp","href":"https:\/\/api.w.org\/{rel}","templated":true}]}}