{"id":28742,"date":"2018-07-11T00:16:42","date_gmt":"2018-07-11T03:16:42","guid":{"rendered":"http:\/\/labestiadeportiva.com\/lbd\/?p=28742"},"modified":"2018-07-11T00:16:42","modified_gmt":"2018-07-11T03:16:42","slug":"el-cau-y-un-programa-singular","status":"publish","type":"post","link":"https:\/\/labestiadeportiva.com\/lbd\/el-cau-y-un-programa-singular\/","title":{"rendered":"El CAU y un programa singular"},"content":{"rendered":"<p class=\"yiv1285480122MsoNormal\"><b><a href=\"http:\/\/labestiadeportiva.com\/lbd\/wp-content\/uploads\/2018\/07\/CAU_proysoc_EsquiFondo_post.jpg\"><img loading=\"lazy\" class=\"aligncenter size-medium wp-image-28743\" src=\"http:\/\/labestiadeportiva.com\/lbd\/wp-content\/uploads\/2018\/07\/CAU_proysoc_EsquiFondo_post-300x225.jpg\" alt=\"CAU_proysoc_EsquiFondo_post\" width=\"300\" height=\"225\" srcset=\"https:\/\/labestiadeportiva.com\/lbd\/wp-content\/uploads\/2018\/07\/CAU_proysoc_EsquiFondo_post-300x225.jpg 300w, https:\/\/labestiadeportiva.com\/lbd\/wp-content\/uploads\/2018\/07\/CAU_proysoc_EsquiFondo_post-1024x768.jpg 1024w, https:\/\/labestiadeportiva.com\/lbd\/wp-content\/uploads\/2018\/07\/CAU_proysoc_EsquiFondo_post.jpg 1200w\" sizes=\"(max-width: 300px) 100vw, 300px\" \/><\/a>En el marco del Programa Integral de Esqu\u00ed de Fondo el CAU convoca a empresas y organizaciones a transformarse en \u00abpadrinos\u00bb<\/b><b>\u00a0con el objetivo de acercar el esqu\u00ed de fondo a ni\u00f1os y ni\u00f1as de la ciudad. Fuente y fotos prensa Club Andino Ushuaia.<!--more--><\/b><\/p>\n<p>\u00a0Desde la instituci\u00f3n local lanzaron la novedosa propuesta. Una invitaci\u00f3n para empresas socialmente responsables (ESR) quienes con una contribuci\u00f3n activa y voluntaria pueden mejorar el entorno social, econ\u00f3mico y ambiental.<\/p>\n<p class=\"yiv1285480122MsoNormal\">El apadrinamiento del proyecto social de esqu\u00ed de fondo organizado por el CAU permitir\u00e1 que miles de ni\u00f1os de diferentes barrios y escuelas de Ushuaia puedan acceder a los centros invernales en los que se desarrolla la actividad entre los meses de junio y septiembre.<\/p>\n<p class=\"yiv1285480122MsoNormal\">Otro de los objetivos del proyecto es fomentar el deporte y amor por el entorno natural que nos rodea.<\/p>\n<p class=\"yiv1285480122MsoNormal\">La forma de colaborar contempla ayuda para la log\u00edstica que permitir\u00e1 acceder al aprendizaje y pr\u00e1ctica del esqu\u00ed de fondo en forma gratuita.<\/p>\n<p class=\"yiv1285480122MsoNormal\">El CAU coordinar\u00e1 los d\u00edas, horarios y el lugar de clases de esqu\u00ed de fondo, que podr\u00e1n ser en la Pista Jerman, el Centro Invernal Tierra Mayor, y\/o Cerro Castor.<\/p>\n<p class=\"yiv1285480122MsoNormal\">Para mayor informaci\u00f3n sobre como colaborar comunicarse con Pablo Valcheff (2901) 546277, Alem 2873, Ushuaia,\u00a0<a href=\"mailto:info@marchablanca.com\" target=\"_blank\" rel=\"nofollow\">info@marchablanca.com<\/a>.<\/p>\n<div class='epvc-post-count'><span class='epvc-eye'><\/span>  <span class=\"epvc-count\"> 1.026<\/span><span class='epvc-label'> veces le\u00edda<\/span><\/div>\n<div class=\"jwsharethis\">\nShare this: \n<br \/>\n<a href=\"mailto:?subject=El%20CAU%20y%20un%20programa%20singular&amp;body=https%3A%2F%2Flabestiadeportiva.com%2Flbd%2Fel-cau-y-un-programa-singular%2F\">\n<img src=\"https:\/\/labestiadeportiva.com\/lbd\/wp-content\/plugins\/jw-share-this\/email.png\" alt=\"Share this page via Email\" \/>\n<\/a>\n<a target=\"_blank\" href=\"http:\/\/www.stumbleupon.com\/submit?url=https%3A%2F%2Flabestiadeportiva.com%2Flbd%2Fel-cau-y-un-programa-singular%2F&amp;title=El+CAU+y+un+programa+singular\">\n<img src=\"https:\/\/labestiadeportiva.com\/lbd\/wp-content\/plugins\/jw-share-this\/su.png\" alt=\"Share this page via Stumble Upon\" \/>\n<\/a>\n<a target=\"_blank\" href=\"http:\/\/digg.com\/submit?url=https%3A%2F%2Flabestiadeportiva.com%2Flbd%2Fel-cau-y-un-programa-singular%2F&amp;title=El+CAU+y+un+programa+singular\">\n<img src=\"https:\/\/labestiadeportiva.com\/lbd\/wp-content\/plugins\/jw-share-this\/digg.png\" alt=\"Share this page via Digg this\" \/>\n<\/a>\n<a target=\"_blank\" href=\"http:\/\/www.facebook.com\/sharer.php?u=https%3A%2F%2Flabestiadeportiva.com%2Flbd%2Fel-cau-y-un-programa-singular%2F&amp;t=El+CAU+y+un+programa+singular\">\n<img src=\"https:\/\/labestiadeportiva.com\/lbd\/wp-content\/plugins\/jw-share-this\/fb.png\" alt=\"Share this page via Facebook\" \/>\n<\/a>\n<a target=\"_blank\" href=\"http:\/\/twitter.com\/intent\/tweet?text=I+like+https%3A%2F%2Flabestiadeportiva.com%2Flbd%2Fel-cau-y-un-programa-singular%2F&amp;title=El+CAU+y+un+programa+singular\">\n<img src=\"https:\/\/labestiadeportiva.com\/lbd\/wp-content\/plugins\/jw-share-this\/twitter.png\" alt=\"Share this page via Twitter\" \/>\n<\/a>\n<\/div>\n","protected":false},"excerpt":{"rendered":"<p>En el marco del Programa Integral de Esqu\u00ed de Fondo el CAU convoca a empresas y organizaciones a transformarse en \u00abpadrinos\u00bb\u00a0con el objetivo de acercar el esqu\u00ed de fondo a ni\u00f1os y ni\u00f1as de la ciudad. Fuente y fotos prensa Club Andino Ushuaia. 1.026 veces le\u00edda Share this:<\/p>\n","protected":false},"author":1,"featured_media":28743,"comment_status":"open","ping_status":"open","sticky":false,"template":"","format":"standard","meta":[],"categories":[5,41,29,1],"tags":[42,4832,83,3636],"_links":{"self":[{"href":"https:\/\/labestiadeportiva.com\/lbd\/wp-json\/wp\/v2\/posts\/28742"}],"collection":[{"href":"https:\/\/labestiadeportiva.com\/lbd\/wp-json\/wp\/v2\/posts"}],"about":[{"href":"https:\/\/labestiadeportiva.com\/lbd\/wp-json\/wp\/v2\/types\/post"}],"author":[{"embeddable":true,"href":"https:\/\/labestiadeportiva.com\/lbd\/wp-json\/wp\/v2\/users\/1"}],"replies":[{"embeddable":true,"href":"https:\/\/labestiadeportiva.com\/lbd\/wp-json\/wp\/v2\/comments?post=28742"}],"version-history":[{"count":1,"href":"https:\/\/labestiadeportiva.com\/lbd\/wp-json\/wp\/v2\/posts\/28742\/revisions"}],"predecessor-version":[{"id":28744,"href":"https:\/\/labestiadeportiva.com\/lbd\/wp-json\/wp\/v2\/posts\/28742\/revisions\/28744"}],"wp:featuredmedia":[{"embeddable":true,"href":"https:\/\/labestiadeportiva.com\/lbd\/wp-json\/wp\/v2\/media\/28743"}],"wp:attachment":[{"href":"https:\/\/labestiadeportiva.com\/lbd\/wp-json\/wp\/v2\/media?parent=28742"}],"wp:term":[{"taxonomy":"category","embeddable":true,"href":"https:\/\/labestiadeportiva.com\/lbd\/wp-json\/wp\/v2\/categories?post=28742"},{"taxonomy":"post_tag","embeddable":true,"href":"https:\/\/labestiadeportiva.com\/lbd\/wp-json\/wp\/v2\/tags?post=28742"}],"curies":[{"name":"wp","href":"https:\/\/api.w.org\/{rel}","templated":true}]}}