{"id":28778,"date":"2018-07-11T22:38:30","date_gmt":"2018-07-12T01:38:30","guid":{"rendered":"http:\/\/labestiadeportiva.com\/lbd\/?p=28778"},"modified":"2018-07-11T22:38:30","modified_gmt":"2018-07-12T01:38:30","slug":"fin-de-semana-para-olvidar","status":"publish","type":"post","link":"https:\/\/labestiadeportiva.com\/lbd\/fin-de-semana-para-olvidar\/","title":{"rendered":"Fin de semana para olvidar"},"content":{"rendered":"<p>Por Daniel Campos (Corresponsal LBD en Palma de Mallorca, Espa\u00f1a)<\/p>\n<p><a href=\"http:\/\/labestiadeportiva.com\/lbd\/wp-content\/uploads\/2018\/07\/Cioci-Serra.jpg\"><img loading=\"lazy\" class=\"aligncenter size-medium wp-image-28779\" src=\"http:\/\/labestiadeportiva.com\/lbd\/wp-content\/uploads\/2018\/07\/Cioci-Serra-300x199.jpg\" alt=\"Cioci-Serra\" width=\"300\" height=\"199\" srcset=\"https:\/\/labestiadeportiva.com\/lbd\/wp-content\/uploads\/2018\/07\/Cioci-Serra-300x199.jpg 300w, https:\/\/labestiadeportiva.com\/lbd\/wp-content\/uploads\/2018\/07\/Cioci-Serra.jpg 1000w\" sizes=\"(max-width: 300px) 100vw, 300px\" \/><\/a>El argentino Juan Cruz \u00c1lvarez no tuvo un buen fin de semana en la cuarta fecha del campeonato GT Open en las dos pruebas disputadas en el trazado de Hungaroring.<!--more--><\/p>\n<p>En la primera prueba, la del d\u00eda s\u00e1bado, larg\u00f3 desde la parte media de la parrilla y al cumplir la primera vuelta se ubicaba en la 17\u00b0 posici\u00f3n.<\/p>\n<p>A pesar de que el BMW M6 dispon\u00eda de mayor velocidad punta que el resto de autos de su categor\u00eda, el nutrido parque automotor (27 autos ) y lo estrecho del circuito h\u00fangaro, le impidieron progresar en el clasificador.<\/p>\n<p>Cuando lleg\u00f3 el momento del recambio de pilotos, su compa\u00f1ero Louren\u00e7o Beirao da Veiga, se hizo cargo del coche, regresando a pista en la 12\u00b0 posici\u00f3n, pero muy pronto tuvo que volver a la calle de boxes y tras varios minutos all\u00ed se produjo el abandono definitivo.<\/p>\n<p>Esa primera carrera la gan\u00f3 el binomio Cioci-Serra del equipo Luzich Racing a los mandos de un Ferrari 488 GT3.<\/p>\n<p>El d\u00eda domingo se esperaba en el seno de la escuder\u00eda de Teo Martin, haber subsanado los problemas que obligaron al arrecife\u00f1o a ver la carrera desde el muro de boxes.<\/p>\n<p>Pero no hubo suerte otra vez, el auto n\u00famero 3 dej\u00f3 tirado al binomio argentino-portugu\u00e9s.<\/p>\n<p>Justo cuando se produc\u00eda el recambio de pilotos y se cumpl\u00eda media hora de competencia, el motor del BMW dijo basta.<\/p>\n<p>Esta segunda prueba fue ganada por la pareja brasile\u00f1a Hanh-Khodair del equipo Drivex School, que llevaron al triunfo un Mercedes Benz AMG GT3.<\/p>\n<p>La pr\u00f3xima cita del torneo tendr\u00e1 lugar en el circuito ingl\u00e9s de Silverstone, el 1 y 2 del mes de septiembre.<\/p>\n<p>1\u00b0 Carrera<br \/>\nAs\u00ed llegaron:<br \/>\n1\u00b0 Cioci -Serra \u2013Luzich Racing en 1:10:08,711<br \/>\n2\u00b0Pier Burg-Onslow-Cole- SPS Automotive Perfomance en 3,917<br \/>\n3\u00b0 Crestani-Ramos- Daiko Lazarus Racing a 4,590<\/p>\n<p>2\u00b0 Carrera<br \/>\nAs\u00ed llegaron:<br \/>\n1\u00b0 Hanh-Khodar-Drivex School en 1:00:10,452<br \/>\n2\u00b0 Agostini-Breukers- Imperiale Racing a 1,792<br \/>\n3\u00b0Liberati-Ling- Vincenzo Sospiri Racing a 5,181<\/p>\n<p>El Mundial de pilotos<br \/>\n1\u00b0 M. Mac (DNK) 72 pts.<br \/>\n2\u00b0 A. Saravia (GTM) F. Rueda (ESP) 62 pts.<br \/>\n3\u00b0 A. Pier Guidi (ITA) 56 pts.<br \/>\n11\u00b0 J. C. \u00c1lvarez (ARG)L.B. da Veiga (POR) 29 pts.<\/p>\n<p>La pr\u00f3xima competencia, el 1 y 2 de septiembre, en Silverstone, Inglaterra.<\/p>\n<div class='epvc-post-count'><span class='epvc-eye'><\/span>  <span class=\"epvc-count\"> 989<\/span><span class='epvc-label'> veces le\u00edda<\/span><\/div>\n<div class=\"jwsharethis\">\nShare this: \n<br \/>\n<a href=\"mailto:?subject=Fin%20de%20semana%20para%20olvidar&amp;body=https%3A%2F%2Flabestiadeportiva.com%2Flbd%2Ffin-de-semana-para-olvidar%2F\">\n<img src=\"https:\/\/labestiadeportiva.com\/lbd\/wp-content\/plugins\/jw-share-this\/email.png\" alt=\"Share this page via Email\" \/>\n<\/a>\n<a target=\"_blank\" href=\"http:\/\/www.stumbleupon.com\/submit?url=https%3A%2F%2Flabestiadeportiva.com%2Flbd%2Ffin-de-semana-para-olvidar%2F&amp;title=Fin+de+semana+para+olvidar\">\n<img src=\"https:\/\/labestiadeportiva.com\/lbd\/wp-content\/plugins\/jw-share-this\/su.png\" alt=\"Share this page via Stumble Upon\" \/>\n<\/a>\n<a target=\"_blank\" href=\"http:\/\/digg.com\/submit?url=https%3A%2F%2Flabestiadeportiva.com%2Flbd%2Ffin-de-semana-para-olvidar%2F&amp;title=Fin+de+semana+para+olvidar\">\n<img src=\"https:\/\/labestiadeportiva.com\/lbd\/wp-content\/plugins\/jw-share-this\/digg.png\" alt=\"Share this page via Digg this\" \/>\n<\/a>\n<a target=\"_blank\" href=\"http:\/\/www.facebook.com\/sharer.php?u=https%3A%2F%2Flabestiadeportiva.com%2Flbd%2Ffin-de-semana-para-olvidar%2F&amp;t=Fin+de+semana+para+olvidar\">\n<img src=\"https:\/\/labestiadeportiva.com\/lbd\/wp-content\/plugins\/jw-share-this\/fb.png\" alt=\"Share this page via Facebook\" \/>\n<\/a>\n<a target=\"_blank\" href=\"http:\/\/twitter.com\/intent\/tweet?text=I+like+https%3A%2F%2Flabestiadeportiva.com%2Flbd%2Ffin-de-semana-para-olvidar%2F&amp;title=Fin+de+semana+para+olvidar\">\n<img src=\"https:\/\/labestiadeportiva.com\/lbd\/wp-content\/plugins\/jw-share-this\/twitter.png\" alt=\"Share this page via Twitter\" \/>\n<\/a>\n<\/div>\n","protected":false},"excerpt":{"rendered":"<p>Por Daniel Campos (Corresponsal LBD en Palma de Mallorca, Espa\u00f1a) El argentino Juan Cruz \u00c1lvarez no tuvo un buen fin de semana en la cuarta fecha del campeonato GT Open en las dos pruebas disputadas en el trazado de Hungaroring. 989 veces le\u00edda Share this:<\/p>\n","protected":false},"author":1,"featured_media":28779,"comment_status":"open","ping_status":"open","sticky":false,"template":"","format":"standard","meta":[],"categories":[2176,3032,1],"tags":[86,3613,83],"_links":{"self":[{"href":"https:\/\/labestiadeportiva.com\/lbd\/wp-json\/wp\/v2\/posts\/28778"}],"collection":[{"href":"https:\/\/labestiadeportiva.com\/lbd\/wp-json\/wp\/v2\/posts"}],"about":[{"href":"https:\/\/labestiadeportiva.com\/lbd\/wp-json\/wp\/v2\/types\/post"}],"author":[{"embeddable":true,"href":"https:\/\/labestiadeportiva.com\/lbd\/wp-json\/wp\/v2\/users\/1"}],"replies":[{"embeddable":true,"href":"https:\/\/labestiadeportiva.com\/lbd\/wp-json\/wp\/v2\/comments?post=28778"}],"version-history":[{"count":1,"href":"https:\/\/labestiadeportiva.com\/lbd\/wp-json\/wp\/v2\/posts\/28778\/revisions"}],"predecessor-version":[{"id":28780,"href":"https:\/\/labestiadeportiva.com\/lbd\/wp-json\/wp\/v2\/posts\/28778\/revisions\/28780"}],"wp:featuredmedia":[{"embeddable":true,"href":"https:\/\/labestiadeportiva.com\/lbd\/wp-json\/wp\/v2\/media\/28779"}],"wp:attachment":[{"href":"https:\/\/labestiadeportiva.com\/lbd\/wp-json\/wp\/v2\/media?parent=28778"}],"wp:term":[{"taxonomy":"category","embeddable":true,"href":"https:\/\/labestiadeportiva.com\/lbd\/wp-json\/wp\/v2\/categories?post=28778"},{"taxonomy":"post_tag","embeddable":true,"href":"https:\/\/labestiadeportiva.com\/lbd\/wp-json\/wp\/v2\/tags?post=28778"}],"curies":[{"name":"wp","href":"https:\/\/api.w.org\/{rel}","templated":true}]}}