{"id":28877,"date":"2018-07-23T13:21:00","date_gmt":"2018-07-23T16:21:00","guid":{"rendered":"http:\/\/labestiadeportiva.com\/lbd\/?p=28877"},"modified":"2020-06-12T15:02:51","modified_gmt":"2020-06-12T18:02:51","slug":"belgrano-se-quedo-con-el-clasico-cordobes-2","status":"publish","type":"post","link":"https:\/\/labestiadeportiva.com\/lbd\/belgrano-se-quedo-con-el-clasico-cordobes-2\/","title":{"rendered":"Belgrano se qued\u00f3 con el cl\u00e1sico cordob\u00e9s"},"content":{"rendered":"<p style=\"text-align: center;\"><strong>Por Mart\u00edn Tinka Velasco (Corresponsal LBD en C\u00f3rdoba)<br \/>\n<\/strong><\/p>\n<p><a href=\"http:\/\/labestiadeportiva.com\/lbd\/wp-content\/uploads\/2018\/07\/belgrano.jpg\"><img loading=\"lazy\" class=\"aligncenter size-medium wp-image-28879\" src=\"http:\/\/labestiadeportiva.com\/lbd\/wp-content\/uploads\/2018\/07\/belgrano-300x200.jpg\" alt=\"belgrano\" width=\"300\" height=\"200\" srcset=\"https:\/\/labestiadeportiva.com\/lbd\/wp-content\/uploads\/2018\/07\/belgrano-300x200.jpg 300w, https:\/\/labestiadeportiva.com\/lbd\/wp-content\/uploads\/2018\/07\/belgrano-1024x682.jpg 1024w, https:\/\/labestiadeportiva.com\/lbd\/wp-content\/uploads\/2018\/07\/belgrano.jpg 1280w\" sizes=\"(max-width: 300px) 100vw, 300px\" \/><\/a><\/p>\n<p style=\"text-align: center;\"><strong>El Pirata venci\u00f3 a Talleres por 2-1 y obtuvo la \u00abCopa C\u00f3rdoba entre todos\u00bb. Su\u00e1rez y Sequeria anotaron para el conjunto de Alberdi, mientras que Gandolfi hab\u00eda marcado el empate transitorio de la T.<\/strong><!--more--><\/p>\n<p>Cada duelo entre los dos equipos m\u00e1s grandes de la Docta da que hablar, sin importar la condici\u00f3n, categor\u00eda y \u00e9poca del a\u00f1o. Este domingo se vivi\u00f3 una nueva edici\u00f3n, en este caso amistoso pero con los condimentos t\u00edpicos de cl\u00e1sico.<\/p>\n<p>Ambas hinchadas se hicieron presentes en el Estadio Mario Alberto Kempes, d\u00e1ndole color a la tarde cordobesa. Belgrano peg\u00f3 primero a trav\u00e9s de su capit\u00e1n Mat\u00edas Su\u00e1rez, quien en 25 minutos de la etapa inicial abri\u00f3 el marcador. Poco despu\u00e9s lleg\u00f3 la igualdad Matadora con el tanto del experimentado Javier Gandolfi, aprovechando un error de c\u00e1lculo del arquero Rigamonti. Con el 1-1 se fueron a los vestuarios.<\/p>\n<p>El complemento mostr\u00f3 mejor a Belgrano, que aprovech\u00f3 la gran tarde de Su\u00e1rez, la figura de la cancha, para volver a sacar ventaja. En este caso, el 10 Pirata realiz\u00f3 una corrida que deriv\u00f3 en Leonardo Sequeira, que debi\u00f3 recurrir a una doble definici\u00f3n para batir a Herrera y colocar el 2-1 que resultar\u00eda siendo definitivo.<\/p>\n<p>Pese al marcador en contra, los ahora dirigidos por Juan Pablo Vojvoda intentaron crear circuitos de juego pero carecieron de ideas en la elaboraci\u00f3n, aspecto en el cual el entrenador deber\u00e1 trabajar si quiere conseguir funcionamiento tras las partidas de varios jugadores importantes. El resultado final fue justo, ya que los de Bernardi (tambi\u00e9n debutante) fueron mejores a lo largo de todo el tr\u00e1mite y evidenciaron un planteo correcto para doblegar a su eterno rival.<\/p>\n<p>Dentro de la cancha la fiesta fue Celeste, pero el premio mayor deben llev\u00e1rselo las dos hinchadas que convivieron en el Estadio sin mediar ning\u00fan inconveniente, demostrando que en un partido de tal magnitud basta con buena predisposici\u00f3n y una organizaci\u00f3n acorde al marco para que el espect\u00e1culo sea completo.<\/p>\n<p>El resumen del partido:<\/p>\n<p>https:\/\/youtu.be\/6Bv73KbJpcQ<\/p>\n<div class='epvc-post-count'><span class='epvc-eye'><\/span>  <span class=\"epvc-count\"> 1.256<\/span><span class='epvc-label'> veces le\u00edda<\/span><\/div>\n<div class=\"jwsharethis\">\nShare this: \n<br \/>\n<a href=\"mailto:?subject=Belgrano%20se%20qued%C3%B3%20con%20el%20cl%C3%A1sico%20cordob%C3%A9s&amp;body=https%3A%2F%2Flabestiadeportiva.com%2Flbd%2Fbelgrano-se-quedo-con-el-clasico-cordobes-2%2F\">\n<img src=\"https:\/\/labestiadeportiva.com\/lbd\/wp-content\/plugins\/jw-share-this\/email.png\" alt=\"Share this page via Email\" \/>\n<\/a>\n<a target=\"_blank\" href=\"http:\/\/www.stumbleupon.com\/submit?url=https%3A%2F%2Flabestiadeportiva.com%2Flbd%2Fbelgrano-se-quedo-con-el-clasico-cordobes-2%2F&amp;title=Belgrano+se+qued%C3%B3+con+el+cl%C3%A1sico+cordob%C3%A9s\">\n<img src=\"https:\/\/labestiadeportiva.com\/lbd\/wp-content\/plugins\/jw-share-this\/su.png\" alt=\"Share this page via Stumble Upon\" \/>\n<\/a>\n<a target=\"_blank\" href=\"http:\/\/digg.com\/submit?url=https%3A%2F%2Flabestiadeportiva.com%2Flbd%2Fbelgrano-se-quedo-con-el-clasico-cordobes-2%2F&amp;title=Belgrano+se+qued%C3%B3+con+el+cl%C3%A1sico+cordob%C3%A9s\">\n<img src=\"https:\/\/labestiadeportiva.com\/lbd\/wp-content\/plugins\/jw-share-this\/digg.png\" alt=\"Share this page via Digg this\" \/>\n<\/a>\n<a target=\"_blank\" href=\"http:\/\/www.facebook.com\/sharer.php?u=https%3A%2F%2Flabestiadeportiva.com%2Flbd%2Fbelgrano-se-quedo-con-el-clasico-cordobes-2%2F&amp;t=Belgrano+se+qued%C3%B3+con+el+cl%C3%A1sico+cordob%C3%A9s\">\n<img src=\"https:\/\/labestiadeportiva.com\/lbd\/wp-content\/plugins\/jw-share-this\/fb.png\" alt=\"Share this page via Facebook\" \/>\n<\/a>\n<a target=\"_blank\" href=\"http:\/\/twitter.com\/intent\/tweet?text=I+like+https%3A%2F%2Flabestiadeportiva.com%2Flbd%2Fbelgrano-se-quedo-con-el-clasico-cordobes-2%2F&amp;title=Belgrano+se+qued%C3%B3+con+el+cl%C3%A1sico+cordob%C3%A9s\">\n<img src=\"https:\/\/labestiadeportiva.com\/lbd\/wp-content\/plugins\/jw-share-this\/twitter.png\" alt=\"Share this page via Twitter\" \/>\n<\/a>\n<\/div>\n","protected":false},"excerpt":{"rendered":"<p>Por Mart\u00edn Tinka Velasco (Corresponsal LBD en C\u00f3rdoba) El Pirata venci\u00f3 a Talleres por 2-1 y obtuvo la \u00abCopa C\u00f3rdoba entre todos\u00bb. Su\u00e1rez y Sequeria anotaron para el conjunto de Alberdi, mientras que Gandolfi hab\u00eda marcado el empate transitorio de la T. 1.256 veces le\u00edda Share this:<\/p>\n","protected":false},"author":1,"featured_media":28879,"comment_status":"open","ping_status":"open","sticky":false,"template":"","format":"standard","meta":[],"categories":[680],"tags":[1230,1209,470,2406,1154,3645],"_links":{"self":[{"href":"https:\/\/labestiadeportiva.com\/lbd\/wp-json\/wp\/v2\/posts\/28877"}],"collection":[{"href":"https:\/\/labestiadeportiva.com\/lbd\/wp-json\/wp\/v2\/posts"}],"about":[{"href":"https:\/\/labestiadeportiva.com\/lbd\/wp-json\/wp\/v2\/types\/post"}],"author":[{"embeddable":true,"href":"https:\/\/labestiadeportiva.com\/lbd\/wp-json\/wp\/v2\/users\/1"}],"replies":[{"embeddable":true,"href":"https:\/\/labestiadeportiva.com\/lbd\/wp-json\/wp\/v2\/comments?post=28877"}],"version-history":[{"count":2,"href":"https:\/\/labestiadeportiva.com\/lbd\/wp-json\/wp\/v2\/posts\/28877\/revisions"}],"predecessor-version":[{"id":35914,"href":"https:\/\/labestiadeportiva.com\/lbd\/wp-json\/wp\/v2\/posts\/28877\/revisions\/35914"}],"wp:featuredmedia":[{"embeddable":true,"href":"https:\/\/labestiadeportiva.com\/lbd\/wp-json\/wp\/v2\/media\/28879"}],"wp:attachment":[{"href":"https:\/\/labestiadeportiva.com\/lbd\/wp-json\/wp\/v2\/media?parent=28877"}],"wp:term":[{"taxonomy":"category","embeddable":true,"href":"https:\/\/labestiadeportiva.com\/lbd\/wp-json\/wp\/v2\/categories?post=28877"},{"taxonomy":"post_tag","embeddable":true,"href":"https:\/\/labestiadeportiva.com\/lbd\/wp-json\/wp\/v2\/tags?post=28877"}],"curies":[{"name":"wp","href":"https:\/\/api.w.org\/{rel}","templated":true}]}}