{"id":28980,"date":"2018-07-31T12:45:59","date_gmt":"2018-07-31T15:45:59","guid":{"rendered":"http:\/\/labestiadeportiva.com\/lbd\/?p=28980"},"modified":"2018-07-31T14:07:51","modified_gmt":"2018-07-31T17:07:51","slug":"carrara-en-imola","status":"publish","type":"post","link":"https:\/\/labestiadeportiva.com\/lbd\/carrara-en-imola\/","title":{"rendered":"Carrara en Imola"},"content":{"rendered":"<p><a href=\"http:\/\/labestiadeportiva.com\/lbd\/wp-content\/uploads\/2018\/07\/giorgiocarrara-H.jpg\"><img loading=\"lazy\" class=\"aligncenter size-medium wp-image-28981\" src=\"http:\/\/labestiadeportiva.com\/lbd\/wp-content\/uploads\/2018\/07\/giorgiocarrara-H-300x200.jpg\" alt=\"giorgiocarrara H\" width=\"300\" height=\"200\" srcset=\"https:\/\/labestiadeportiva.com\/lbd\/wp-content\/uploads\/2018\/07\/giorgiocarrara-H-300x200.jpg 300w, https:\/\/labestiadeportiva.com\/lbd\/wp-content\/uploads\/2018\/07\/giorgiocarrara-H-1024x683.jpg 1024w, https:\/\/labestiadeportiva.com\/lbd\/wp-content\/uploads\/2018\/07\/giorgiocarrara-H.jpg 1920w\" sizes=\"(max-width: 300px) 100vw, 300px\" \/><\/a><\/p>\n<p style=\"text-align: center;\"><strong>Por Daniel Campos (Corresponsal LBD en Palma de Mallorca, Espa\u00f1a)<\/strong><\/p>\n<p>Este fin de semana se disput\u00f3 la quinta fecha del campeonato de F4 italiana, en el circuito Enzo y Dino Ferrari, donde hubo presencia argentina.<!--more--><\/p>\n<p>El chaque\u00f1o Giorgio Carrara, tras su breve incursi\u00f3n por la F4 alemana, volvi\u00f3 a la pen\u00ednsula it\u00e1lica para seguir compitiendo con el equipo Jenzer Motorsports.<\/p>\n<p>Recordemos que el mismo fin de semana en que la F-1 se present\u00f3 en Hockenheimring, la categor\u00eda promocional celebr\u00f3 all\u00ed dos carreras correspondiente a la quinta fecha del torneo alem\u00e1n.<\/p>\n<p>En la primera de ellas, Carrara termin\u00f3 en 15\u00b0 posici\u00f3n, y en la segunda prueba alcanz\u00f3 la 23\u00b0 posici\u00f3n final. Vamos ahora con lo sucedido en \u00cdmola.<\/p>\n<p>En la primera de las tres pruebas a las que estaba pactada esta fecha, el triunfo correspondi\u00f3 al piloto italiano Lorandi, quien se puso por delante apenas iniciada la competencia, dejando atr\u00e1s a los hombres de la pole, Malvestiti y Fittipaldi.<\/p>\n<p>El piloto argentino, que tambi\u00e9n larg\u00f3 muy bien, atac\u00f3 la posici\u00f3n del brasile\u00f1o del equipo Prema Theodore Racing y cuando \u00e9ste intent\u00f3 superar a Lorandi, Carrara se col\u00f3 en la tercera posici\u00f3n.<\/p>\n<p>A poco del final, una salida de pista del auto de Ido Cohen en su lucha con el Oliver Rasmussen, provoc\u00f3 el ingreso del auto de sed guridad.<\/p>\n<p>Todo el pelot\u00f3n se compact\u00f3, pero las posiciones finales no se modificaron.<\/p>\n<p>Al d\u00eda siguiente se disputaron dos carreras, en la primera de ellas, por la ma\u00f1ana, el argentino no tuvo mejor suerte y debi\u00f3 conformarse con alcanzar el 10\u00b0 puesto, luego de llegar a ubicarse octavo.<\/p>\n<p>La prueba fue ganada por el volante local Lorandi, seguido del brit\u00e1nico Caldwell, y el tercer escal\u00f3n del podio para el brasile\u00f1o Fittipaldi.<\/p>\n<p>En la tercera carrera, ya en el turno tarde, el triunfo le correspondi\u00f3 al piloto italiano Federico Malvestiti, sumando as\u00ed su primera victoria en la categor\u00eda.<\/p>\n<p>Desde la pole no abandon\u00f3 esa posici\u00f3n y le acompa\u00f1aron en el podio Enzo Fittipaldi y Petr Ptacek.<\/p>\n<p>Nuestro representante volvi\u00f3 a repetir posici\u00f3n llegando en 10\u00b0 lugar. La pr\u00f3xima cita del campeonato italiano de F4 se realizar\u00e1 en el circuito romano de Vallelunga, del 15 al 16 de septiembre.<\/p>\n<p><a href=\"http:\/\/labestiadeportiva.com\/lbd\/wp-content\/uploads\/2018\/07\/Podio-Carrara-sabado.jpg\"><img loading=\"lazy\" class=\"aligncenter size-medium wp-image-28982\" src=\"http:\/\/labestiadeportiva.com\/lbd\/wp-content\/uploads\/2018\/07\/Podio-Carrara-sabado-300x200.jpg\" alt=\"Podio-Carrara-sabado\" width=\"300\" height=\"200\" srcset=\"https:\/\/labestiadeportiva.com\/lbd\/wp-content\/uploads\/2018\/07\/Podio-Carrara-sabado-300x200.jpg 300w, https:\/\/labestiadeportiva.com\/lbd\/wp-content\/uploads\/2018\/07\/Podio-Carrara-sabado.jpg 900w\" sizes=\"(max-width: 300px) 100vw, 300px\" \/><\/a>El Mundial de pilotos<br \/>\n1\u00b0 E. Fittipaldi (BRA) 178 pts<br \/>\n2\u00b0L. Lorandi (ITA) 177 pts.<br \/>\n3\u00b0 O. Caldwell (GB) 131 pts.<br \/>\n10\u00b0 G. Carrara (ARG) 63 pts.<\/p>\n<p>La pr\u00f3xima competencia, del 15 al 16 de septiembre, en Vallelunga.<\/p>\n<div class='epvc-post-count'><span class='epvc-eye'><\/span>  <span class=\"epvc-count\"> 1.096<\/span><span class='epvc-label'> veces le\u00edda<\/span><\/div>\n<div class=\"jwsharethis\">\nShare this: \n<br \/>\n<a href=\"mailto:?subject=Carrara%20en%20Imola&amp;body=https%3A%2F%2Flabestiadeportiva.com%2Flbd%2Fcarrara-en-imola%2F\">\n<img src=\"https:\/\/labestiadeportiva.com\/lbd\/wp-content\/plugins\/jw-share-this\/email.png\" alt=\"Share this page via Email\" \/>\n<\/a>\n<a target=\"_blank\" href=\"http:\/\/www.stumbleupon.com\/submit?url=https%3A%2F%2Flabestiadeportiva.com%2Flbd%2Fcarrara-en-imola%2F&amp;title=Carrara+en+Imola\">\n<img src=\"https:\/\/labestiadeportiva.com\/lbd\/wp-content\/plugins\/jw-share-this\/su.png\" alt=\"Share this page via Stumble Upon\" \/>\n<\/a>\n<a target=\"_blank\" href=\"http:\/\/digg.com\/submit?url=https%3A%2F%2Flabestiadeportiva.com%2Flbd%2Fcarrara-en-imola%2F&amp;title=Carrara+en+Imola\">\n<img src=\"https:\/\/labestiadeportiva.com\/lbd\/wp-content\/plugins\/jw-share-this\/digg.png\" alt=\"Share this page via Digg this\" \/>\n<\/a>\n<a target=\"_blank\" href=\"http:\/\/www.facebook.com\/sharer.php?u=https%3A%2F%2Flabestiadeportiva.com%2Flbd%2Fcarrara-en-imola%2F&amp;t=Carrara+en+Imola\">\n<img src=\"https:\/\/labestiadeportiva.com\/lbd\/wp-content\/plugins\/jw-share-this\/fb.png\" alt=\"Share this page via Facebook\" \/>\n<\/a>\n<a target=\"_blank\" href=\"http:\/\/twitter.com\/intent\/tweet?text=I+like+https%3A%2F%2Flabestiadeportiva.com%2Flbd%2Fcarrara-en-imola%2F&amp;title=Carrara+en+Imola\">\n<img src=\"https:\/\/labestiadeportiva.com\/lbd\/wp-content\/plugins\/jw-share-this\/twitter.png\" alt=\"Share this page via Twitter\" \/>\n<\/a>\n<\/div>\n","protected":false},"excerpt":{"rendered":"<p>Por Daniel Campos (Corresponsal LBD en Palma de Mallorca, Espa\u00f1a) Este fin de semana se disput\u00f3 la quinta fecha del campeonato de F4 italiana, en el circuito Enzo y Dino Ferrari, donde hubo presencia argentina. 1.096 veces le\u00edda Share this:<\/p>\n","protected":false},"author":1,"featured_media":28981,"comment_status":"open","ping_status":"open","sticky":false,"template":"","format":"standard","meta":[],"categories":[2176,4,1],"tags":[86,3654,83],"_links":{"self":[{"href":"https:\/\/labestiadeportiva.com\/lbd\/wp-json\/wp\/v2\/posts\/28980"}],"collection":[{"href":"https:\/\/labestiadeportiva.com\/lbd\/wp-json\/wp\/v2\/posts"}],"about":[{"href":"https:\/\/labestiadeportiva.com\/lbd\/wp-json\/wp\/v2\/types\/post"}],"author":[{"embeddable":true,"href":"https:\/\/labestiadeportiva.com\/lbd\/wp-json\/wp\/v2\/users\/1"}],"replies":[{"embeddable":true,"href":"https:\/\/labestiadeportiva.com\/lbd\/wp-json\/wp\/v2\/comments?post=28980"}],"version-history":[{"count":3,"href":"https:\/\/labestiadeportiva.com\/lbd\/wp-json\/wp\/v2\/posts\/28980\/revisions"}],"predecessor-version":[{"id":28990,"href":"https:\/\/labestiadeportiva.com\/lbd\/wp-json\/wp\/v2\/posts\/28980\/revisions\/28990"}],"wp:featuredmedia":[{"embeddable":true,"href":"https:\/\/labestiadeportiva.com\/lbd\/wp-json\/wp\/v2\/media\/28981"}],"wp:attachment":[{"href":"https:\/\/labestiadeportiva.com\/lbd\/wp-json\/wp\/v2\/media?parent=28980"}],"wp:term":[{"taxonomy":"category","embeddable":true,"href":"https:\/\/labestiadeportiva.com\/lbd\/wp-json\/wp\/v2\/categories?post=28980"},{"taxonomy":"post_tag","embeddable":true,"href":"https:\/\/labestiadeportiva.com\/lbd\/wp-json\/wp\/v2\/tags?post=28980"}],"curies":[{"name":"wp","href":"https:\/\/api.w.org\/{rel}","templated":true}]}}