{"id":29032,"date":"2018-08-04T20:05:08","date_gmt":"2018-08-04T23:05:08","guid":{"rendered":"http:\/\/labestiadeportiva.com\/lbd\/?p=29032"},"modified":"2018-08-04T20:05:08","modified_gmt":"2018-08-04T23:05:08","slug":"termas-le-sienta-bien","status":"publish","type":"post","link":"https:\/\/labestiadeportiva.com\/lbd\/termas-le-sienta-bien\/","title":{"rendered":"\u00abTermas\u00bb le sienta bien"},"content":{"rendered":"<p>Por Javier Nicol\u00e1s Baroli (Corresponsal LBD en R\u00edo Gallegos)<\/p>\n<p><a href=\"http:\/\/labestiadeportiva.com\/lbd\/wp-content\/uploads\/2018\/08\/IMG-20180804-WA0051.jpg\"><img loading=\"lazy\" class=\"aligncenter size-medium wp-image-29034\" src=\"http:\/\/labestiadeportiva.com\/lbd\/wp-content\/uploads\/2018\/08\/IMG-20180804-WA0051-225x300.jpg\" alt=\"IMG-20180804-WA0051\" width=\"225\" height=\"300\" srcset=\"https:\/\/labestiadeportiva.com\/lbd\/wp-content\/uploads\/2018\/08\/IMG-20180804-WA0051-225x300.jpg 225w, https:\/\/labestiadeportiva.com\/lbd\/wp-content\/uploads\/2018\/08\/IMG-20180804-WA0051-768x1024.jpg 768w, https:\/\/labestiadeportiva.com\/lbd\/wp-content\/uploads\/2018\/08\/IMG-20180804-WA0051.jpg 960w\" sizes=\"(max-width: 225px) 100vw, 225px\" \/><\/a>Sebasti\u00e1n G\u00f3mez, quien viene de hacer podio en la \u00faltima carrera de la categor\u00eda, logr\u00f3 la tercera posici\u00f3n en la clasificaci\u00f3n general del Turismo Nacional Clase 3, lo que representa para el piloto de Rio Gallegos largar primero en la tercer serie de ma\u00f1ana.<!--more--><\/p>\n<p>No caben dudas de que Seba se siente muy c\u00f3modo en el autodromo de Termas de Rio Hondo en Santiago del Estero.<\/p>\n<p>Basta recordar aquella \u00e9pica victoria en el 2013 con el Kia Ceratto o el segundo lugar el a\u00f1o pasado con este mismo auto.<\/p>\n<p>Hoy \u00abSeba\u00bb dio muestras sobradas de su capacidad de manejo, y le basto s\u00f3lo una vuelta para terminar tercero en la jornada de clasificaci\u00f3n.<\/p>\n<p>La jornada hab\u00eda comenzado con las tradicionales pruebas libres, en donde hab\u00eda terminado 7\u00b0 y 10\u00b0 respectivamente en las dos tandas.<\/p>\n<p>Sin embargo y seg\u00fan declaraciones del propio piloto \u00abse trabaj\u00f3 y se corrijio la puesta a punto para cerrar una excelente vuelta que nos permiti\u00f3 terminar terceros\u00bb.<\/p>\n<p>La cada vez m\u00e1s com\u00fan estrategia de los equipos, oblig\u00f3 que todos los pilotos de su tanda dieran una sola vuelta para clasificar con la presi\u00f3n que ello demanda \u00absab\u00edamos que nadie quer\u00eda regalar nada, a falta de 2 minutos Fabrizio Pezzini sali\u00f3 que era quien ten\u00eda el mejor tiempo de las pruebas, y ah\u00ed salimos todos para aprovechar la succi\u00f3n, que es fundamental para cerrar una buena vuelta\u00bb<\/p>\n<p>Finalmente y consultado sobre c\u00f3mo esperan que se de el Domingo G\u00f3mez se\u00f1al\u00f3 \u00abel auto va muy bien, vamos a realizar peque\u00f1os ajustes pero estamos muy conformes.<\/p>\n<p>Hay una diferencia importante en los Toyota, se nos va a hacer dif\u00edcil correrlos, pero estamos muy confiados en lo que podemos hacer, as\u00ed que queremos dejar bien representada a la marca, a la familia, a los sponsor que nos apoyan, y sobre todo a Santa Cruz y la Patagonia\u00bb<\/p>\n<div class='epvc-post-count'><span class='epvc-eye'><\/span>  <span class=\"epvc-count\"> 2.326<\/span><span class='epvc-label'> veces le\u00edda<\/span><\/div>\n<div class=\"jwsharethis\">\nShare this: \n<br \/>\n<a href=\"mailto:?subject=%C2%ABTermas%C2%BB%20le%20sienta%20bien&amp;body=https%3A%2F%2Flabestiadeportiva.com%2Flbd%2Ftermas-le-sienta-bien%2F\">\n<img src=\"https:\/\/labestiadeportiva.com\/lbd\/wp-content\/plugins\/jw-share-this\/email.png\" alt=\"Share this page via Email\" \/>\n<\/a>\n<a target=\"_blank\" href=\"http:\/\/www.stumbleupon.com\/submit?url=https%3A%2F%2Flabestiadeportiva.com%2Flbd%2Ftermas-le-sienta-bien%2F&amp;title=%C2%ABTermas%C2%BB+le+sienta+bien\">\n<img src=\"https:\/\/labestiadeportiva.com\/lbd\/wp-content\/plugins\/jw-share-this\/su.png\" alt=\"Share this page via Stumble Upon\" \/>\n<\/a>\n<a target=\"_blank\" href=\"http:\/\/digg.com\/submit?url=https%3A%2F%2Flabestiadeportiva.com%2Flbd%2Ftermas-le-sienta-bien%2F&amp;title=%C2%ABTermas%C2%BB+le+sienta+bien\">\n<img src=\"https:\/\/labestiadeportiva.com\/lbd\/wp-content\/plugins\/jw-share-this\/digg.png\" alt=\"Share this page via Digg this\" \/>\n<\/a>\n<a target=\"_blank\" href=\"http:\/\/www.facebook.com\/sharer.php?u=https%3A%2F%2Flabestiadeportiva.com%2Flbd%2Ftermas-le-sienta-bien%2F&amp;t=%C2%ABTermas%C2%BB+le+sienta+bien\">\n<img src=\"https:\/\/labestiadeportiva.com\/lbd\/wp-content\/plugins\/jw-share-this\/fb.png\" alt=\"Share this page via Facebook\" \/>\n<\/a>\n<a target=\"_blank\" href=\"http:\/\/twitter.com\/intent\/tweet?text=I+like+https%3A%2F%2Flabestiadeportiva.com%2Flbd%2Ftermas-le-sienta-bien%2F&amp;title=%C2%ABTermas%C2%BB+le+sienta+bien\">\n<img src=\"https:\/\/labestiadeportiva.com\/lbd\/wp-content\/plugins\/jw-share-this\/twitter.png\" alt=\"Share this page via Twitter\" \/>\n<\/a>\n<\/div>\n","protected":false},"excerpt":{"rendered":"<p>Por Javier Nicol\u00e1s Baroli (Corresponsal LBD en R\u00edo Gallegos) Sebasti\u00e1n G\u00f3mez, quien viene de hacer podio en la \u00faltima carrera de la categor\u00eda, logr\u00f3 la tercera posici\u00f3n en la clasificaci\u00f3n general del Turismo Nacional Clase 3, lo que representa para el piloto de Rio Gallegos largar primero en la tercer serie de ma\u00f1ana. 2.326 veces &hellip; <a href=\"https:\/\/labestiadeportiva.com\/lbd\/termas-le-sienta-bien\/\" class=\"more-link\">Seguir leyendo <span class=\"screen-reader-text\">\u00abTermas\u00bb le sienta bien<\/span> <span class=\"meta-nav\">&rarr;<\/span><\/a><\/p>\n","protected":false},"author":1,"featured_media":29034,"comment_status":"open","ping_status":"open","sticky":false,"template":"","format":"standard","meta":[],"categories":[2135,6,1],"tags":[86,83,3618],"_links":{"self":[{"href":"https:\/\/labestiadeportiva.com\/lbd\/wp-json\/wp\/v2\/posts\/29032"}],"collection":[{"href":"https:\/\/labestiadeportiva.com\/lbd\/wp-json\/wp\/v2\/posts"}],"about":[{"href":"https:\/\/labestiadeportiva.com\/lbd\/wp-json\/wp\/v2\/types\/post"}],"author":[{"embeddable":true,"href":"https:\/\/labestiadeportiva.com\/lbd\/wp-json\/wp\/v2\/users\/1"}],"replies":[{"embeddable":true,"href":"https:\/\/labestiadeportiva.com\/lbd\/wp-json\/wp\/v2\/comments?post=29032"}],"version-history":[{"count":2,"href":"https:\/\/labestiadeportiva.com\/lbd\/wp-json\/wp\/v2\/posts\/29032\/revisions"}],"predecessor-version":[{"id":29035,"href":"https:\/\/labestiadeportiva.com\/lbd\/wp-json\/wp\/v2\/posts\/29032\/revisions\/29035"}],"wp:featuredmedia":[{"embeddable":true,"href":"https:\/\/labestiadeportiva.com\/lbd\/wp-json\/wp\/v2\/media\/29034"}],"wp:attachment":[{"href":"https:\/\/labestiadeportiva.com\/lbd\/wp-json\/wp\/v2\/media?parent=29032"}],"wp:term":[{"taxonomy":"category","embeddable":true,"href":"https:\/\/labestiadeportiva.com\/lbd\/wp-json\/wp\/v2\/categories?post=29032"},{"taxonomy":"post_tag","embeddable":true,"href":"https:\/\/labestiadeportiva.com\/lbd\/wp-json\/wp\/v2\/tags?post=29032"}],"curies":[{"name":"wp","href":"https:\/\/api.w.org\/{rel}","templated":true}]}}