{"id":29335,"date":"2018-09-04T17:35:37","date_gmt":"2018-09-04T20:35:37","guid":{"rendered":"http:\/\/labestiadeportiva.com\/lbd\/?p=29335"},"modified":"2018-09-05T00:44:04","modified_gmt":"2018-09-05T03:44:04","slug":"transicion-argentina-en-marcha","status":"publish","type":"post","link":"https:\/\/labestiadeportiva.com\/lbd\/transicion-argentina-en-marcha\/","title":{"rendered":"Transici\u00f3n Argentina en marcha"},"content":{"rendered":"<p>Por Javier Nicol\u00e1s Baroli (Corresponsal LBD en R\u00edo Gallegos)<\/p>\n<p><a href=\"http:\/\/labestiadeportiva.com\/lbd\/wp-content\/uploads\/2018\/09\/IMG-20180904-WA0067.jpg\"><img loading=\"lazy\" class=\"aligncenter size-medium wp-image-29336\" src=\"http:\/\/labestiadeportiva.com\/lbd\/wp-content\/uploads\/2018\/09\/IMG-20180904-WA0067-300x165.jpg\" alt=\"IMG-20180904-WA0067\" width=\"300\" height=\"165\" srcset=\"https:\/\/labestiadeportiva.com\/lbd\/wp-content\/uploads\/2018\/09\/IMG-20180904-WA0067-300x165.jpg 300w, https:\/\/labestiadeportiva.com\/lbd\/wp-content\/uploads\/2018\/09\/IMG-20180904-WA0067.jpg 1020w\" sizes=\"(max-width: 300px) 100vw, 300px\" \/><\/a>La dupla t\u00e9cnica Scaloni &#8211; Aimar ya se encuentra en Los \u00c1ngeles para lo que ser\u00e1 su debut al frente de la selecci\u00f3n mayor este viernes frente a Guatemala. Caras nuevas y la ilusi\u00f3n de una renovaci\u00f3n necesaria.<!--more--><\/p>\n<p>En un marco de incertidumbre acerca del futuro de la selecci\u00f3n nacional, Lionel Scaloni acept\u00f3 el desaf\u00edo de ponerse al frente de un fierro caliente que muchos no quieren agarrar.<\/p>\n<p>Es que la herida post mundial a\u00fan esta abierta. En medio de ese desconcierto, hay fecha Fifa. Guatemala y Colombia ser\u00e1n los encargados en \u00abfiltrar jugadores\u00bb tal cual indicaron los seleccionadores de cara a una renovaci\u00f3n m\u00e1s que necesaria de la plantilla nacional.<\/p>\n<p>Caras nuevas, muchas e hist\u00f3ricos, forman parte de un mix interesante, por lo menos en lo que a nombres respecta, para esta nueva etapa.<\/p>\n<p>Romero, Funes Mori, Meza, Icardi, Mart\u00ednez, Dybala, Saravia, V\u00e1zquez, Ascasibar, Pav\u00f3n entre otros nombres, forman parte de una selecci\u00f3n que logr\u00f3 mayoritariamente la aprobaci\u00f3n de la gente que reclamaba aires nuevos luego de los fracasos futbol\u00edsticos de la \u00faltima era.<\/p>\n<p>Sin equipo confirmado ni indicios de como formar\u00eda, pero con la esperanza de ver algo \u00abdistinto\u00bb la selecci\u00f3n transici\u00f3n 2018 jugar\u00e1 el pr\u00f3ximo viernes 7 de septiembre desde las 20 hs (hora local) y 24 hs Argentina en el m\u00edtico Los \u00c1ngeles Momerial Coliseum con capacidad para m\u00e1s de 90 mil personas.<\/p>\n<p>La ilusi\u00f3n para quienes amamos el f\u00fatbol es que de una vez por todas, podamos ver una selecci\u00f3n con hambre de gloria, con sentido de pertenencia y con juego asociado, como un verdadero equipo de f\u00fatbol lo debe hacer.<\/p>\n<div class='epvc-post-count'><span class='epvc-eye'><\/span>  <span class=\"epvc-count\"> 957<\/span><span class='epvc-label'> veces le\u00edda<\/span><\/div>\n<div class=\"jwsharethis\">\nShare this: \n<br \/>\n<a href=\"mailto:?subject=Transici%C3%B3n%20Argentina%20en%20marcha&amp;body=https%3A%2F%2Flabestiadeportiva.com%2Flbd%2Ftransicion-argentina-en-marcha%2F\">\n<img src=\"https:\/\/labestiadeportiva.com\/lbd\/wp-content\/plugins\/jw-share-this\/email.png\" alt=\"Share this page via Email\" \/>\n<\/a>\n<a target=\"_blank\" href=\"http:\/\/www.stumbleupon.com\/submit?url=https%3A%2F%2Flabestiadeportiva.com%2Flbd%2Ftransicion-argentina-en-marcha%2F&amp;title=Transici%C3%B3n+Argentina+en+marcha\">\n<img src=\"https:\/\/labestiadeportiva.com\/lbd\/wp-content\/plugins\/jw-share-this\/su.png\" alt=\"Share this page via Stumble Upon\" \/>\n<\/a>\n<a target=\"_blank\" href=\"http:\/\/digg.com\/submit?url=https%3A%2F%2Flabestiadeportiva.com%2Flbd%2Ftransicion-argentina-en-marcha%2F&amp;title=Transici%C3%B3n+Argentina+en+marcha\">\n<img src=\"https:\/\/labestiadeportiva.com\/lbd\/wp-content\/plugins\/jw-share-this\/digg.png\" alt=\"Share this page via Digg this\" \/>\n<\/a>\n<a target=\"_blank\" href=\"http:\/\/www.facebook.com\/sharer.php?u=https%3A%2F%2Flabestiadeportiva.com%2Flbd%2Ftransicion-argentina-en-marcha%2F&amp;t=Transici%C3%B3n+Argentina+en+marcha\">\n<img src=\"https:\/\/labestiadeportiva.com\/lbd\/wp-content\/plugins\/jw-share-this\/fb.png\" alt=\"Share this page via Facebook\" \/>\n<\/a>\n<a target=\"_blank\" href=\"http:\/\/twitter.com\/intent\/tweet?text=I+like+https%3A%2F%2Flabestiadeportiva.com%2Flbd%2Ftransicion-argentina-en-marcha%2F&amp;title=Transici%C3%B3n+Argentina+en+marcha\">\n<img src=\"https:\/\/labestiadeportiva.com\/lbd\/wp-content\/plugins\/jw-share-this\/twitter.png\" alt=\"Share this page via Twitter\" \/>\n<\/a>\n<\/div>\n","protected":false},"excerpt":{"rendered":"<p>Por Javier Nicol\u00e1s Baroli (Corresponsal LBD en R\u00edo Gallegos) La dupla t\u00e9cnica Scaloni &#8211; Aimar ya se encuentra en Los \u00c1ngeles para lo que ser\u00e1 su debut al frente de la selecci\u00f3n mayor este viernes frente a Guatemala. Caras nuevas y la ilusi\u00f3n de una renovaci\u00f3n necesaria. 957 veces le\u00edda Share this:<\/p>\n","protected":false},"author":1,"featured_media":29336,"comment_status":"open","ping_status":"open","sticky":false,"template":"","format":"standard","meta":[],"categories":[4,14,1],"tags":[17,3660,88],"_links":{"self":[{"href":"https:\/\/labestiadeportiva.com\/lbd\/wp-json\/wp\/v2\/posts\/29335"}],"collection":[{"href":"https:\/\/labestiadeportiva.com\/lbd\/wp-json\/wp\/v2\/posts"}],"about":[{"href":"https:\/\/labestiadeportiva.com\/lbd\/wp-json\/wp\/v2\/types\/post"}],"author":[{"embeddable":true,"href":"https:\/\/labestiadeportiva.com\/lbd\/wp-json\/wp\/v2\/users\/1"}],"replies":[{"embeddable":true,"href":"https:\/\/labestiadeportiva.com\/lbd\/wp-json\/wp\/v2\/comments?post=29335"}],"version-history":[{"count":2,"href":"https:\/\/labestiadeportiva.com\/lbd\/wp-json\/wp\/v2\/posts\/29335\/revisions"}],"predecessor-version":[{"id":29349,"href":"https:\/\/labestiadeportiva.com\/lbd\/wp-json\/wp\/v2\/posts\/29335\/revisions\/29349"}],"wp:featuredmedia":[{"embeddable":true,"href":"https:\/\/labestiadeportiva.com\/lbd\/wp-json\/wp\/v2\/media\/29336"}],"wp:attachment":[{"href":"https:\/\/labestiadeportiva.com\/lbd\/wp-json\/wp\/v2\/media?parent=29335"}],"wp:term":[{"taxonomy":"category","embeddable":true,"href":"https:\/\/labestiadeportiva.com\/lbd\/wp-json\/wp\/v2\/categories?post=29335"},{"taxonomy":"post_tag","embeddable":true,"href":"https:\/\/labestiadeportiva.com\/lbd\/wp-json\/wp\/v2\/tags?post=29335"}],"curies":[{"name":"wp","href":"https:\/\/api.w.org\/{rel}","templated":true}]}}