{"id":29338,"date":"2018-09-04T18:16:17","date_gmt":"2018-09-04T21:16:17","guid":{"rendered":"http:\/\/labestiadeportiva.com\/lbd\/?p=29338"},"modified":"2018-09-04T18:17:06","modified_gmt":"2018-09-04T21:17:06","slug":"el-sueno-americano","status":"publish","type":"post","link":"https:\/\/labestiadeportiva.com\/lbd\/el-sueno-americano\/","title":{"rendered":"El sue\u00f1o americano"},"content":{"rendered":"<p>Por Daniel Campos (Corresponsal LBD en Palma de Mallorca, Espa\u00f1a)<\/p>\n<p><a href=\"http:\/\/labestiadeportiva.com\/lbd\/wp-content\/uploads\/2018\/09\/baltazar-USA.jpg\"><img loading=\"lazy\" class=\"aligncenter size-medium wp-image-29339\" src=\"http:\/\/labestiadeportiva.com\/lbd\/wp-content\/uploads\/2018\/09\/baltazar-USA-200x300.jpg\" alt=\"baltazar USA\" width=\"200\" height=\"300\" srcset=\"https:\/\/labestiadeportiva.com\/lbd\/wp-content\/uploads\/2018\/09\/baltazar-USA-200x300.jpg 200w, https:\/\/labestiadeportiva.com\/lbd\/wp-content\/uploads\/2018\/09\/baltazar-USA.jpg 400w\" sizes=\"(max-width: 200px) 100vw, 200px\" \/><\/a>El pasado fin de semana el piloto argentino Baltazar Leguizam\u00f3n se coron\u00f3 campe\u00f3n en Estados Unidos, en la ante\u00faltima prueba del Atlantic Championship Series disputado en el circuito de Summit Point, Virginia.<!--more--><\/p>\n<p>Tras dominar todo el a\u00f1o en esta categor\u00eda de promoci\u00f3n en Estados Unidos, con 8 victorias sobre 12 posibles y siete pole position y dos r\u00e9cords de vuelta.<\/p>\n<p>Adem\u00e1s no s\u00f3lo compite en esta divisional, sino que la compagina con la FIA F3 Am\u00e9ricas. El pr\u00f3ximo 15 y 16 de septiembre completar\u00e1 su participaci\u00f3n en el torneo Atlantic con el t\u00edtulo asegurado.<\/p>\n<p>Este joven volante nacional naci\u00f3 el 11 de agosto de 2000, en Arrecifes y es hijo del expiloto Alejandro Leguizam\u00f3n. Se inici\u00f3 de muy peque\u00f1o en el karting y en el a\u00f1o de su debut 2010, logr\u00f3 el t\u00edtulo.<\/p>\n<p>Dos a\u00f1os m\u00e1s tarde fue subcampe\u00f3n argentino y en 2014 fue campe\u00f3n en la divisional 125 cc Sudam. Repiti\u00f3 t\u00edtulo al a\u00f1o siguiente y con quince a\u00f1os subi\u00f3 a su primer monoposto en la F4 Sudamericana.<\/p>\n<p>Con cuatro podios en cuatro pruebas disputadas. En el invierno europeo de 2015, realiz\u00f3 unas pruebas en la F4 europea y realiz\u00f3 el mejor tiempo.<\/p>\n<p>Volvi\u00f3 a participar en la F4 Sudamericana y decidi\u00f3 viajar a los Estados Unidos para correr en en la misma categor\u00eda, donde no le fue tan mal, subiendo al podio en dos ocasiones.<\/p>\n<p>En 2017, sum\u00f3 su primer triunfo en territorio americano y dos podios m\u00e1s le proyectaron all\u00ed como una joven promesa.<\/p>\n<p>El equipo K-Hill Motorsport se interes\u00f3 en contar con sus servicios y el argentino no defraud\u00f3. En la primera carrera del campeonato debut\u00f3 con pole y victoria en el trazado de Road Atlanta, Giorgia.<\/p>\n<p>Luego fue el turno de Watkins Glen, Nueva York, donde bajo la lluvia, sum\u00f3 dos nuevas victorias a bordo de su Swift 016 con motor Mazda.<\/p>\n<p>En los primeros d\u00edas del mes de junio, el piloto argentino lleg\u00f3 como l\u00edder absoluto al Virginia International Speedway , donde triunf\u00f3 en la competencia del d\u00eda s\u00e1bado y acab\u00f3 segundo en la prueba dominical.<\/p>\n<p>La cuarta cita del torneo americano se llev\u00f3 a cabo en el trazado de Mid Ohio donde, doblete de Leguizam\u00f3n en ese fin de semana, con pole position incluida.<\/p>\n<p>En la quinta fecha, el de Arrecifes, con el objetivo de asegurarse el t\u00edtulo desembarc\u00f3 en Pittsburgh, acab\u00f3 en el segundo escal\u00f3n del podio en la jornada sabatina y el domingo pudo hacerse con la victoria.<\/p>\n<p>En la pen\u00faltima fecha, en Sumit Point, lleg\u00f3 la consagraci\u00f3n, el s\u00e1bado por la tarde a ocho vueltas de la bandera cuadros, un problema mec\u00e1nico le oblig\u00f3 a abandonar pero el domingo s\u00ed, la suerte sonri\u00f3 al argentino, y tras dominar de principio a fin la carrera, lleg\u00f3 el t\u00edtulo de campe\u00f3n.<\/p>\n<p><a href=\"http:\/\/labestiadeportiva.com\/lbd\/wp-content\/uploads\/2018\/09\/Baltazar-9.jpg\"><img loading=\"lazy\" class=\"aligncenter size-medium wp-image-29340\" src=\"http:\/\/labestiadeportiva.com\/lbd\/wp-content\/uploads\/2018\/09\/Baltazar-9-300x224.jpg\" alt=\"Baltazar 9\" width=\"300\" height=\"224\" srcset=\"https:\/\/labestiadeportiva.com\/lbd\/wp-content\/uploads\/2018\/09\/Baltazar-9-300x224.jpg 300w, https:\/\/labestiadeportiva.com\/lbd\/wp-content\/uploads\/2018\/09\/Baltazar-9.jpg 693w\" sizes=\"(max-width: 300px) 100vw, 300px\" \/><\/a><\/p>\n<div class='epvc-post-count'><span class='epvc-eye'><\/span>  <span class=\"epvc-count\"> 1.112<\/span><span class='epvc-label'> veces le\u00edda<\/span><\/div>\n<div class=\"jwsharethis\">\nShare this: \n<br \/>\n<a href=\"mailto:?subject=El%20sue%C3%B1o%20americano&amp;body=https%3A%2F%2Flabestiadeportiva.com%2Flbd%2Fel-sueno-americano%2F\">\n<img src=\"https:\/\/labestiadeportiva.com\/lbd\/wp-content\/plugins\/jw-share-this\/email.png\" alt=\"Share this page via Email\" \/>\n<\/a>\n<a target=\"_blank\" href=\"http:\/\/www.stumbleupon.com\/submit?url=https%3A%2F%2Flabestiadeportiva.com%2Flbd%2Fel-sueno-americano%2F&amp;title=El+sue%C3%B1o+americano\">\n<img src=\"https:\/\/labestiadeportiva.com\/lbd\/wp-content\/plugins\/jw-share-this\/su.png\" alt=\"Share this page via Stumble Upon\" \/>\n<\/a>\n<a target=\"_blank\" href=\"http:\/\/digg.com\/submit?url=https%3A%2F%2Flabestiadeportiva.com%2Flbd%2Fel-sueno-americano%2F&amp;title=El+sue%C3%B1o+americano\">\n<img src=\"https:\/\/labestiadeportiva.com\/lbd\/wp-content\/plugins\/jw-share-this\/digg.png\" alt=\"Share this page via Digg this\" \/>\n<\/a>\n<a target=\"_blank\" href=\"http:\/\/www.facebook.com\/sharer.php?u=https%3A%2F%2Flabestiadeportiva.com%2Flbd%2Fel-sueno-americano%2F&amp;t=El+sue%C3%B1o+americano\">\n<img src=\"https:\/\/labestiadeportiva.com\/lbd\/wp-content\/plugins\/jw-share-this\/fb.png\" alt=\"Share this page via Facebook\" \/>\n<\/a>\n<a target=\"_blank\" href=\"http:\/\/twitter.com\/intent\/tweet?text=I+like+https%3A%2F%2Flabestiadeportiva.com%2Flbd%2Fel-sueno-americano%2F&amp;title=El+sue%C3%B1o+americano\">\n<img src=\"https:\/\/labestiadeportiva.com\/lbd\/wp-content\/plugins\/jw-share-this\/twitter.png\" alt=\"Share this page via Twitter\" \/>\n<\/a>\n<\/div>\n","protected":false},"excerpt":{"rendered":"<p>Por Daniel Campos (Corresponsal LBD en Palma de Mallorca, Espa\u00f1a) El pasado fin de semana el piloto argentino Baltazar Leguizam\u00f3n se coron\u00f3 campe\u00f3n en Estados Unidos, en la ante\u00faltima prueba del Atlantic Championship Series disputado en el circuito de Summit Point, Virginia. 1.112 veces le\u00edda Share this:<\/p>\n","protected":false},"author":1,"featured_media":29339,"comment_status":"open","ping_status":"open","sticky":false,"template":"","format":"standard","meta":[],"categories":[2176,4,1],"tags":[3670,86,3660],"_links":{"self":[{"href":"https:\/\/labestiadeportiva.com\/lbd\/wp-json\/wp\/v2\/posts\/29338"}],"collection":[{"href":"https:\/\/labestiadeportiva.com\/lbd\/wp-json\/wp\/v2\/posts"}],"about":[{"href":"https:\/\/labestiadeportiva.com\/lbd\/wp-json\/wp\/v2\/types\/post"}],"author":[{"embeddable":true,"href":"https:\/\/labestiadeportiva.com\/lbd\/wp-json\/wp\/v2\/users\/1"}],"replies":[{"embeddable":true,"href":"https:\/\/labestiadeportiva.com\/lbd\/wp-json\/wp\/v2\/comments?post=29338"}],"version-history":[{"count":2,"href":"https:\/\/labestiadeportiva.com\/lbd\/wp-json\/wp\/v2\/posts\/29338\/revisions"}],"predecessor-version":[{"id":29342,"href":"https:\/\/labestiadeportiva.com\/lbd\/wp-json\/wp\/v2\/posts\/29338\/revisions\/29342"}],"wp:featuredmedia":[{"embeddable":true,"href":"https:\/\/labestiadeportiva.com\/lbd\/wp-json\/wp\/v2\/media\/29339"}],"wp:attachment":[{"href":"https:\/\/labestiadeportiva.com\/lbd\/wp-json\/wp\/v2\/media?parent=29338"}],"wp:term":[{"taxonomy":"category","embeddable":true,"href":"https:\/\/labestiadeportiva.com\/lbd\/wp-json\/wp\/v2\/categories?post=29338"},{"taxonomy":"post_tag","embeddable":true,"href":"https:\/\/labestiadeportiva.com\/lbd\/wp-json\/wp\/v2\/tags?post=29338"}],"curies":[{"name":"wp","href":"https:\/\/api.w.org\/{rel}","templated":true}]}}