{"id":29343,"date":"2018-09-04T20:28:13","date_gmt":"2018-09-04T23:28:13","guid":{"rendered":"http:\/\/labestiadeportiva.com\/lbd\/?p=29343"},"modified":"2018-09-04T20:28:13","modified_gmt":"2018-09-04T23:28:13","slug":"argentinos-por-el-mundo","status":"publish","type":"post","link":"https:\/\/labestiadeportiva.com\/lbd\/argentinos-por-el-mundo\/","title":{"rendered":"Argentinos por el mundo"},"content":{"rendered":"<p>Por Daniel Campos (Corresponsal LBD en Palma de Mallorca, Espa\u00f1a)<\/p>\n<p><a href=\"http:\/\/labestiadeportiva.com\/lbd\/wp-content\/uploads\/2018\/09\/MSiebert-silverstone.jpg\"><img loading=\"lazy\" class=\"aligncenter size-medium wp-image-29344\" src=\"http:\/\/labestiadeportiva.com\/lbd\/wp-content\/uploads\/2018\/09\/MSiebert-silverstone-300x200.jpg\" alt=\"MSiebert-silverstone\" width=\"300\" height=\"200\" srcset=\"https:\/\/labestiadeportiva.com\/lbd\/wp-content\/uploads\/2018\/09\/MSiebert-silverstone-300x200.jpg 300w, https:\/\/labestiadeportiva.com\/lbd\/wp-content\/uploads\/2018\/09\/MSiebert-silverstone.jpg 1000w\" sizes=\"(max-width: 300px) 100vw, 300px\" \/><\/a>Mientras la F\u00f3rmula 1 rodaba en Monza, en otros escenarios dentro del mismo continente europeo, un grupo de argentinos tomaba parte en distintas pruebas automovil\u00edsticas.<!--more--><\/p>\n<p>La primera escala de este viaje resumen nos lleva al trazado de Silverstone. All\u00ed se disput\u00f3 doble jornada para la F\u00f3rmula Euro Open y la GT Open.<\/p>\n<p>En lo que se refiere a monopostos, el argentino Marcos Siebert termin\u00f3 ocupando la quinta posici\u00f3n, y cuarta el s\u00e1bado y domingo respectivamente.<\/p>\n<p>El volante marplatense en los libres del viernes fue el m\u00e1s r\u00e1pido, pero a bordo del auto del equipo Campos Racing, no pudo concretar una buena clasificaci\u00f3n por problemas con el tr\u00e1fico en pista.<\/p>\n<p>El s\u00e1bado, el triunfo correspondi\u00f3 al brasile\u00f1o Felipe Drugovich de la escuder\u00eda RP Motorsport, y el domingo, el vencedor fue el holand\u00e9s Bent Viscaal del equipo de Teo Martin Motorsport.<\/p>\n<p>El torneo sigue liderado por Drugovic con 249 puntos, mientras que Marcos Sibiert se ubica en cuarto lugar y suma 115 unidades.<\/p>\n<p>La pr\u00f3xima cita es en Monza, Italia, el 22 y 23 del corriente mes.<\/p>\n<p><a href=\"http:\/\/labestiadeportiva.com\/lbd\/wp-content\/uploads\/2018\/09\/GGandulia.jpg\"><img loading=\"lazy\" class=\"aligncenter size-medium wp-image-29345\" src=\"http:\/\/labestiadeportiva.com\/lbd\/wp-content\/uploads\/2018\/09\/GGandulia-300x198.jpg\" alt=\"GGandulia\" width=\"300\" height=\"198\" srcset=\"https:\/\/labestiadeportiva.com\/lbd\/wp-content\/uploads\/2018\/09\/GGandulia-300x198.jpg 300w, https:\/\/labestiadeportiva.com\/lbd\/wp-content\/uploads\/2018\/09\/GGandulia.jpg 1023w\" sizes=\"(max-width: 300px) 100vw, 300px\" \/><\/a>En lo que se refiere a autos con techo, en ese mismo escenario Juan Cruz \u00c1lvarez, tom\u00f3 parte de las dos pruebas programadas para ese fin de semana.<\/p>\n<p>En la primera de ellas, el de Arrecifes a bordo de su BMW M6, acab\u00f3 en d\u00e9cimo lugar, sumando un punto para el campeonato.<\/p>\n<p>Recordemos que \u00c1lvarez comparte butaca con el portugu\u00e9s compa\u00f1ero Louren\u00e7o Beirao da Veiga.<\/p>\n<p>La carrera fue ganada por la dupla Cioci-Serra del equipo Luzich Racing a los mandos de un Ferrari 488 GT3.<\/p>\n<p>En cambio, en la segunda jornada, la suerte no estuvo del lado del argentino, ya que tuvo que abandonar a nueve giros del final.<\/p>\n<p><a href=\"http:\/\/labestiadeportiva.com\/lbd\/wp-content\/uploads\/2018\/09\/Alvarez-Silverstone.jpg\"><img loading=\"lazy\" class=\"aligncenter size-medium wp-image-29346\" src=\"http:\/\/labestiadeportiva.com\/lbd\/wp-content\/uploads\/2018\/09\/Alvarez-Silverstone-300x200.jpg\" alt=\"Alvarez-Silverstone\" width=\"300\" height=\"200\" srcset=\"https:\/\/labestiadeportiva.com\/lbd\/wp-content\/uploads\/2018\/09\/Alvarez-Silverstone-300x200.jpg 300w, https:\/\/labestiadeportiva.com\/lbd\/wp-content\/uploads\/2018\/09\/Alvarez-Silverstone.jpg 1000w\" sizes=\"(max-width: 300px) 100vw, 300px\" \/><\/a>El torneo es liderado por el dan\u00e9s Mikkel Mac con 86 puntos mientras que nuestro piloto nacional ocupa el 14\u00b0 con 30 unidades.<\/p>\n<p>En Hungaroring se disput\u00f3 una nueva fecha del campeonato de la F\u00f3rmula Renault Eurocup, donde est\u00e1 compitiendo otro piloto argentino.<\/p>\n<p>Se trata de Gabriel Gandulia, natural de San Isidro, Buenos Aires, y que en las dos pruebas que se corrieron en el trazado magyar acab\u00f3 en el puesto 22\u00b0, conduciendo un auto del equipo R-ace GP.<\/p>\n<p>En la jornada del s\u00e1bado. el triunfo fue para el chino Yifei Fe de la escuder\u00eda Kaufmann Racing.<\/p>\n<p>El domingo y bajo la lluvia, la victoria fue para el dan\u00e9s, Christian Lungard del equipo MP Motorsport , quien adem\u00e1s lidera el campeonato con 190 puntos.<\/p>\n<p>La pr\u00f3xima cita de esta divisional se correr\u00e1 en Nurburgring del 14 al 16 de septiembre.<\/p>\n<p>Para finalizar este resumen, en Navarra, Espa\u00f1a, en una nueva fecha del campeonato F\u00f3rmula Renault 2.0 de la serie V de V.<\/p>\n<p>Tom\u00f3 parte de las dos competencias del fin de semana, el argentino Nicol\u00e1s Varrone, conduciendo un auto de la escuder\u00eda TS Corse, tras lograr dos poles consecutivas.<\/p>\n<p>El de Ingeniero Maschwitz, el s\u00e1bado acab\u00f3 cuarto y el domingo subi\u00f3 al podio en segundo lugar.<\/p>\n<p>El ganador de ambas competencias fue el franc\u00e9s Gregory Segers. La pr\u00f3xima cita, el 7 de octubre, tendr\u00e1 lugar en el circuito de Le Mans, la siguiente prueba de este campeonato.<\/p>\n<p><a href=\"http:\/\/labestiadeportiva.com\/lbd\/wp-content\/uploads\/2018\/09\/varrone.jpg\"><img loading=\"lazy\" class=\"aligncenter size-medium wp-image-29347\" src=\"http:\/\/labestiadeportiva.com\/lbd\/wp-content\/uploads\/2018\/09\/varrone-300x168.jpg\" alt=\"varrone\" width=\"300\" height=\"168\" srcset=\"https:\/\/labestiadeportiva.com\/lbd\/wp-content\/uploads\/2018\/09\/varrone-300x168.jpg 300w, https:\/\/labestiadeportiva.com\/lbd\/wp-content\/uploads\/2018\/09\/varrone.jpg 720w\" sizes=\"(max-width: 300px) 100vw, 300px\" \/><\/a><\/p>\n<div class='epvc-post-count'><span class='epvc-eye'><\/span>  <span class=\"epvc-count\"> 981<\/span><span class='epvc-label'> veces le\u00edda<\/span><\/div>\n<div class=\"jwsharethis\">\nShare this: \n<br \/>\n<a href=\"mailto:?subject=Argentinos%20por%20el%20mundo&amp;body=https%3A%2F%2Flabestiadeportiva.com%2Flbd%2Fargentinos-por-el-mundo%2F\">\n<img src=\"https:\/\/labestiadeportiva.com\/lbd\/wp-content\/plugins\/jw-share-this\/email.png\" alt=\"Share this page via Email\" \/>\n<\/a>\n<a target=\"_blank\" href=\"http:\/\/www.stumbleupon.com\/submit?url=https%3A%2F%2Flabestiadeportiva.com%2Flbd%2Fargentinos-por-el-mundo%2F&amp;title=Argentinos+por+el+mundo\">\n<img src=\"https:\/\/labestiadeportiva.com\/lbd\/wp-content\/plugins\/jw-share-this\/su.png\" alt=\"Share this page via Stumble Upon\" \/>\n<\/a>\n<a target=\"_blank\" href=\"http:\/\/digg.com\/submit?url=https%3A%2F%2Flabestiadeportiva.com%2Flbd%2Fargentinos-por-el-mundo%2F&amp;title=Argentinos+por+el+mundo\">\n<img src=\"https:\/\/labestiadeportiva.com\/lbd\/wp-content\/plugins\/jw-share-this\/digg.png\" alt=\"Share this page via Digg this\" \/>\n<\/a>\n<a target=\"_blank\" href=\"http:\/\/www.facebook.com\/sharer.php?u=https%3A%2F%2Flabestiadeportiva.com%2Flbd%2Fargentinos-por-el-mundo%2F&amp;t=Argentinos+por+el+mundo\">\n<img src=\"https:\/\/labestiadeportiva.com\/lbd\/wp-content\/plugins\/jw-share-this\/fb.png\" alt=\"Share this page via Facebook\" \/>\n<\/a>\n<a target=\"_blank\" href=\"http:\/\/twitter.com\/intent\/tweet?text=I+like+https%3A%2F%2Flabestiadeportiva.com%2Flbd%2Fargentinos-por-el-mundo%2F&amp;title=Argentinos+por+el+mundo\">\n<img src=\"https:\/\/labestiadeportiva.com\/lbd\/wp-content\/plugins\/jw-share-this\/twitter.png\" alt=\"Share this page via Twitter\" \/>\n<\/a>\n<\/div>\n","protected":false},"excerpt":{"rendered":"<p>Por Daniel Campos (Corresponsal LBD en Palma de Mallorca, Espa\u00f1a) Mientras la F\u00f3rmula 1 rodaba en Monza, en otros escenarios dentro del mismo continente europeo, un grupo de argentinos tomaba parte en distintas pruebas automovil\u00edsticas. 981 veces le\u00edda Share this:<\/p>\n","protected":false},"author":1,"featured_media":29344,"comment_status":"open","ping_status":"open","sticky":false,"template":"","format":"standard","meta":[],"categories":[2176,4,6,1],"tags":[],"_links":{"self":[{"href":"https:\/\/labestiadeportiva.com\/lbd\/wp-json\/wp\/v2\/posts\/29343"}],"collection":[{"href":"https:\/\/labestiadeportiva.com\/lbd\/wp-json\/wp\/v2\/posts"}],"about":[{"href":"https:\/\/labestiadeportiva.com\/lbd\/wp-json\/wp\/v2\/types\/post"}],"author":[{"embeddable":true,"href":"https:\/\/labestiadeportiva.com\/lbd\/wp-json\/wp\/v2\/users\/1"}],"replies":[{"embeddable":true,"href":"https:\/\/labestiadeportiva.com\/lbd\/wp-json\/wp\/v2\/comments?post=29343"}],"version-history":[{"count":1,"href":"https:\/\/labestiadeportiva.com\/lbd\/wp-json\/wp\/v2\/posts\/29343\/revisions"}],"predecessor-version":[{"id":29348,"href":"https:\/\/labestiadeportiva.com\/lbd\/wp-json\/wp\/v2\/posts\/29343\/revisions\/29348"}],"wp:featuredmedia":[{"embeddable":true,"href":"https:\/\/labestiadeportiva.com\/lbd\/wp-json\/wp\/v2\/media\/29344"}],"wp:attachment":[{"href":"https:\/\/labestiadeportiva.com\/lbd\/wp-json\/wp\/v2\/media?parent=29343"}],"wp:term":[{"taxonomy":"category","embeddable":true,"href":"https:\/\/labestiadeportiva.com\/lbd\/wp-json\/wp\/v2\/categories?post=29343"},{"taxonomy":"post_tag","embeddable":true,"href":"https:\/\/labestiadeportiva.com\/lbd\/wp-json\/wp\/v2\/tags?post=29343"}],"curies":[{"name":"wp","href":"https:\/\/api.w.org\/{rel}","templated":true}]}}