{"id":29352,"date":"2018-09-05T10:51:02","date_gmt":"2018-09-05T13:51:02","guid":{"rendered":"http:\/\/labestiadeportiva.com\/lbd\/?p=29352"},"modified":"2018-09-05T13:56:50","modified_gmt":"2018-09-05T16:56:50","slug":"momento-de-semis","status":"publish","type":"post","link":"https:\/\/labestiadeportiva.com\/lbd\/momento-de-semis\/","title":{"rendered":"Momento de \u00abSemis\u00bb"},"content":{"rendered":"<p><a href=\"http:\/\/labestiadeportiva.com\/lbd\/wp-content\/uploads\/2018\/09\/FB_IMG_1535935624964.jpg\"><img loading=\"lazy\" class=\"aligncenter size-medium wp-image-29353\" src=\"http:\/\/labestiadeportiva.com\/lbd\/wp-content\/uploads\/2018\/09\/FB_IMG_1535935624964-300x225.jpg\" alt=\"FB_IMG_1535935624964\" width=\"300\" height=\"225\" srcset=\"https:\/\/labestiadeportiva.com\/lbd\/wp-content\/uploads\/2018\/09\/FB_IMG_1535935624964-300x225.jpg 300w, https:\/\/labestiadeportiva.com\/lbd\/wp-content\/uploads\/2018\/09\/FB_IMG_1535935624964.jpg 720w\" sizes=\"(max-width: 300px) 100vw, 300px\" \/><\/a>Recta final para la 3\u00b0 edici\u00f3n salonera organizada por el departamento de futsal AFA de la Liga Ushuaiense. La \u00abCopa Ushuaia\u00bb tendr\u00e1 este mi\u00e9rcoles por la noche los choques entre Campolter\/Los Andes (21) y Ateneo\/Mercantil (22.30), este \u00faltimo claramente una final anticipada.<!--more--><\/p>\n<p>La instancia previa comenz\u00f3 el pasado mi\u00e9rcoles con el electrizante choque entre Campolter y la Fundaci\u00f3n Deportiva K&#8217; Mal.<\/p>\n<p>Dos equipos de la divisi\u00f3n inmediata inferior sumamente motivados que entregaron un gran partido.<\/p>\n<p>K&#8217; Mal tom\u00f3 la delantera en el marcador, poni\u00e9ndose 3 a 1 pero llegar\u00eda la reacci\u00f3n del \u00abGallo\u00bb.<\/p>\n<p>Juego igualado en 3 en tiempo reglamentario mandando la definici\u00f3n a los penales.<\/p>\n<p>All\u00ed volvi\u00f3 a aparecer la figura de \u00abManolo\u00bb Torres, quien se encuentra en gran nivel, inclinando la balanza a favor de los muchachos de azul.<\/p>\n<p>La acci\u00f3n se traslad\u00f3 a la ma\u00f1ana del s\u00e1bado, horario no habitual, desde las 9 Los Andes dobleg\u00f3 por 5 a 2 a Andes del Sur.<\/p>\n<p>Luego Ateneo FC y CAEF salieron al microestadio con sed de revancha, cabe aclarar que compartieron grupo en fase regular.<\/p>\n<p>El \u00faltimo campe\u00f3n fue contundente demostrando que no va a ser nada facil destronarlo. 6 a 1 para el \u00abAte\u00bb que hasta aqu\u00ed realiz\u00f3 un torneo de menor a mayor.<\/p>\n<p>El cierre de esta instancia llego el lunes por la noche donde el candidato, Mercantil, se present\u00f3 ante una de las sorpresas Club de Amigos.<\/p>\n<p>Los mercantiles fueron implacables, 8 a 2 para ellos, con un \u00abPajaro\u00bb Lemul en estado de gracia.<\/p>\n<p>Este mi\u00e9rcoles Campolter, el \u00fanico club de la \u00abB\u00bb en carrera, se enfrentar\u00e1 con Los Andes.<\/p>\n<p>Inmediatamente despu\u00e9s final anticipada entre los dos mejores equipos, Ateneo y Mercantil, promesa de \u00abpartidazo una buena excusa para pegarse una escapada al microestadio.<\/p>\n<p><a href=\"http:\/\/labestiadeportiva.com\/lbd\/wp-content\/uploads\/2018\/09\/FB_IMG_1536152530859.jpg\"><img loading=\"lazy\" class=\"aligncenter size-medium wp-image-29354\" src=\"http:\/\/labestiadeportiva.com\/lbd\/wp-content\/uploads\/2018\/09\/FB_IMG_1536152530859-300x86.jpg\" alt=\"FB_IMG_1536152530859\" width=\"300\" height=\"86\" srcset=\"https:\/\/labestiadeportiva.com\/lbd\/wp-content\/uploads\/2018\/09\/FB_IMG_1536152530859-300x86.jpg 300w, https:\/\/labestiadeportiva.com\/lbd\/wp-content\/uploads\/2018\/09\/FB_IMG_1536152530859.jpg 720w\" sizes=\"(max-width: 300px) 100vw, 300px\" \/><\/a><\/p>\n<p>&nbsp;<\/p>\n<div class='epvc-post-count'><span class='epvc-eye'><\/span>  <span class=\"epvc-count\"> 1.070<\/span><span class='epvc-label'> veces le\u00edda<\/span><\/div>\n<div class=\"jwsharethis\">\nShare this: \n<br \/>\n<a href=\"mailto:?subject=Momento%20de%20%C2%ABSemis%C2%BB&amp;body=https%3A%2F%2Flabestiadeportiva.com%2Flbd%2Fmomento-de-semis%2F\">\n<img src=\"https:\/\/labestiadeportiva.com\/lbd\/wp-content\/plugins\/jw-share-this\/email.png\" alt=\"Share this page via Email\" \/>\n<\/a>\n<a target=\"_blank\" href=\"http:\/\/www.stumbleupon.com\/submit?url=https%3A%2F%2Flabestiadeportiva.com%2Flbd%2Fmomento-de-semis%2F&amp;title=Momento+de+%C2%ABSemis%C2%BB\">\n<img src=\"https:\/\/labestiadeportiva.com\/lbd\/wp-content\/plugins\/jw-share-this\/su.png\" alt=\"Share this page via Stumble Upon\" \/>\n<\/a>\n<a target=\"_blank\" href=\"http:\/\/digg.com\/submit?url=https%3A%2F%2Flabestiadeportiva.com%2Flbd%2Fmomento-de-semis%2F&amp;title=Momento+de+%C2%ABSemis%C2%BB\">\n<img src=\"https:\/\/labestiadeportiva.com\/lbd\/wp-content\/plugins\/jw-share-this\/digg.png\" alt=\"Share this page via Digg this\" \/>\n<\/a>\n<a target=\"_blank\" href=\"http:\/\/www.facebook.com\/sharer.php?u=https%3A%2F%2Flabestiadeportiva.com%2Flbd%2Fmomento-de-semis%2F&amp;t=Momento+de+%C2%ABSemis%C2%BB\">\n<img src=\"https:\/\/labestiadeportiva.com\/lbd\/wp-content\/plugins\/jw-share-this\/fb.png\" alt=\"Share this page via Facebook\" \/>\n<\/a>\n<a target=\"_blank\" href=\"http:\/\/twitter.com\/intent\/tweet?text=I+like+https%3A%2F%2Flabestiadeportiva.com%2Flbd%2Fmomento-de-semis%2F&amp;title=Momento+de+%C2%ABSemis%C2%BB\">\n<img src=\"https:\/\/labestiadeportiva.com\/lbd\/wp-content\/plugins\/jw-share-this\/twitter.png\" alt=\"Share this page via Twitter\" \/>\n<\/a>\n<\/div>\n","protected":false},"excerpt":{"rendered":"<p>Recta final para la 3\u00b0 edici\u00f3n salonera organizada por el departamento de futsal AFA de la Liga Ushuaiense. La \u00abCopa Ushuaia\u00bb tendr\u00e1 este mi\u00e9rcoles por la noche los choques entre Campolter\/Los Andes (21) y Ateneo\/Mercantil (22.30), este \u00faltimo claramente una final anticipada. 1.070 veces le\u00edda Share this:<\/p>\n","protected":false},"author":1,"featured_media":29353,"comment_status":"open","ping_status":"open","sticky":false,"template":"","format":"standard","meta":[],"categories":[5,47,1],"tags":[2746,269,30,3660],"_links":{"self":[{"href":"https:\/\/labestiadeportiva.com\/lbd\/wp-json\/wp\/v2\/posts\/29352"}],"collection":[{"href":"https:\/\/labestiadeportiva.com\/lbd\/wp-json\/wp\/v2\/posts"}],"about":[{"href":"https:\/\/labestiadeportiva.com\/lbd\/wp-json\/wp\/v2\/types\/post"}],"author":[{"embeddable":true,"href":"https:\/\/labestiadeportiva.com\/lbd\/wp-json\/wp\/v2\/users\/1"}],"replies":[{"embeddable":true,"href":"https:\/\/labestiadeportiva.com\/lbd\/wp-json\/wp\/v2\/comments?post=29352"}],"version-history":[{"count":2,"href":"https:\/\/labestiadeportiva.com\/lbd\/wp-json\/wp\/v2\/posts\/29352\/revisions"}],"predecessor-version":[{"id":29357,"href":"https:\/\/labestiadeportiva.com\/lbd\/wp-json\/wp\/v2\/posts\/29352\/revisions\/29357"}],"wp:featuredmedia":[{"embeddable":true,"href":"https:\/\/labestiadeportiva.com\/lbd\/wp-json\/wp\/v2\/media\/29353"}],"wp:attachment":[{"href":"https:\/\/labestiadeportiva.com\/lbd\/wp-json\/wp\/v2\/media?parent=29352"}],"wp:term":[{"taxonomy":"category","embeddable":true,"href":"https:\/\/labestiadeportiva.com\/lbd\/wp-json\/wp\/v2\/categories?post=29352"},{"taxonomy":"post_tag","embeddable":true,"href":"https:\/\/labestiadeportiva.com\/lbd\/wp-json\/wp\/v2\/tags?post=29352"}],"curies":[{"name":"wp","href":"https:\/\/api.w.org\/{rel}","templated":true}]}}