{"id":29356,"date":"2018-09-05T14:11:35","date_gmt":"2018-09-05T17:11:35","guid":{"rendered":"http:\/\/labestiadeportiva.com\/lbd\/?p=29356"},"modified":"2018-09-05T16:29:06","modified_gmt":"2018-09-05T19:29:06","slug":"nehuen-y-agustina-se-quedaron-con-el-cross-de-bahia-golondrina","status":"publish","type":"post","link":"https:\/\/labestiadeportiva.com\/lbd\/nehuen-y-agustina-se-quedaron-con-el-cross-de-bahia-golondrina\/","title":{"rendered":"Nehuen y Agustina se quedaron con el Cross de \u00abBah\u00eda Golondrina\u00bb"},"content":{"rendered":"<p><a href=\"http:\/\/labestiadeportiva.com\/lbd\/wp-content\/uploads\/2018\/09\/40867185_1998734976859694_7113417860331864064_n-1.jpg\"><img loading=\"lazy\" class=\"aligncenter size-medium wp-image-29361\" src=\"http:\/\/labestiadeportiva.com\/lbd\/wp-content\/uploads\/2018\/09\/40867185_1998734976859694_7113417860331864064_n-1-300x206.jpg\" alt=\"40867185_1998734976859694_7113417860331864064_n (1)\" width=\"300\" height=\"206\" srcset=\"https:\/\/labestiadeportiva.com\/lbd\/wp-content\/uploads\/2018\/09\/40867185_1998734976859694_7113417860331864064_n-1-300x206.jpg 300w, https:\/\/labestiadeportiva.com\/lbd\/wp-content\/uploads\/2018\/09\/40867185_1998734976859694_7113417860331864064_n-1.jpg 960w\" sizes=\"(max-width: 300px) 100vw, 300px\" \/><\/a>El pasado domingo los colegas y amigos de \u00abEl Fuego Deportivo\u00bb organizaron un nuevo evento de ciclismo. Poco m\u00e1s de 40 bikers dieron el presente. En esta oportunidad fue un cross country denominado \u201cXC Bah\u00eda Golondrina\u201d. Algunas de las fotos son gentileza de Marcos Soto.<!--more--><\/p>\n<p><a href=\"http:\/\/labestiadeportiva.com\/lbd\/wp-content\/uploads\/2018\/09\/IMG-20180905-WA0033.jpg\"><img loading=\"lazy\" class=\"aligncenter size-medium wp-image-29367\" src=\"http:\/\/labestiadeportiva.com\/lbd\/wp-content\/uploads\/2018\/09\/IMG-20180905-WA0033-300x200.jpg\" alt=\"IMG-20180905-WA0033\" width=\"300\" height=\"200\" srcset=\"https:\/\/labestiadeportiva.com\/lbd\/wp-content\/uploads\/2018\/09\/IMG-20180905-WA0033-300x200.jpg 300w, https:\/\/labestiadeportiva.com\/lbd\/wp-content\/uploads\/2018\/09\/IMG-20180905-WA0033-1024x682.jpg 1024w, https:\/\/labestiadeportiva.com\/lbd\/wp-content\/uploads\/2018\/09\/IMG-20180905-WA0033.jpg 1280w\" sizes=\"(max-width: 300px) 100vw, 300px\" \/><\/a>Los organizadores trabajaron en inmediaciones al aeropuerto \u00abMalvinas Argentinas\u00bb de la ciudad capital, en la zona que se suele utilizar para el aprendizaje de manejo.<\/p>\n<p>All\u00ed los ciclistas pudieron disfrutar de un recorrido de alrededor de cuatro kil\u00f3metros, en donde estuvieron presentes las categor\u00edas desde Pre Juveniles hasta Master B2 quienes realizaron 5 vueltas mientras que en Master C y Damas los giros al trazado fueron 4.<\/p>\n<p>Repechos cortos de subidas y bajadas pronunciadas, partes t\u00e9cnicas rocosas y zonas r\u00e1pidas fueron el condimento del circuito, con el plus de una tarde algo fr\u00eda y ventosa.<\/p>\n<p>Los deportistas destacaron lo divertido y a la vez r\u00e1pido del mismo, igualmente el trazado fue para todos los niveles, caracter\u00edstica principal que buscan los organizadores en sus eventos.<\/p>\n<p><a href=\"http:\/\/labestiadeportiva.com\/lbd\/wp-content\/uploads\/2018\/09\/41033327_1998734930193032_8025369687925719040_n.jpg\"><img loading=\"lazy\" class=\"aligncenter size-medium wp-image-29363\" src=\"http:\/\/labestiadeportiva.com\/lbd\/wp-content\/uploads\/2018\/09\/41033327_1998734930193032_8025369687925719040_n-300x225.jpg\" alt=\"41033327_1998734930193032_8025369687925719040_n\" width=\"300\" height=\"225\" srcset=\"https:\/\/labestiadeportiva.com\/lbd\/wp-content\/uploads\/2018\/09\/41033327_1998734930193032_8025369687925719040_n-300x225.jpg 300w, https:\/\/labestiadeportiva.com\/lbd\/wp-content\/uploads\/2018\/09\/41033327_1998734930193032_8025369687925719040_n.jpg 960w\" sizes=\"(max-width: 300px) 100vw, 300px\" \/><\/a>La largada se dio pasada las 12.30 donde enseguida un peque\u00f1o primer pelot\u00f3n de 5 ciclistas se distanci\u00f3 del resto.<\/p>\n<p>Promediando la tercera vuelta, abr\u00edan el camino Nehuen Anderfuhrn y Dar\u00edo Guzm\u00e1n, quienes marcaban un alto ritmo de carrera.<\/p>\n<p>Metros atr\u00e1s los persegu\u00eda Arturo Dorella, quien sufri\u00f3 un desperfecto mec\u00e1nico que lo oblig\u00f3 abandonar la competencia, este contratiempo permiti\u00f3 que el resto de los ciclistas pudieran pelear el acceso al tercer escal\u00f3n del podio.<\/p>\n<p>Quien lo aprovech\u00f3 al m\u00e1ximo fue el juvenil Lautaro Vallejo el cual est\u00e1 demostrando un gran nivel y progreso en \u00e9ste 2018.<\/p>\n<p><a href=\"http:\/\/labestiadeportiva.com\/lbd\/wp-content\/uploads\/2018\/09\/IMG-20180905-WA0032.jpg\"><img loading=\"lazy\" class=\"aligncenter size-medium wp-image-29368\" src=\"http:\/\/labestiadeportiva.com\/lbd\/wp-content\/uploads\/2018\/09\/IMG-20180905-WA0032-300x200.jpg\" alt=\"IMG-20180905-WA0032\" width=\"300\" height=\"200\" srcset=\"https:\/\/labestiadeportiva.com\/lbd\/wp-content\/uploads\/2018\/09\/IMG-20180905-WA0032-300x200.jpg 300w, https:\/\/labestiadeportiva.com\/lbd\/wp-content\/uploads\/2018\/09\/IMG-20180905-WA0032-1024x682.jpg 1024w, https:\/\/labestiadeportiva.com\/lbd\/wp-content\/uploads\/2018\/09\/IMG-20180905-WA0032.jpg 1280w\" sizes=\"(max-width: 300px) 100vw, 300px\" \/><\/a>Tambien es de destacar la performance de Nazareno Campos con una muy buena actuaci\u00f3n ubic\u00e1ndose en el s\u00e9ptimo lugar de la general.<\/p>\n<p>En solitario Nehuen y Dar\u00edo se despegaban claramente del resto de sus perseguidores, teniendo un duro mano a mano en donde ninguno de los dos ciclistas quer\u00eda ceder el liderazgo.<\/p>\n<p>La \u00faltima vuelta dej\u00f3 en claro que nadie iba a aflojar, todos los presentes palpitaban un final \u201cPalo y Palo\u201d.<\/p>\n<p>A tan solo 50 metros del final y a la salida de la \u00faltima curva fue Nehuen Anderfuhrn quien sali\u00f3 mejor parado pudiendo as\u00ed consolidar su gran trabajo y estrategia e imponerse en lo que fue un gran cierre.<\/p>\n<p>Por su parte la divisional intermedia, fue ganada por el experimentado Arturo Ponce de la Master C mientras que entre las damas la riograndense Agostina Melgarejo se adjudicaba la categor\u00eda.<\/p>\n<p><a href=\"http:\/\/labestiadeportiva.com\/lbd\/wp-content\/uploads\/2018\/09\/IMG-20180905-WA0026.jpg\"><img loading=\"lazy\" class=\"aligncenter size-medium wp-image-29370\" src=\"http:\/\/labestiadeportiva.com\/lbd\/wp-content\/uploads\/2018\/09\/IMG-20180905-WA0026-300x240.jpg\" alt=\"IMG-20180905-WA0026\" width=\"300\" height=\"240\" srcset=\"https:\/\/labestiadeportiva.com\/lbd\/wp-content\/uploads\/2018\/09\/IMG-20180905-WA0026-300x240.jpg 300w, https:\/\/labestiadeportiva.com\/lbd\/wp-content\/uploads\/2018\/09\/IMG-20180905-WA0026-1024x818.jpg 1024w, https:\/\/labestiadeportiva.com\/lbd\/wp-content\/uploads\/2018\/09\/IMG-20180905-WA0026.jpg 1280w\" sizes=\"(max-width: 300px) 100vw, 300px\" \/><\/a>Todos los participantes tuvieron su medalla de llegada, se premi\u00f3 a todos las categor\u00edas con medallas exclusivas del evento mientras que a modo de cierre los presentes (ciclistas y acompa\u00f1antes) pudieron disfrutar de un almuerzo pos carrera.<\/p>\n<p>Desde LBD dialogamos brevemente con Gabriel Heredia, responsable de la organizaci\u00f3n, quien expres\u00f3 su satisfacci\u00f3n diciendo:<\/p>\n<p><a href=\"http:\/\/labestiadeportiva.com\/lbd\/wp-content\/uploads\/2018\/09\/IMG-20180905-WA0025.jpg\"><img loading=\"lazy\" class=\"aligncenter size-medium wp-image-29371\" src=\"http:\/\/labestiadeportiva.com\/lbd\/wp-content\/uploads\/2018\/09\/IMG-20180905-WA0025-300x200.jpg\" alt=\"IMG-20180905-WA0025\" width=\"300\" height=\"200\" srcset=\"https:\/\/labestiadeportiva.com\/lbd\/wp-content\/uploads\/2018\/09\/IMG-20180905-WA0025-300x200.jpg 300w, https:\/\/labestiadeportiva.com\/lbd\/wp-content\/uploads\/2018\/09\/IMG-20180905-WA0025-1024x682.jpg 1024w, https:\/\/labestiadeportiva.com\/lbd\/wp-content\/uploads\/2018\/09\/IMG-20180905-WA0025.jpg 1280w\" sizes=\"(max-width: 300px) 100vw, 300px\" \/><\/a>\u201cEstamos muy contentos por la competencia que logramos y queremos seguir ofreciendo al deportista fueguino nuevas alternativas para elegir en lo que se refiere a eventos deportivos.<\/p>\n<p>Queremos agradecer a los ciclistas y runners que nos van siguiendo en nuestras competencias, a nuestros colaboradores y especialmente a los sponsors que son un gran eslab\u00f3n tanto en las competencias que realizamos, como en nuestra revista\u201d.<\/p>\n<p><a href=\"http:\/\/labestiadeportiva.com\/lbd\/wp-content\/uploads\/2018\/09\/IMG-20180903-WA0024.jpg\"><img loading=\"lazy\" class=\"aligncenter size-medium wp-image-29366\" src=\"http:\/\/labestiadeportiva.com\/lbd\/wp-content\/uploads\/2018\/09\/IMG-20180903-WA0024-174x300.jpg\" alt=\"IMG-20180903-WA0024\" width=\"174\" height=\"300\" srcset=\"https:\/\/labestiadeportiva.com\/lbd\/wp-content\/uploads\/2018\/09\/IMG-20180903-WA0024-174x300.jpg 174w, https:\/\/labestiadeportiva.com\/lbd\/wp-content\/uploads\/2018\/09\/IMG-20180903-WA0024.jpg 552w\" sizes=\"(max-width: 174px) 100vw, 174px\" \/><\/a><\/p>\n<div class='epvc-post-count'><span class='epvc-eye'><\/span>  <span class=\"epvc-count\"> 1.000<\/span><span class='epvc-label'> veces le\u00edda<\/span><\/div>\n<div class=\"jwsharethis\">\nShare this: \n<br \/>\n<a href=\"mailto:?subject=Nehuen%20y%20Agustina%20se%20quedaron%20con%20el%20Cross%20de%20%C2%ABBah%C3%ADa%20Golondrina%C2%BB&amp;body=https%3A%2F%2Flabestiadeportiva.com%2Flbd%2Fnehuen-y-agustina-se-quedaron-con-el-cross-de-bahia-golondrina%2F\">\n<img src=\"https:\/\/labestiadeportiva.com\/lbd\/wp-content\/plugins\/jw-share-this\/email.png\" alt=\"Share this page via Email\" \/>\n<\/a>\n<a target=\"_blank\" href=\"http:\/\/www.stumbleupon.com\/submit?url=https%3A%2F%2Flabestiadeportiva.com%2Flbd%2Fnehuen-y-agustina-se-quedaron-con-el-cross-de-bahia-golondrina%2F&amp;title=Nehuen+y+Agustina+se+quedaron+con+el+Cross+de+%C2%ABBah%C3%ADa+Golondrina%C2%BB\">\n<img src=\"https:\/\/labestiadeportiva.com\/lbd\/wp-content\/plugins\/jw-share-this\/su.png\" alt=\"Share this page via Stumble Upon\" \/>\n<\/a>\n<a target=\"_blank\" href=\"http:\/\/digg.com\/submit?url=https%3A%2F%2Flabestiadeportiva.com%2Flbd%2Fnehuen-y-agustina-se-quedaron-con-el-cross-de-bahia-golondrina%2F&amp;title=Nehuen+y+Agustina+se+quedaron+con+el+Cross+de+%C2%ABBah%C3%ADa+Golondrina%C2%BB\">\n<img src=\"https:\/\/labestiadeportiva.com\/lbd\/wp-content\/plugins\/jw-share-this\/digg.png\" alt=\"Share this page via Digg this\" \/>\n<\/a>\n<a target=\"_blank\" href=\"http:\/\/www.facebook.com\/sharer.php?u=https%3A%2F%2Flabestiadeportiva.com%2Flbd%2Fnehuen-y-agustina-se-quedaron-con-el-cross-de-bahia-golondrina%2F&amp;t=Nehuen+y+Agustina+se+quedaron+con+el+Cross+de+%C2%ABBah%C3%ADa+Golondrina%C2%BB\">\n<img src=\"https:\/\/labestiadeportiva.com\/lbd\/wp-content\/plugins\/jw-share-this\/fb.png\" alt=\"Share this page via Facebook\" \/>\n<\/a>\n<a target=\"_blank\" href=\"http:\/\/twitter.com\/intent\/tweet?text=I+like+https%3A%2F%2Flabestiadeportiva.com%2Flbd%2Fnehuen-y-agustina-se-quedaron-con-el-cross-de-bahia-golondrina%2F&amp;title=Nehuen+y+Agustina+se+quedaron+con+el+Cross+de+%C2%ABBah%C3%ADa+Golondrina%C2%BB\">\n<img src=\"https:\/\/labestiadeportiva.com\/lbd\/wp-content\/plugins\/jw-share-this\/twitter.png\" alt=\"Share this page via Twitter\" \/>\n<\/a>\n<\/div>\n","protected":false},"excerpt":{"rendered":"<p>El pasado domingo los colegas y amigos de \u00abEl Fuego Deportivo\u00bb organizaron un nuevo evento de ciclismo. Poco m\u00e1s de 40 bikers dieron el presente. En esta oportunidad fue un cross country denominado \u201cXC Bah\u00eda Golondrina\u201d. Algunas de las fotos son gentileza de Marcos Soto. 1.000 veces le\u00edda Share this:<\/p>\n","protected":false},"author":1,"featured_media":29361,"comment_status":"open","ping_status":"open","sticky":false,"template":"","format":"standard","meta":[],"categories":[5,2888,1],"tags":[],"_links":{"self":[{"href":"https:\/\/labestiadeportiva.com\/lbd\/wp-json\/wp\/v2\/posts\/29356"}],"collection":[{"href":"https:\/\/labestiadeportiva.com\/lbd\/wp-json\/wp\/v2\/posts"}],"about":[{"href":"https:\/\/labestiadeportiva.com\/lbd\/wp-json\/wp\/v2\/types\/post"}],"author":[{"embeddable":true,"href":"https:\/\/labestiadeportiva.com\/lbd\/wp-json\/wp\/v2\/users\/1"}],"replies":[{"embeddable":true,"href":"https:\/\/labestiadeportiva.com\/lbd\/wp-json\/wp\/v2\/comments?post=29356"}],"version-history":[{"count":5,"href":"https:\/\/labestiadeportiva.com\/lbd\/wp-json\/wp\/v2\/posts\/29356\/revisions"}],"predecessor-version":[{"id":29372,"href":"https:\/\/labestiadeportiva.com\/lbd\/wp-json\/wp\/v2\/posts\/29356\/revisions\/29372"}],"wp:featuredmedia":[{"embeddable":true,"href":"https:\/\/labestiadeportiva.com\/lbd\/wp-json\/wp\/v2\/media\/29361"}],"wp:attachment":[{"href":"https:\/\/labestiadeportiva.com\/lbd\/wp-json\/wp\/v2\/media?parent=29356"}],"wp:term":[{"taxonomy":"category","embeddable":true,"href":"https:\/\/labestiadeportiva.com\/lbd\/wp-json\/wp\/v2\/categories?post=29356"},{"taxonomy":"post_tag","embeddable":true,"href":"https:\/\/labestiadeportiva.com\/lbd\/wp-json\/wp\/v2\/tags?post=29356"}],"curies":[{"name":"wp","href":"https:\/\/api.w.org\/{rel}","templated":true}]}}