{"id":29373,"date":"2018-09-05T20:13:57","date_gmt":"2018-09-05T23:13:57","guid":{"rendered":"http:\/\/labestiadeportiva.com\/lbd\/?p=29373"},"modified":"2018-09-05T20:13:57","modified_gmt":"2018-09-05T23:13:57","slug":"del-potro-semifinalista-del-us-open-2","status":"publish","type":"post","link":"https:\/\/labestiadeportiva.com\/lbd\/del-potro-semifinalista-del-us-open-2\/","title":{"rendered":"Del Potro semifinalista del US Open"},"content":{"rendered":"<p>Por Mat\u00edas Pouso (Corresponsal LBD en CABA)<\/p>\n<p><a href=\"http:\/\/labestiadeportiva.com\/lbd\/wp-content\/uploads\/2018\/09\/B12_oKPPQ_930x525__1.jpg\"><img loading=\"lazy\" class=\"aligncenter size-medium wp-image-29374\" src=\"http:\/\/labestiadeportiva.com\/lbd\/wp-content\/uploads\/2018\/09\/B12_oKPPQ_930x525__1-300x169.jpg\" alt=\"B12_oKPPQ_930x525__1\" width=\"300\" height=\"169\" srcset=\"https:\/\/labestiadeportiva.com\/lbd\/wp-content\/uploads\/2018\/09\/B12_oKPPQ_930x525__1-300x169.jpg 300w, https:\/\/labestiadeportiva.com\/lbd\/wp-content\/uploads\/2018\/09\/B12_oKPPQ_930x525__1.jpg 930w\" sizes=\"(max-width: 300px) 100vw, 300px\" \/><\/a>El tandilense se meti\u00f3 entre los cuatro mejores del torneo luego de superar a John Isner en cuartos de final por 6-7 (5), 6-3, 7-6 (4) y 6-2. Su pr\u00f3ximo rival ser\u00e1 Rafael Nadal, que dej\u00f3 en el camino al austr\u00edaco Dominic Thiem luego de casi cinco horas de duelo.<!--more--><\/p>\n<p>No queda ninguna duda de que el Abierto de los Estados Unidos es el torneo favorito de Juan Mart\u00edn Del Potro, aqu\u00ed toc\u00f3 el cielo ten\u00edstico con las manos hace nueve a\u00f1os, y quiere repetir la \u00e9pica en esta edici\u00f3n del Grand Slam neoyorquino.<\/p>\n<p>La \u00abTorre\u00bb de Tandil ir\u00e1 este viernes no antes de las 17, hora de Argentina, por su segunda final de Grand Slam nada menos que ante el n\u00famero 1 del mundo y el campe\u00f3n defensor, Rafael Nadal.<\/p>\n<p><a href=\"http:\/\/labestiadeportiva.com\/lbd\/wp-content\/uploads\/2018\/09\/983dc51a462ef77d2fce1f32a462598a.jpg\"><img loading=\"lazy\" class=\"aligncenter size-medium wp-image-29375\" src=\"http:\/\/labestiadeportiva.com\/lbd\/wp-content\/uploads\/2018\/09\/983dc51a462ef77d2fce1f32a462598a-300x169.jpg\" alt=\"983dc51a462ef77d2fce1f32a462598a\" width=\"300\" height=\"169\" srcset=\"https:\/\/labestiadeportiva.com\/lbd\/wp-content\/uploads\/2018\/09\/983dc51a462ef77d2fce1f32a462598a-300x169.jpg 300w, https:\/\/labestiadeportiva.com\/lbd\/wp-content\/uploads\/2018\/09\/983dc51a462ef77d2fce1f32a462598a-1024x576.jpg 1024w, https:\/\/labestiadeportiva.com\/lbd\/wp-content\/uploads\/2018\/09\/983dc51a462ef77d2fce1f32a462598a.jpg 1280w\" sizes=\"(max-width: 300px) 100vw, 300px\" \/><\/a>Al igual que el a\u00f1o pasado, el argentino y el espa\u00f1ol se cruzar\u00e1n en las semifinales del Abierto de los Estados Unidos.<\/p>\n<p>Ser\u00e1 el enfrentamiento n\u00famero 17 en entre estos dos titanes del tenis mundial. Por el momento, la ventaja es para el manacor\u00ed, por 11-5, con tres victorias consecutivas, todas ellas en instancias decisivas de torneos de Grand Slam.<\/p>\n<p>La \u00faltima victoria de la Torre de Tandil fue en las semifinales de los Juegos Ol\u00edmpicos de R\u00edo de Janeiro 2016, donde Del Potro se impuso por 5-7, 6-4 y 7-6 (5).<\/p>\n<p>\u201cCon Rafa ser\u00e1 una batalla, como siempre. Con \u00e9l tengo que mejorar mi rendimiento con respecto a los que estoy haciendo\u201d, dijo el n\u00famero 3 del ranking ATP en la conferencia de prensa del martes, luego de la victoria ante John Isner.<\/p>\n<p><a href=\"http:\/\/labestiadeportiva.com\/lbd\/wp-content\/uploads\/2018\/09\/del-potro-us-open-2018-day-nine-1.jpg\"><img loading=\"lazy\" class=\"aligncenter size-medium wp-image-29376\" src=\"http:\/\/labestiadeportiva.com\/lbd\/wp-content\/uploads\/2018\/09\/del-potro-us-open-2018-day-nine-1-300x169.jpg\" alt=\"del-potro-us-open-2018-day-nine-1\" width=\"300\" height=\"169\" srcset=\"https:\/\/labestiadeportiva.com\/lbd\/wp-content\/uploads\/2018\/09\/del-potro-us-open-2018-day-nine-1-300x169.jpg 300w, https:\/\/labestiadeportiva.com\/lbd\/wp-content\/uploads\/2018\/09\/del-potro-us-open-2018-day-nine-1-1024x576.jpg 1024w, https:\/\/labestiadeportiva.com\/lbd\/wp-content\/uploads\/2018\/09\/del-potro-us-open-2018-day-nine-1.jpg 1920w\" sizes=\"(max-width: 300px) 100vw, 300px\" \/><\/a>\u201cS\u00e9 que Delpo ha estado jugando bien as\u00ed que tendr\u00e1 que jugar a mi nivel m\u00e1s alto\u201d, respondi\u00f3 Rafa, tras derrotar a Thiem.<\/p>\n<p>Lo cierto es que ambos tendr\u00e1n un descanso extra, con respecto a los otros dos que jueguen por la otra semifinal.<\/p>\n<p>Para el argentino ser\u00e1n 70 horas, ya que termin\u00f3 de jugar ante Isner a las 19 del martes.<\/p>\n<p>El espa\u00f1ol, en tanto, finaliz\u00f3 su partido a las 3 de la ma\u00f1ana de este mi\u00e9rcoles y para \u00e9l ser\u00e1n 62.<\/p>\n<p>Para llegar a esta instancia, Delpo dej\u00f3 en el camino a los locales Donald Young y Denis Kudla en primera y segunda ronda respectivamente, luego se carg\u00f3 a Fernando Verdasco, al croata Borna Coric y por \u00faltimo al m\u00e1ximo cr\u00e9dito estadounidense, John Isner.<\/p>\n<p>La otra semi, que saldr\u00e1 de los cruces de Marin Cilic-Kei Nishikori y Novak Djokovic-John Millman, enfrentar\u00e1 a dos jugadores que tendr\u00e1n, por lo menos, 24 horas menos de descanso. Y no es dato menor, debido a las altas temperaturas que hay en Nueva York.<\/p>\n<p>El martes, Del Potro tuvo inconvenientes con el calor y dijo que \u201cera imposible jugar al tenis\u201d en ese momento. Este viernes tendr\u00e1 que volver a jugar a la misma hora.<\/p>\n<p>Nadal, por su parte, tuvo un extenuante partido con Thiem de casi cinco horas, pero ya en el horario nocturno.<\/p>\n<p>Si logra la haza\u00f1a de ganarle al n\u00famero 1, quedar\u00eda un paso m\u00e1s cerca de alcanzar a Roger Federer en el n\u00famero 2 del ranking mundial.<\/p>\n<p>Hoy, el de Tandil tiene 5500 puntos y si vence a Rafa llegar\u00e1 a los 5980. Levantando el trofeo en la Gran Manzana alcanzar\u00e1 las 6780 y as\u00ed estar\u00e1 pegado a los 6900 del suizo, que fue eliminado en octavos de final en manos de Millman, la sorpresa del torneo.<\/p>\n<p><a href=\"http:\/\/labestiadeportiva.com\/lbd\/wp-content\/uploads\/2018\/09\/9b42f513-37cc-4e31-9e32-7e8de8b6c745.jpg\"><img loading=\"lazy\" class=\"aligncenter size-medium wp-image-29377\" src=\"http:\/\/labestiadeportiva.com\/lbd\/wp-content\/uploads\/2018\/09\/9b42f513-37cc-4e31-9e32-7e8de8b6c745-300x169.jpg\" alt=\"9b42f513-37cc-4e31-9e32-7e8de8b6c745\" width=\"300\" height=\"169\" srcset=\"https:\/\/labestiadeportiva.com\/lbd\/wp-content\/uploads\/2018\/09\/9b42f513-37cc-4e31-9e32-7e8de8b6c745-300x169.jpg 300w, https:\/\/labestiadeportiva.com\/lbd\/wp-content\/uploads\/2018\/09\/9b42f513-37cc-4e31-9e32-7e8de8b6c745.jpg 945w\" sizes=\"(max-width: 300px) 100vw, 300px\" \/><\/a><\/p>\n<div class='epvc-post-count'><span class='epvc-eye'><\/span>  <span class=\"epvc-count\"> 1.220<\/span><span class='epvc-label'> veces le\u00edda<\/span><\/div>\n<div class=\"jwsharethis\">\nShare this: \n<br \/>\n<a href=\"mailto:?subject=Del%20Potro%20semifinalista%20del%20US%20Open&amp;body=https%3A%2F%2Flabestiadeportiva.com%2Flbd%2Fdel-potro-semifinalista-del-us-open-2%2F\">\n<img src=\"https:\/\/labestiadeportiva.com\/lbd\/wp-content\/plugins\/jw-share-this\/email.png\" alt=\"Share this page via Email\" \/>\n<\/a>\n<a target=\"_blank\" href=\"http:\/\/www.stumbleupon.com\/submit?url=https%3A%2F%2Flabestiadeportiva.com%2Flbd%2Fdel-potro-semifinalista-del-us-open-2%2F&amp;title=Del+Potro+semifinalista+del+US+Open\">\n<img src=\"https:\/\/labestiadeportiva.com\/lbd\/wp-content\/plugins\/jw-share-this\/su.png\" alt=\"Share this page via Stumble Upon\" \/>\n<\/a>\n<a target=\"_blank\" href=\"http:\/\/digg.com\/submit?url=https%3A%2F%2Flabestiadeportiva.com%2Flbd%2Fdel-potro-semifinalista-del-us-open-2%2F&amp;title=Del+Potro+semifinalista+del+US+Open\">\n<img src=\"https:\/\/labestiadeportiva.com\/lbd\/wp-content\/plugins\/jw-share-this\/digg.png\" alt=\"Share this page via Digg this\" \/>\n<\/a>\n<a target=\"_blank\" href=\"http:\/\/www.facebook.com\/sharer.php?u=https%3A%2F%2Flabestiadeportiva.com%2Flbd%2Fdel-potro-semifinalista-del-us-open-2%2F&amp;t=Del+Potro+semifinalista+del+US+Open\">\n<img src=\"https:\/\/labestiadeportiva.com\/lbd\/wp-content\/plugins\/jw-share-this\/fb.png\" alt=\"Share this page via Facebook\" \/>\n<\/a>\n<a target=\"_blank\" href=\"http:\/\/twitter.com\/intent\/tweet?text=I+like+https%3A%2F%2Flabestiadeportiva.com%2Flbd%2Fdel-potro-semifinalista-del-us-open-2%2F&amp;title=Del+Potro+semifinalista+del+US+Open\">\n<img src=\"https:\/\/labestiadeportiva.com\/lbd\/wp-content\/plugins\/jw-share-this\/twitter.png\" alt=\"Share this page via Twitter\" \/>\n<\/a>\n<\/div>\n","protected":false},"excerpt":{"rendered":"<p>Por Mat\u00edas Pouso (Corresponsal LBD en CABA) El tandilense se meti\u00f3 entre los cuatro mejores del torneo luego de superar a John Isner en cuartos de final por 6-7 (5), 6-3, 7-6 (4) y 6-2. Su pr\u00f3ximo rival ser\u00e1 Rafael Nadal, que dej\u00f3 en el camino al austr\u00edaco Dominic Thiem luego de casi cinco horas &hellip; <a href=\"https:\/\/labestiadeportiva.com\/lbd\/del-potro-semifinalista-del-us-open-2\/\" class=\"more-link\">Seguir leyendo <span class=\"screen-reader-text\">Del Potro semifinalista del US Open<\/span> <span class=\"meta-nav\">&rarr;<\/span><\/a><\/p>\n","protected":false},"author":1,"featured_media":29374,"comment_status":"open","ping_status":"open","sticky":false,"template":"","format":"standard","meta":[],"categories":[4,1,39],"tags":[3660,34,53],"_links":{"self":[{"href":"https:\/\/labestiadeportiva.com\/lbd\/wp-json\/wp\/v2\/posts\/29373"}],"collection":[{"href":"https:\/\/labestiadeportiva.com\/lbd\/wp-json\/wp\/v2\/posts"}],"about":[{"href":"https:\/\/labestiadeportiva.com\/lbd\/wp-json\/wp\/v2\/types\/post"}],"author":[{"embeddable":true,"href":"https:\/\/labestiadeportiva.com\/lbd\/wp-json\/wp\/v2\/users\/1"}],"replies":[{"embeddable":true,"href":"https:\/\/labestiadeportiva.com\/lbd\/wp-json\/wp\/v2\/comments?post=29373"}],"version-history":[{"count":1,"href":"https:\/\/labestiadeportiva.com\/lbd\/wp-json\/wp\/v2\/posts\/29373\/revisions"}],"predecessor-version":[{"id":29378,"href":"https:\/\/labestiadeportiva.com\/lbd\/wp-json\/wp\/v2\/posts\/29373\/revisions\/29378"}],"wp:featuredmedia":[{"embeddable":true,"href":"https:\/\/labestiadeportiva.com\/lbd\/wp-json\/wp\/v2\/media\/29374"}],"wp:attachment":[{"href":"https:\/\/labestiadeportiva.com\/lbd\/wp-json\/wp\/v2\/media?parent=29373"}],"wp:term":[{"taxonomy":"category","embeddable":true,"href":"https:\/\/labestiadeportiva.com\/lbd\/wp-json\/wp\/v2\/categories?post=29373"},{"taxonomy":"post_tag","embeddable":true,"href":"https:\/\/labestiadeportiva.com\/lbd\/wp-json\/wp\/v2\/tags?post=29373"}],"curies":[{"name":"wp","href":"https:\/\/api.w.org\/{rel}","templated":true}]}}