{"id":29495,"date":"2018-09-14T18:22:11","date_gmt":"2018-09-14T21:22:11","guid":{"rendered":"http:\/\/labestiadeportiva.com\/lbd\/?p=29495"},"modified":"2018-09-15T00:19:21","modified_gmt":"2018-09-15T03:19:21","slug":"agenda-deportiva-192","status":"publish","type":"post","link":"https:\/\/labestiadeportiva.com\/lbd\/agenda-deportiva-192\/","title":{"rendered":"Agenda Deportiva"},"content":{"rendered":"<p><a href=\"http:\/\/labestiadeportiva.com\/lbd\/wp-content\/uploads\/2018\/09\/FB_IMG_1535409184831.jpg\"><img loading=\"lazy\" class=\"aligncenter size-medium wp-image-29497\" src=\"http:\/\/labestiadeportiva.com\/lbd\/wp-content\/uploads\/2018\/09\/FB_IMG_1535409184831-212x300.jpg\" alt=\"FB_IMG_1535409184831\" width=\"212\" height=\"300\" srcset=\"https:\/\/labestiadeportiva.com\/lbd\/wp-content\/uploads\/2018\/09\/FB_IMG_1535409184831-212x300.jpg 212w, https:\/\/labestiadeportiva.com\/lbd\/wp-content\/uploads\/2018\/09\/FB_IMG_1535409184831.jpg 720w\" sizes=\"(max-width: 212px) 100vw, 212px\" \/><\/a>Nuevo fin de semana donde el deporte vuelve a presentar una propuesta con cantidad y calidad de disciplinas en acci\u00f3n. Se destacan el argentino de hockey pista para sub 14 y sub 16 damas, karting, tiro, karate, b\u00e1squet, judo, atletismo, rugby, futsal AFA, futsal federado, padel y v\u00f3ley. Desde LBD todos los detalles.<!--more--><\/p>\n<p>Hockey Pista<\/p>\n<p>Con la organizaci\u00f3n de la Federaci\u00f3n TDF se puso en marcha este viernes el Argentino de Selecciones para los segmrntos sub 14 y sub 16 damas.<\/p>\n<p>Se utilizan dos escenarios, el gimnasio \u00abCarlos Petrina\u00bb como el principal mientras que las instalaciones del URC ser\u00e1n el alternativo.<\/p>\n<p>En cuanto a la estructura de competencia ser\u00e1 todos contra todos por puntos. El viernes se competir\u00e1 de 8 a 22, s\u00e1bado se repetir\u00e1 la carga horaria mientras que el domingo la acci\u00f3n definitoria comprender\u00e1 desde las 9.30 hasta aproximadamente las 15 horas.<\/p>\n<p>Karting<\/p>\n<p>Regreso de la actividad provincial organizada en forma conjunta por la APKU 2000 y AFK luego del receso invernal. En esta oportunidad se utilizar\u00e1 el \u00abParque de la Velocidad\u00bb, circuito riograndense enclavado en el Cono de Sombras.<\/p>\n<p>El s\u00e1bado entrenamientos oficiales mientras que el domingo por la ma\u00f1ana se efectuar\u00e1n pruebas libres, clasificaci\u00f3n, series y finales de cada segmento en competencia.<\/p>\n<p>Tiro<\/p>\n<p>Este domingo regresar\u00e1 la acci\u00f3n al Tiro Federal 2 de Abril luego del receso invernal. La competencia ser\u00e1 de Tiro Pr\u00e1ctico donde se realizar\u00e1n seis etapas con aproximadamente 110 disparos comenzando a las 10 de la ma\u00f1ana.<\/p>\n<p>Karate<\/p>\n<p>Este s\u00e1bado desde las 10 de la ma\u00f1ana el gimnasio Profesora Ana Ver\u00f3nica Gir\u00f3 del barrio 245 Viviendas recibir\u00e1 la 26\u00b0 edici\u00f3n del Torneo Provincial de Katate Do de TDF.<\/p>\n<p>Los organizadores informaron que alrededor de 300 practicantes estar\u00e1n presentes de las escuelas afiliadas de Ushuaia y R\u00edo Grande.<\/p>\n<p>B\u00e1squet Provincial<\/p>\n<p>Tercer juego semifinal entre Colegio del Sur \u00abA\u00bb y Metal\u00fargicos. Ser\u00e1 el s\u00e1bado desde las 18 en Cancha 4 \u00abHugo Italo Favale\u00bb. El juego definitorio contar\u00e1 con la transmisi\u00f3n en vivo de la tv P\u00fablica Fueguina. El riograndense Yoppen, ya clasificado espera rival.<\/p>\n<p>Atletismo<\/p>\n<p>Este domingo desde las 13 con la organizaci\u00f3n del IPRA se realizar\u00e1 la prueba solidaria \u00abFalta Menos\u00bb con el objetivo de ayudar al Jard\u00edn \u00ab\u00bbCaruchas\u00bb y la Escuela \u00abEntre R\u00edos\u00bb de Lago Escondido. Ser\u00e1n 10 K, donde la inscripci\u00f3n alimentos no perecederos y \u00fatiles escolares.<\/p>\n<p><a href=\"http:\/\/labestiadeportiva.com\/lbd\/wp-content\/uploads\/2018\/09\/20180914_185557.jpg\"><img loading=\"lazy\" class=\"aligncenter size-medium wp-image-29499\" src=\"http:\/\/labestiadeportiva.com\/lbd\/wp-content\/uploads\/2018\/09\/20180914_185557-241x300.jpg\" alt=\"20180914_185557\" width=\"241\" height=\"300\" srcset=\"https:\/\/labestiadeportiva.com\/lbd\/wp-content\/uploads\/2018\/09\/20180914_185557-241x300.jpg 241w, https:\/\/labestiadeportiva.com\/lbd\/wp-content\/uploads\/2018\/09\/20180914_185557.jpg 678w\" sizes=\"(max-width: 241px) 100vw, 241px\" \/><\/a>Rugby Provincial<\/p>\n<p>La URTF program\u00f3 para este fin de semana la segunda fecha oficial en M15, M17 y planteles superiores. El segmento juvenil menor competir\u00e1 desde las 13, los M17 a las 14.30 mientras que los encuentros de primera divisi\u00f3n llegar\u00e1n a las 15 y 16. En esta categor\u00eda se destaca el partido Colegio\/R\u00edo Grande RHC en el \u00abPicadero\u00bb desde las 4 de la tarde.<\/p>\n<p>Futsal AFA<\/p>\n<p>El departamento salonero de la Liga Ushuaiense program\u00f3 para el fin de semana encuentros de los segmentos femenino, sub 13, sub 15 y sub 17. Descanso para la primera divisi\u00f3n luego de la Copa Ushuaia.<\/p>\n<p>Futsal Federado<\/p>\n<p>Intensa actividad de la Federaci\u00f3n. Las superiores actuar\u00e1n el domingo en dos escenarios Microestadio y Campolter. Como de costumbre s\u00e1bado y domingo para las infantiles en el \u00abIslas Malvinas\u00bb y \u00abMirador de Los Andes\u00bb.<\/p>\n<p>Padel<\/p>\n<p>Torneo Amistad de la mano de los muchachos de Ushuaia Padel. Ser\u00e1 viernes, s\u00e1bado y domingo en First Class y Depor5. M\u00e1s de 90 parejas que participar\u00e1n en los segmentos 5\u00b0 y 7\u00b0 damas m\u00e1s 3\u00b0, 4\u00b0, 5\u00b0, 6\u00b0 y 7\u00b0 caballeros.<\/p>\n<p>V\u00f3ley<\/p>\n<p>La actividad se trasladar\u00e1 del \u00abPetrina\u00bb al Ana Gir\u00f3. Se jugar\u00e1 el domingo con encuentro del torneo Los Andes y la final femenina de Evita (14 horas). En cuanto a los horarios se competir\u00e1 de 10 a 18 horas, 8 partidos de las ramas masculina y femenina.<\/p>\n<p><a href=\"http:\/\/labestiadeportiva.com\/lbd\/wp-content\/uploads\/2018\/09\/FB_IMG_1536958961075.jpg\"><img loading=\"lazy\" class=\"aligncenter size-medium wp-image-29500\" src=\"http:\/\/labestiadeportiva.com\/lbd\/wp-content\/uploads\/2018\/09\/FB_IMG_1536958961075-300x294.jpg\" alt=\"FB_IMG_1536958961075\" width=\"300\" height=\"294\" srcset=\"https:\/\/labestiadeportiva.com\/lbd\/wp-content\/uploads\/2018\/09\/FB_IMG_1536958961075-300x294.jpg 300w, https:\/\/labestiadeportiva.com\/lbd\/wp-content\/uploads\/2018\/09\/FB_IMG_1536958961075-60x60.jpg 60w, https:\/\/labestiadeportiva.com\/lbd\/wp-content\/uploads\/2018\/09\/FB_IMG_1536958961075.jpg 720w\" sizes=\"(max-width: 300px) 100vw, 300px\" \/><\/a><\/p>\n<p><a href=\"http:\/\/labestiadeportiva.com\/lbd\/wp-content\/uploads\/2018\/09\/FB_IMG_1536958977054.jpg\"><img loading=\"lazy\" class=\"aligncenter size-medium wp-image-29501\" src=\"http:\/\/labestiadeportiva.com\/lbd\/wp-content\/uploads\/2018\/09\/FB_IMG_1536958977054-165x300.jpg\" alt=\"FB_IMG_1536958977054\" width=\"165\" height=\"300\" srcset=\"https:\/\/labestiadeportiva.com\/lbd\/wp-content\/uploads\/2018\/09\/FB_IMG_1536958977054-165x300.jpg 165w, https:\/\/labestiadeportiva.com\/lbd\/wp-content\/uploads\/2018\/09\/FB_IMG_1536958977054-563x1024.jpg 563w, https:\/\/labestiadeportiva.com\/lbd\/wp-content\/uploads\/2018\/09\/FB_IMG_1536958977054.jpg 700w\" sizes=\"(max-width: 165px) 100vw, 165px\" \/><\/a><\/p>\n<p><a href=\"http:\/\/labestiadeportiva.com\/lbd\/wp-content\/uploads\/2018\/09\/20180914_184626.jpg\"><img loading=\"lazy\" class=\"aligncenter size-medium wp-image-29502\" src=\"http:\/\/labestiadeportiva.com\/lbd\/wp-content\/uploads\/2018\/09\/20180914_184626-300x148.jpg\" alt=\"20180914_184626\" width=\"300\" height=\"148\" srcset=\"https:\/\/labestiadeportiva.com\/lbd\/wp-content\/uploads\/2018\/09\/20180914_184626-300x148.jpg 300w, https:\/\/labestiadeportiva.com\/lbd\/wp-content\/uploads\/2018\/09\/20180914_184626-1024x505.jpg 1024w, https:\/\/labestiadeportiva.com\/lbd\/wp-content\/uploads\/2018\/09\/20180914_184626.jpg 1173w\" sizes=\"(max-width: 300px) 100vw, 300px\" \/><\/a><\/p>\n<p><a href=\"http:\/\/labestiadeportiva.com\/lbd\/wp-content\/uploads\/2018\/09\/20180914_184512.jpg\"><img loading=\"lazy\" class=\"aligncenter size-medium wp-image-29503\" src=\"http:\/\/labestiadeportiva.com\/lbd\/wp-content\/uploads\/2018\/09\/20180914_184512-300x199.jpg\" alt=\"20180914_184512\" width=\"300\" height=\"199\" srcset=\"https:\/\/labestiadeportiva.com\/lbd\/wp-content\/uploads\/2018\/09\/20180914_184512-300x199.jpg 300w, https:\/\/labestiadeportiva.com\/lbd\/wp-content\/uploads\/2018\/09\/20180914_184512.jpg 959w\" sizes=\"(max-width: 300px) 100vw, 300px\" \/><\/a><\/p>\n<p><a href=\"http:\/\/labestiadeportiva.com\/lbd\/wp-content\/uploads\/2018\/09\/20180914_184430.jpg\"><img loading=\"lazy\" class=\"aligncenter size-medium wp-image-29504\" src=\"http:\/\/labestiadeportiva.com\/lbd\/wp-content\/uploads\/2018\/09\/20180914_184430-300x214.jpg\" alt=\"20180914_184430\" width=\"300\" height=\"214\" srcset=\"https:\/\/labestiadeportiva.com\/lbd\/wp-content\/uploads\/2018\/09\/20180914_184430-300x214.jpg 300w, https:\/\/labestiadeportiva.com\/lbd\/wp-content\/uploads\/2018\/09\/20180914_184430.jpg 921w\" sizes=\"(max-width: 300px) 100vw, 300px\" \/><\/a><\/p>\n<p><a href=\"http:\/\/labestiadeportiva.com\/lbd\/wp-content\/uploads\/2018\/09\/20180915_001507.png\"><img loading=\"lazy\" class=\"aligncenter size-medium wp-image-29509\" src=\"http:\/\/labestiadeportiva.com\/lbd\/wp-content\/uploads\/2018\/09\/20180915_001507-300x300.png\" alt=\"20180915_001507\" width=\"300\" height=\"300\" srcset=\"https:\/\/labestiadeportiva.com\/lbd\/wp-content\/uploads\/2018\/09\/20180915_001507-300x300.png 300w, https:\/\/labestiadeportiva.com\/lbd\/wp-content\/uploads\/2018\/09\/20180915_001507-150x150.png 150w, https:\/\/labestiadeportiva.com\/lbd\/wp-content\/uploads\/2018\/09\/20180915_001507-160x160.png 160w, https:\/\/labestiadeportiva.com\/lbd\/wp-content\/uploads\/2018\/09\/20180915_001507-320x320.png 320w, https:\/\/labestiadeportiva.com\/lbd\/wp-content\/uploads\/2018\/09\/20180915_001507-60x60.png 60w, https:\/\/labestiadeportiva.com\/lbd\/wp-content\/uploads\/2018\/09\/20180915_001507.png 720w\" sizes=\"(max-width: 300px) 100vw, 300px\" \/><\/a><\/p>\n<p>&nbsp;<\/p>\n<div class='epvc-post-count'><span class='epvc-eye'><\/span>  <span class=\"epvc-count\"> 1.150<\/span><span class='epvc-label'> veces le\u00edda<\/span><\/div>\n<div class=\"jwsharethis\">\nShare this: \n<br \/>\n<a href=\"mailto:?subject=Agenda%20Deportiva&amp;body=https%3A%2F%2Flabestiadeportiva.com%2Flbd%2Fagenda-deportiva-192%2F\">\n<img src=\"https:\/\/labestiadeportiva.com\/lbd\/wp-content\/plugins\/jw-share-this\/email.png\" alt=\"Share this page via Email\" \/>\n<\/a>\n<a target=\"_blank\" href=\"http:\/\/www.stumbleupon.com\/submit?url=https%3A%2F%2Flabestiadeportiva.com%2Flbd%2Fagenda-deportiva-192%2F&amp;title=Agenda+Deportiva\">\n<img src=\"https:\/\/labestiadeportiva.com\/lbd\/wp-content\/plugins\/jw-share-this\/su.png\" alt=\"Share this page via Stumble Upon\" \/>\n<\/a>\n<a target=\"_blank\" href=\"http:\/\/digg.com\/submit?url=https%3A%2F%2Flabestiadeportiva.com%2Flbd%2Fagenda-deportiva-192%2F&amp;title=Agenda+Deportiva\">\n<img src=\"https:\/\/labestiadeportiva.com\/lbd\/wp-content\/plugins\/jw-share-this\/digg.png\" alt=\"Share this page via Digg this\" \/>\n<\/a>\n<a target=\"_blank\" href=\"http:\/\/www.facebook.com\/sharer.php?u=https%3A%2F%2Flabestiadeportiva.com%2Flbd%2Fagenda-deportiva-192%2F&amp;t=Agenda+Deportiva\">\n<img src=\"https:\/\/labestiadeportiva.com\/lbd\/wp-content\/plugins\/jw-share-this\/fb.png\" alt=\"Share this page via Facebook\" \/>\n<\/a>\n<a target=\"_blank\" href=\"http:\/\/twitter.com\/intent\/tweet?text=I+like+https%3A%2F%2Flabestiadeportiva.com%2Flbd%2Fagenda-deportiva-192%2F&amp;title=Agenda+Deportiva\">\n<img src=\"https:\/\/labestiadeportiva.com\/lbd\/wp-content\/plugins\/jw-share-this\/twitter.png\" alt=\"Share this page via Twitter\" \/>\n<\/a>\n<\/div>\n","protected":false},"excerpt":{"rendered":"<p>Nuevo fin de semana donde el deporte vuelve a presentar una propuesta con cantidad y calidad de disciplinas en acci\u00f3n. Se destacan el argentino de hockey pista para sub 14 y sub 16 damas, karting, tiro, karate, b\u00e1squet, judo, atletismo, rugby, futsal AFA, futsal federado, padel y v\u00f3ley. Desde LBD todos los detalles. 1.150 veces &hellip; <a href=\"https:\/\/labestiadeportiva.com\/lbd\/agenda-deportiva-192\/\" class=\"more-link\">Seguir leyendo <span class=\"screen-reader-text\">Agenda Deportiva<\/span> <span class=\"meta-nav\">&rarr;<\/span><\/a><\/p>\n","protected":false},"author":1,"featured_media":29497,"comment_status":"open","ping_status":"open","sticky":false,"template":"","format":"standard","meta":[],"categories":[5,1],"tags":[62,3660],"_links":{"self":[{"href":"https:\/\/labestiadeportiva.com\/lbd\/wp-json\/wp\/v2\/posts\/29495"}],"collection":[{"href":"https:\/\/labestiadeportiva.com\/lbd\/wp-json\/wp\/v2\/posts"}],"about":[{"href":"https:\/\/labestiadeportiva.com\/lbd\/wp-json\/wp\/v2\/types\/post"}],"author":[{"embeddable":true,"href":"https:\/\/labestiadeportiva.com\/lbd\/wp-json\/wp\/v2\/users\/1"}],"replies":[{"embeddable":true,"href":"https:\/\/labestiadeportiva.com\/lbd\/wp-json\/wp\/v2\/comments?post=29495"}],"version-history":[{"count":4,"href":"https:\/\/labestiadeportiva.com\/lbd\/wp-json\/wp\/v2\/posts\/29495\/revisions"}],"predecessor-version":[{"id":29510,"href":"https:\/\/labestiadeportiva.com\/lbd\/wp-json\/wp\/v2\/posts\/29495\/revisions\/29510"}],"wp:featuredmedia":[{"embeddable":true,"href":"https:\/\/labestiadeportiva.com\/lbd\/wp-json\/wp\/v2\/media\/29497"}],"wp:attachment":[{"href":"https:\/\/labestiadeportiva.com\/lbd\/wp-json\/wp\/v2\/media?parent=29495"}],"wp:term":[{"taxonomy":"category","embeddable":true,"href":"https:\/\/labestiadeportiva.com\/lbd\/wp-json\/wp\/v2\/categories?post=29495"},{"taxonomy":"post_tag","embeddable":true,"href":"https:\/\/labestiadeportiva.com\/lbd\/wp-json\/wp\/v2\/tags?post=29495"}],"curies":[{"name":"wp","href":"https:\/\/api.w.org\/{rel}","templated":true}]}}