{"id":29514,"date":"2018-09-17T11:16:58","date_gmt":"2018-09-17T14:16:58","guid":{"rendered":"http:\/\/labestiadeportiva.com\/lbd\/?p=29514"},"modified":"2018-09-17T11:16:58","modified_gmt":"2018-09-17T14:16:58","slug":"argentina-aplasto-a-colombia","status":"publish","type":"post","link":"https:\/\/labestiadeportiva.com\/lbd\/argentina-aplasto-a-colombia\/","title":{"rendered":"Argentina aplast\u00f3 a Colombia"},"content":{"rendered":"<p>Por Mat\u00edas Pouso (Corresponsal LBD en CABA)<\/p>\n<p><a href=\"http:\/\/labestiadeportiva.com\/lbd\/wp-content\/uploads\/2018\/09\/argentina-tenis-equipo-completo_862x485.jpeg\"><img loading=\"lazy\" class=\"aligncenter size-medium wp-image-29515\" src=\"http:\/\/labestiadeportiva.com\/lbd\/wp-content\/uploads\/2018\/09\/argentina-tenis-equipo-completo_862x485-300x169.jpeg\" alt=\"argentina-tenis-equipo-completo_862x485\" width=\"300\" height=\"169\" srcset=\"https:\/\/labestiadeportiva.com\/lbd\/wp-content\/uploads\/2018\/09\/argentina-tenis-equipo-completo_862x485-300x169.jpeg 300w, https:\/\/labestiadeportiva.com\/lbd\/wp-content\/uploads\/2018\/09\/argentina-tenis-equipo-completo_862x485.jpeg 862w\" sizes=\"(max-width: 300px) 100vw, 300px\" \/><\/a>El conjunto capitaneado por el tr\u00edo Coria-Gaudio-Ca\u00f1as se qued\u00f3 con la serie por el repechaje de la Zona Americana luego de lograr los cuatro puntos disputados.<!--more--><\/p>\n<p>Fue el \u00faltimo a\u00f1o de la tradicional competencia como la conocemos, en 2019 un Davis renovada saldr\u00e1 a la luz.<\/p>\n<p>Hace un mes, el futuro de uno de los torneos m\u00e1s tradicionales del deporte mundial tuvo un cambio trascendental.<\/p>\n<p>El formato de la Copa Davis, tal como se lo conoce hace un siglo, dejar\u00e1 de existir a partir del a\u00f1o que viene.<\/p>\n<p>Entonces se disputar\u00e1 en febrero una rueda clasificatoria de 24 pa\u00edses (seleccionados por el ranking de la ITF) con el cl\u00e1sico sistema de locales y visitantes.<\/p>\n<p>Las 12 naciones ganadoras, m\u00e1s los cuatro semifinalistas del a\u00f1o anterior y dos pa\u00edses invitados por la organizaci\u00f3n jugar\u00e1n la etapa final, en principio, programada para fines de noviembre, luego del Masters de Londres.<\/p>\n<p><a href=\"http:\/\/labestiadeportiva.com\/lbd\/wp-content\/uploads\/2018\/09\/schwartzman_12.jpg\"><img loading=\"lazy\" class=\"aligncenter size-medium wp-image-29516\" src=\"http:\/\/labestiadeportiva.com\/lbd\/wp-content\/uploads\/2018\/09\/schwartzman_12-300x165.jpg\" alt=\"schwartzman_12\" width=\"300\" height=\"165\" srcset=\"https:\/\/labestiadeportiva.com\/lbd\/wp-content\/uploads\/2018\/09\/schwartzman_12-300x165.jpg 300w, https:\/\/labestiadeportiva.com\/lbd\/wp-content\/uploads\/2018\/09\/schwartzman_12.jpg 1020w\" sizes=\"(max-width: 300px) 100vw, 300px\" \/><\/a>Distribuidos en seis zonas de tres pa\u00edses cada una, con sistema Round Robin -todos contra todos-. Los ganadores de cada grupo m\u00e1s los dos mejores segundos jugar\u00e1n los cuartos de final y luego se ir\u00e1n eliminando.<\/p>\n<p>En esta \u00faltima edici\u00f3n con el formato tradicional, Argentina disput\u00f3 este fin de semana su serie frente a Colombia con el objetivo de ser preclasificado en el a\u00f1o del debut del Mundial del tenis.<\/p>\n<p>En San Juan, el conjunto nacional barri\u00f3 a los capitaneados por Pablo Gonz\u00e1lez con un contundente 4-0, que dej\u00f3 muy buenas sensaciones de cara a las nuevas ideas y los nuevos proyectos que encara la Asociaci\u00f3n Argentina de Tenis desde la asunci\u00f3n de Agust\u00edn Calleri como presidente y de todo su equipo de trabajo.<\/p>\n<p><a href=\"http:\/\/labestiadeportiva.com\/lbd\/wp-content\/uploads\/2018\/09\/noticia-argentina-vs-colombia-copa-davis.png\"><img loading=\"lazy\" class=\"aligncenter size-medium wp-image-29518\" src=\"http:\/\/labestiadeportiva.com\/lbd\/wp-content\/uploads\/2018\/09\/noticia-argentina-vs-colombia-copa-davis-300x169.png\" alt=\"noticia-argentina-vs-colombia-copa-davis\" width=\"300\" height=\"169\" srcset=\"https:\/\/labestiadeportiva.com\/lbd\/wp-content\/uploads\/2018\/09\/noticia-argentina-vs-colombia-copa-davis-300x169.png 300w, https:\/\/labestiadeportiva.com\/lbd\/wp-content\/uploads\/2018\/09\/noticia-argentina-vs-colombia-copa-davis.png 720w\" sizes=\"(max-width: 300px) 100vw, 300px\" \/><\/a>En la jornada del viernes, los triunfos de Diego Schwartzman y Guido Pella dejaron al equipo argentino a tiro del triunfo, que finalmente se concret\u00f3 el s\u00e1bado en el dobles.<\/p>\n<p>En el primer turno, el Peque (14\u00b0 del mundo) super\u00f3 a Santiago Giraldo por 6-3, 6-1, 6-7 (3) y 6-1 otorg\u00e1ndole el primer punto a Argentina.<\/p>\n<p>Luego, el bahiense tuvo que luchar durante m\u00e1s de tres horas y media ante Daniel Gal\u00e1n (209\u00b0) para finalmente imponerse por 3-6, 6-4, 4-6, 6-3 y 6-2, y dejar la serie 2-0 en favor del equipo que ahora comandan Gast\u00f3n Gaudio, Guillermo Coria y Guillermo Ca\u00f1as.<\/p>\n<p>El s\u00e1bado, la dupla conformada por Machi Gonz\u00e1lez y Horacio Zeballos sufri\u00f3 m\u00e1s de la cuenta ante unos rivales muy inferiores en los papeles como lo eran Alejandro G\u00f3mez (316\u00b0 en dobles) y Cristian Rodr\u00edguez (501\u00b0 en singles).<\/p>\n<p><a href=\"http:\/\/labestiadeportiva.com\/lbd\/wp-content\/uploads\/2018\/09\/Copa-Davis-Argentina.jpg\"><img loading=\"lazy\" class=\"aligncenter size-medium wp-image-29519\" src=\"http:\/\/labestiadeportiva.com\/lbd\/wp-content\/uploads\/2018\/09\/Copa-Davis-Argentina-300x131.jpg\" alt=\"Copa-Davis-Argentina\" width=\"300\" height=\"131\" srcset=\"https:\/\/labestiadeportiva.com\/lbd\/wp-content\/uploads\/2018\/09\/Copa-Davis-Argentina-300x131.jpg 300w, https:\/\/labestiadeportiva.com\/lbd\/wp-content\/uploads\/2018\/09\/Copa-Davis-Argentina-1024x447.jpg 1024w, https:\/\/labestiadeportiva.com\/lbd\/wp-content\/uploads\/2018\/09\/Copa-Davis-Argentina.jpg 1200w\" sizes=\"(max-width: 300px) 100vw, 300px\" \/><\/a>Finalmente el triunfo albiceleste fue por 6-4, 7-6 (3), 6-7 (4), 4-6 y 6-4 en cuatro horas y 3 minutos.<\/p>\n<p>En la previa, el dobles aparec\u00eda como el punto fuerte de Colombia. Robert Farah (9\u00b0) y Juan Sebasti\u00e1n Cabal (10\u00b0) son una de las parejas m\u00e1s importantes del circuito.<\/p>\n<p>Pero los ganadores de once t\u00edtulos -uno este a\u00f1o- decidieron esta vez priorizar sus carreras, ya que pelean para clasificarse al Masters, y ausentarse de la serie.<\/p>\n<p>Por \u00faltimo, en la jornada del domingo Horacio Zeballos gan\u00f3 el cuarto punto ante el juvenil Nicol\u00e1s Mej\u00eda por 7-5 y 6-2 para cerrar un fin de semana muy distinto de lo que fue la \u00faltima d\u00e9cada en el ambiente copero argentino; tanto por los cambios dirigenciales y de entrenadores, como tambi\u00e9n por el nuevo mundo que se viene a partir de 2019 en todo lo que respecta a la Copa Davis.<\/p>\n<p>Fue un gran debut de esta nueva generaci\u00f3n que aterriz\u00f3 en la AAT con promesas de grandes cambios y de nuevos objetivos en todos los niveles del deporte nacional.<\/p>\n<p>En el Grupo Mundial quedaron definidos este fin de semana los finalistas que se disputar\u00e1n la Ensaladera de Plata a finales de noviembre pr\u00f3ximo. Francia y Croacia ser\u00e1n los protagonistas de la \u00faltima definici\u00f3n de la historia con el formato tradicional.<\/p>\n<p>Ambos conjuntos lograron el pase ganando sus series 3-2. Los galos capitaneados por el hist\u00f3rico Yannick Noah dejaron en el camino a su par espa\u00f1ol mientras que los croatas hicieron lo propio ante los Estados Unidos.<\/p>\n<div class='epvc-post-count'><span class='epvc-eye'><\/span>  <span class=\"epvc-count\"> 1.131<\/span><span class='epvc-label'> veces le\u00edda<\/span><\/div>\n<div class=\"jwsharethis\">\nShare this: \n<br \/>\n<a href=\"mailto:?subject=Argentina%20aplast%C3%B3%20a%20Colombia&amp;body=https%3A%2F%2Flabestiadeportiva.com%2Flbd%2Fargentina-aplasto-a-colombia%2F\">\n<img src=\"https:\/\/labestiadeportiva.com\/lbd\/wp-content\/plugins\/jw-share-this\/email.png\" alt=\"Share this page via Email\" \/>\n<\/a>\n<a target=\"_blank\" href=\"http:\/\/www.stumbleupon.com\/submit?url=https%3A%2F%2Flabestiadeportiva.com%2Flbd%2Fargentina-aplasto-a-colombia%2F&amp;title=Argentina+aplast%C3%B3+a+Colombia\">\n<img src=\"https:\/\/labestiadeportiva.com\/lbd\/wp-content\/plugins\/jw-share-this\/su.png\" alt=\"Share this page via Stumble Upon\" \/>\n<\/a>\n<a target=\"_blank\" href=\"http:\/\/digg.com\/submit?url=https%3A%2F%2Flabestiadeportiva.com%2Flbd%2Fargentina-aplasto-a-colombia%2F&amp;title=Argentina+aplast%C3%B3+a+Colombia\">\n<img src=\"https:\/\/labestiadeportiva.com\/lbd\/wp-content\/plugins\/jw-share-this\/digg.png\" alt=\"Share this page via Digg this\" \/>\n<\/a>\n<a target=\"_blank\" href=\"http:\/\/www.facebook.com\/sharer.php?u=https%3A%2F%2Flabestiadeportiva.com%2Flbd%2Fargentina-aplasto-a-colombia%2F&amp;t=Argentina+aplast%C3%B3+a+Colombia\">\n<img src=\"https:\/\/labestiadeportiva.com\/lbd\/wp-content\/plugins\/jw-share-this\/fb.png\" alt=\"Share this page via Facebook\" \/>\n<\/a>\n<a target=\"_blank\" href=\"http:\/\/twitter.com\/intent\/tweet?text=I+like+https%3A%2F%2Flabestiadeportiva.com%2Flbd%2Fargentina-aplasto-a-colombia%2F&amp;title=Argentina+aplast%C3%B3+a+Colombia\">\n<img src=\"https:\/\/labestiadeportiva.com\/lbd\/wp-content\/plugins\/jw-share-this\/twitter.png\" alt=\"Share this page via Twitter\" \/>\n<\/a>\n<\/div>\n","protected":false},"excerpt":{"rendered":"<p>Por Mat\u00edas Pouso (Corresponsal LBD en CABA) El conjunto capitaneado por el tr\u00edo Coria-Gaudio-Ca\u00f1as se qued\u00f3 con la serie por el repechaje de la Zona Americana luego de lograr los cuatro puntos disputados. 1.131 veces le\u00edda Share this:<\/p>\n","protected":false},"author":1,"featured_media":29515,"comment_status":"open","ping_status":"open","sticky":false,"template":"","format":"standard","meta":[],"categories":[4,1,39],"tags":[3681,40,3660,34],"_links":{"self":[{"href":"https:\/\/labestiadeportiva.com\/lbd\/wp-json\/wp\/v2\/posts\/29514"}],"collection":[{"href":"https:\/\/labestiadeportiva.com\/lbd\/wp-json\/wp\/v2\/posts"}],"about":[{"href":"https:\/\/labestiadeportiva.com\/lbd\/wp-json\/wp\/v2\/types\/post"}],"author":[{"embeddable":true,"href":"https:\/\/labestiadeportiva.com\/lbd\/wp-json\/wp\/v2\/users\/1"}],"replies":[{"embeddable":true,"href":"https:\/\/labestiadeportiva.com\/lbd\/wp-json\/wp\/v2\/comments?post=29514"}],"version-history":[{"count":1,"href":"https:\/\/labestiadeportiva.com\/lbd\/wp-json\/wp\/v2\/posts\/29514\/revisions"}],"predecessor-version":[{"id":29520,"href":"https:\/\/labestiadeportiva.com\/lbd\/wp-json\/wp\/v2\/posts\/29514\/revisions\/29520"}],"wp:featuredmedia":[{"embeddable":true,"href":"https:\/\/labestiadeportiva.com\/lbd\/wp-json\/wp\/v2\/media\/29515"}],"wp:attachment":[{"href":"https:\/\/labestiadeportiva.com\/lbd\/wp-json\/wp\/v2\/media?parent=29514"}],"wp:term":[{"taxonomy":"category","embeddable":true,"href":"https:\/\/labestiadeportiva.com\/lbd\/wp-json\/wp\/v2\/categories?post=29514"},{"taxonomy":"post_tag","embeddable":true,"href":"https:\/\/labestiadeportiva.com\/lbd\/wp-json\/wp\/v2\/tags?post=29514"}],"curies":[{"name":"wp","href":"https:\/\/api.w.org\/{rel}","templated":true}]}}