{"id":29700,"date":"2018-09-28T08:54:23","date_gmt":"2018-09-28T11:54:23","guid":{"rendered":"http:\/\/labestiadeportiva.com\/lbd\/?p=29700"},"modified":"2018-09-28T09:09:35","modified_gmt":"2018-09-28T12:09:35","slug":"la-antorcha-olimpica-en-el-fin-del-mundo","status":"publish","type":"post","link":"https:\/\/labestiadeportiva.com\/lbd\/la-antorcha-olimpica-en-el-fin-del-mundo\/","title":{"rendered":"La antorcha ol\u00edmpica en el Fin del Mundo"},"content":{"rendered":"<p><a href=\"http:\/\/labestiadeportiva.com\/lbd\/wp-content\/uploads\/2018\/09\/llama_olxmpica_buenos_aires_2018.jpg_525981578.jpg\"><img loading=\"lazy\" class=\"aligncenter size-medium wp-image-29709\" src=\"http:\/\/labestiadeportiva.com\/lbd\/wp-content\/uploads\/2018\/09\/llama_olxmpica_buenos_aires_2018.jpg_525981578-300x167.jpg\" alt=\"llama_olxmpica_buenos_aires_2018.jpg_525981578\" width=\"300\" height=\"167\" srcset=\"https:\/\/labestiadeportiva.com\/lbd\/wp-content\/uploads\/2018\/09\/llama_olxmpica_buenos_aires_2018.jpg_525981578-300x167.jpg 300w, https:\/\/labestiadeportiva.com\/lbd\/wp-content\/uploads\/2018\/09\/llama_olxmpica_buenos_aires_2018.jpg_525981578.jpg 790w\" sizes=\"(max-width: 300px) 100vw, 300px\" \/><\/a>Este domingo la antorcha ol\u00edmpica llegar\u00e1 a la ciudad de Ushuaia en el marco de las actividades previas a los Juegos Ol\u00edmpicos de la Juventud 2018. Estar\u00e1 presente el presidente del COI, Thomas Bach. Trece fueguinos la portar\u00e1n en un recorrido que culminar\u00e1 en el Polivalente de Arte.<!--more--><\/p>\n<div class=\"contenedor_ancho_sitio\">\n<div class=\"ly_contenedor_general_plantilla\">\n<div class=\"ly_columnas_individual\">\n<div class=\"ly_columnas_slot_individual col-xs-12 col-sm-8 col-md-8 col-lg-8 columna_66_33\">\n<div class=\"contenedor_individual_noticia\">\n<div class=\"contenido_individual_noticia\">\n<p>Tambi\u00e9n visitar\u00e1 la capital fueguina el responsable del Comit\u00e9 Organizador de la 3\u00b0 edici\u00f3n de los Juegos Ol\u00edmpicos de la Juventud, Gerardo Werthein.<\/p>\n<p>El recorrido por nuestro pa\u00eds comenz\u00f3 el 5 de agosto con el objetivo de promover valores Ol\u00edmpicos como el respeto, amistad y excelencia atravesado m\u00e1s de 14.000 kil\u00f3metros.<\/p>\n<p>Luego de Ushuaia, la llama de los JJ. OO. Buenos Aires 2018 regresar\u00e1 a la Ciudad Aut\u00f3noma para la gran cita del 6 de octubre.<\/p>\n<p>Cabe recordar que la misma se encendi\u00f3 el 24 de julio en el Estadio Panathinaik\u00f3 en Atenas (Grecia).<\/p>\n<p>Con el lema \u201cUnidos por la llama\u201d, el Tour de la Antorcha recorrer\u00e1 m\u00e1s de 14.000 kil\u00f3metros durante dos meses llevando el mensaje del Olimpismo a todos los rincones de Argentina realizando relevos en 17 ciudades.<\/p>\n<p>C\u00f3mo era de esperar los principales lugares tur\u00edsticos ser\u00e1n de la partida, siendo los principales las Cataratas de Iguaz\u00fa y el Glaciar Perito Moreno.<\/p>\n<p>El recorrido concluir\u00e1 en poco m\u00e1s de una semana, el 6 de octubre, donde se realizar\u00e1 la primera ceremonia de apertura de una competencia Ol\u00edmpica fuera de los estadios donde el ic\u00f3nico Obelisco capitalino ser\u00e1 el lugar elegido.<\/p>\n<p>Con respecto a lo que suceder\u00e1 en la capital fueguina la antorcha se prender\u00e1 alrededor de las 14.30 horas dando paso al tradicional relevo que tendr\u00e1 a Nicol\u00e1s Lima (nataci\u00f3n adaptada), Mat\u00edas Zuloaga (esqu\u00ed de fondo), Ulises Barrios (atletismo adaptado), Mart\u00edn Bianchi (esqu\u00ed de fondo) y Mar\u00eda Gir\u00f3 (biatl\u00f3n de invierno) como principales portadores.<\/p>\n<p>El trayecto a recorrer se iniciar\u00e1 en Casa de Gobierno, San Mart\u00edn 450, finalizando en el gimnasio del Polivalente de Arte.<\/p>\n<\/div>\n<\/div>\n<\/div>\n<\/div>\n<\/div>\n<\/div>\n<div class='epvc-post-count'><span class='epvc-eye'><\/span>  <span class=\"epvc-count\"> 962<\/span><span class='epvc-label'> veces le\u00edda<\/span><\/div>\n<div class=\"jwsharethis\">\nShare this: \n<br \/>\n<a href=\"mailto:?subject=La%20antorcha%20ol%C3%ADmpica%20en%20el%20Fin%20del%20Mundo&amp;body=https%3A%2F%2Flabestiadeportiva.com%2Flbd%2Fla-antorcha-olimpica-en-el-fin-del-mundo%2F\">\n<img src=\"https:\/\/labestiadeportiva.com\/lbd\/wp-content\/plugins\/jw-share-this\/email.png\" alt=\"Share this page via Email\" \/>\n<\/a>\n<a target=\"_blank\" href=\"http:\/\/www.stumbleupon.com\/submit?url=https%3A%2F%2Flabestiadeportiva.com%2Flbd%2Fla-antorcha-olimpica-en-el-fin-del-mundo%2F&amp;title=La+antorcha+ol%C3%ADmpica+en+el+Fin+del+Mundo\">\n<img src=\"https:\/\/labestiadeportiva.com\/lbd\/wp-content\/plugins\/jw-share-this\/su.png\" alt=\"Share this page via Stumble Upon\" \/>\n<\/a>\n<a target=\"_blank\" href=\"http:\/\/digg.com\/submit?url=https%3A%2F%2Flabestiadeportiva.com%2Flbd%2Fla-antorcha-olimpica-en-el-fin-del-mundo%2F&amp;title=La+antorcha+ol%C3%ADmpica+en+el+Fin+del+Mundo\">\n<img src=\"https:\/\/labestiadeportiva.com\/lbd\/wp-content\/plugins\/jw-share-this\/digg.png\" alt=\"Share this page via Digg this\" \/>\n<\/a>\n<a target=\"_blank\" href=\"http:\/\/www.facebook.com\/sharer.php?u=https%3A%2F%2Flabestiadeportiva.com%2Flbd%2Fla-antorcha-olimpica-en-el-fin-del-mundo%2F&amp;t=La+antorcha+ol%C3%ADmpica+en+el+Fin+del+Mundo\">\n<img src=\"https:\/\/labestiadeportiva.com\/lbd\/wp-content\/plugins\/jw-share-this\/fb.png\" alt=\"Share this page via Facebook\" \/>\n<\/a>\n<a target=\"_blank\" href=\"http:\/\/twitter.com\/intent\/tweet?text=I+like+https%3A%2F%2Flabestiadeportiva.com%2Flbd%2Fla-antorcha-olimpica-en-el-fin-del-mundo%2F&amp;title=La+antorcha+ol%C3%ADmpica+en+el+Fin+del+Mundo\">\n<img src=\"https:\/\/labestiadeportiva.com\/lbd\/wp-content\/plugins\/jw-share-this\/twitter.png\" alt=\"Share this page via Twitter\" \/>\n<\/a>\n<\/div>\n","protected":false},"excerpt":{"rendered":"<p>Este domingo la antorcha ol\u00edmpica llegar\u00e1 a la ciudad de Ushuaia en el marco de las actividades previas a los Juegos Ol\u00edmpicos de la Juventud 2018. Estar\u00e1 presente el presidente del COI, Thomas Bach. Trece fueguinos la portar\u00e1n en un recorrido que culminar\u00e1 en el Polivalente de Arte. 962 veces le\u00edda Share this:<\/p>\n","protected":false},"author":1,"featured_media":29709,"comment_status":"open","ping_status":"open","sticky":false,"template":"","format":"standard","meta":[],"categories":[5,4,6,915,1],"tags":[3702,3660,3701],"_links":{"self":[{"href":"https:\/\/labestiadeportiva.com\/lbd\/wp-json\/wp\/v2\/posts\/29700"}],"collection":[{"href":"https:\/\/labestiadeportiva.com\/lbd\/wp-json\/wp\/v2\/posts"}],"about":[{"href":"https:\/\/labestiadeportiva.com\/lbd\/wp-json\/wp\/v2\/types\/post"}],"author":[{"embeddable":true,"href":"https:\/\/labestiadeportiva.com\/lbd\/wp-json\/wp\/v2\/users\/1"}],"replies":[{"embeddable":true,"href":"https:\/\/labestiadeportiva.com\/lbd\/wp-json\/wp\/v2\/comments?post=29700"}],"version-history":[{"count":4,"href":"https:\/\/labestiadeportiva.com\/lbd\/wp-json\/wp\/v2\/posts\/29700\/revisions"}],"predecessor-version":[{"id":29712,"href":"https:\/\/labestiadeportiva.com\/lbd\/wp-json\/wp\/v2\/posts\/29700\/revisions\/29712"}],"wp:featuredmedia":[{"embeddable":true,"href":"https:\/\/labestiadeportiva.com\/lbd\/wp-json\/wp\/v2\/media\/29709"}],"wp:attachment":[{"href":"https:\/\/labestiadeportiva.com\/lbd\/wp-json\/wp\/v2\/media?parent=29700"}],"wp:term":[{"taxonomy":"category","embeddable":true,"href":"https:\/\/labestiadeportiva.com\/lbd\/wp-json\/wp\/v2\/categories?post=29700"},{"taxonomy":"post_tag","embeddable":true,"href":"https:\/\/labestiadeportiva.com\/lbd\/wp-json\/wp\/v2\/tags?post=29700"}],"curies":[{"name":"wp","href":"https:\/\/api.w.org\/{rel}","templated":true}]}}