{"id":29703,"date":"2018-09-27T13:35:36","date_gmt":"2018-09-27T16:35:36","guid":{"rendered":"http:\/\/labestiadeportiva.com\/lbd\/?p=29703"},"modified":"2018-09-27T13:40:53","modified_gmt":"2018-09-27T16:40:53","slug":"la-del-domingo-fue-una-de-mis-mejores-carreras-audio","status":"publish","type":"post","link":"https:\/\/labestiadeportiva.com\/lbd\/la-del-domingo-fue-una-de-mis-mejores-carreras-audio\/","title":{"rendered":"\u00abLa del domingo fue una de mis mejores carreras\u00bb (Audio)"},"content":{"rendered":"<p><a href=\"http:\/\/labestiadeportiva.com\/lbd\/wp-content\/uploads\/2018\/09\/IMG-20180926-WA0025.jpg\"><img loading=\"lazy\" src=\"http:\/\/labestiadeportiva.com\/lbd\/wp-content\/uploads\/2018\/09\/IMG-20180926-WA0025-300x199.jpg\" alt=\"IMG-20180926-WA0025\" width=\"300\" height=\"199\" class=\"aligncenter size-medium wp-image-29705\" srcset=\"https:\/\/labestiadeportiva.com\/lbd\/wp-content\/uploads\/2018\/09\/IMG-20180926-WA0025-300x199.jpg 300w, https:\/\/labestiadeportiva.com\/lbd\/wp-content\/uploads\/2018\/09\/IMG-20180926-WA0025.jpg 960w\" sizes=\"(max-width: 300px) 100vw, 300px\" \/><\/a>El piloto riograndense, Nicol\u00e1s Blanchard, se present\u00f3 el pasado fin de semana en Termas de R\u00edo Hondo en el marco de la la 9\u00ba fecha del campeonato de la F\u00f3rmula Renault 2.0 Gracias a la gesti\u00f3n del colega y amigo Walter Dubilo Uribe conseguimos la palabra del joven deportista quien hizo un resumen de lo vivido en tierra santiague\u00f1a.<!--more--><\/p>\n<p><iframe loading=\"lazy\" width=\"560\" height=\"315\" src=\"https:\/\/www.youtube.com\/embed\/53JH6Q3abTQ\" frameborder=\"0\" allow=\"autoplay; encrypted-media\" allowfullscreen><\/iframe><\/p>\n<div class='epvc-post-count'><span class='epvc-eye'><\/span>  <span class=\"epvc-count\"> 1.065<\/span><span class='epvc-label'> veces le\u00edda<\/span><\/div>\n<div class=\"jwsharethis\">\nShare this: \n<br \/>\n<a href=\"mailto:?subject=%C2%ABLa%20del%20domingo%20fue%20una%20de%20mis%20mejores%20carreras%C2%BB%20%28Audio%29&amp;body=https%3A%2F%2Flabestiadeportiva.com%2Flbd%2Fla-del-domingo-fue-una-de-mis-mejores-carreras-audio%2F\">\n<img src=\"https:\/\/labestiadeportiva.com\/lbd\/wp-content\/plugins\/jw-share-this\/email.png\" alt=\"Share this page via Email\" \/>\n<\/a>\n<a target=\"_blank\" href=\"http:\/\/www.stumbleupon.com\/submit?url=https%3A%2F%2Flabestiadeportiva.com%2Flbd%2Fla-del-domingo-fue-una-de-mis-mejores-carreras-audio%2F&amp;title=%C2%ABLa+del+domingo+fue+una+de+mis+mejores+carreras%C2%BB+%28Audio%29\">\n<img src=\"https:\/\/labestiadeportiva.com\/lbd\/wp-content\/plugins\/jw-share-this\/su.png\" alt=\"Share this page via Stumble Upon\" \/>\n<\/a>\n<a target=\"_blank\" href=\"http:\/\/digg.com\/submit?url=https%3A%2F%2Flabestiadeportiva.com%2Flbd%2Fla-del-domingo-fue-una-de-mis-mejores-carreras-audio%2F&amp;title=%C2%ABLa+del+domingo+fue+una+de+mis+mejores+carreras%C2%BB+%28Audio%29\">\n<img src=\"https:\/\/labestiadeportiva.com\/lbd\/wp-content\/plugins\/jw-share-this\/digg.png\" alt=\"Share this page via Digg this\" \/>\n<\/a>\n<a target=\"_blank\" href=\"http:\/\/www.facebook.com\/sharer.php?u=https%3A%2F%2Flabestiadeportiva.com%2Flbd%2Fla-del-domingo-fue-una-de-mis-mejores-carreras-audio%2F&amp;t=%C2%ABLa+del+domingo+fue+una+de+mis+mejores+carreras%C2%BB+%28Audio%29\">\n<img src=\"https:\/\/labestiadeportiva.com\/lbd\/wp-content\/plugins\/jw-share-this\/fb.png\" alt=\"Share this page via Facebook\" \/>\n<\/a>\n<a target=\"_blank\" href=\"http:\/\/twitter.com\/intent\/tweet?text=I+like+https%3A%2F%2Flabestiadeportiva.com%2Flbd%2Fla-del-domingo-fue-una-de-mis-mejores-carreras-audio%2F&amp;title=%C2%ABLa+del+domingo+fue+una+de+mis+mejores+carreras%C2%BB+%28Audio%29\">\n<img src=\"https:\/\/labestiadeportiva.com\/lbd\/wp-content\/plugins\/jw-share-this\/twitter.png\" alt=\"Share this page via Twitter\" \/>\n<\/a>\n<\/div>\n","protected":false},"excerpt":{"rendered":"<p>El piloto riograndense, Nicol\u00e1s Blanchard, se present\u00f3 el pasado fin de semana en Termas de R\u00edo Hondo en el marco de la la 9\u00ba fecha del campeonato de la F\u00f3rmula Renault 2.0 Gracias a la gesti\u00f3n del colega y amigo Walter Dubilo Uribe conseguimos la palabra del joven deportista quien hizo un resumen de lo &hellip; <a href=\"https:\/\/labestiadeportiva.com\/lbd\/la-del-domingo-fue-una-de-mis-mejores-carreras-audio\/\" class=\"more-link\">Seguir leyendo <span class=\"screen-reader-text\">\u00abLa del domingo fue una de mis mejores carreras\u00bb (Audio)<\/span> <span class=\"meta-nav\">&rarr;<\/span><\/a><\/p>\n","protected":false},"author":1,"featured_media":29705,"comment_status":"open","ping_status":"open","sticky":false,"template":"","format":"standard","meta":[],"categories":[2135,5,6,60,1],"tags":[86,4838,3699,3700,3660],"_links":{"self":[{"href":"https:\/\/labestiadeportiva.com\/lbd\/wp-json\/wp\/v2\/posts\/29703"}],"collection":[{"href":"https:\/\/labestiadeportiva.com\/lbd\/wp-json\/wp\/v2\/posts"}],"about":[{"href":"https:\/\/labestiadeportiva.com\/lbd\/wp-json\/wp\/v2\/types\/post"}],"author":[{"embeddable":true,"href":"https:\/\/labestiadeportiva.com\/lbd\/wp-json\/wp\/v2\/users\/1"}],"replies":[{"embeddable":true,"href":"https:\/\/labestiadeportiva.com\/lbd\/wp-json\/wp\/v2\/comments?post=29703"}],"version-history":[{"count":3,"href":"https:\/\/labestiadeportiva.com\/lbd\/wp-json\/wp\/v2\/posts\/29703\/revisions"}],"predecessor-version":[{"id":29707,"href":"https:\/\/labestiadeportiva.com\/lbd\/wp-json\/wp\/v2\/posts\/29703\/revisions\/29707"}],"wp:featuredmedia":[{"embeddable":true,"href":"https:\/\/labestiadeportiva.com\/lbd\/wp-json\/wp\/v2\/media\/29705"}],"wp:attachment":[{"href":"https:\/\/labestiadeportiva.com\/lbd\/wp-json\/wp\/v2\/media?parent=29703"}],"wp:term":[{"taxonomy":"category","embeddable":true,"href":"https:\/\/labestiadeportiva.com\/lbd\/wp-json\/wp\/v2\/categories?post=29703"},{"taxonomy":"post_tag","embeddable":true,"href":"https:\/\/labestiadeportiva.com\/lbd\/wp-json\/wp\/v2\/tags?post=29703"}],"curies":[{"name":"wp","href":"https:\/\/api.w.org\/{rel}","templated":true}]}}