{"id":29780,"date":"2018-10-05T00:12:41","date_gmt":"2018-10-05T03:12:41","guid":{"rendered":"http:\/\/labestiadeportiva.com\/lbd\/?p=29780"},"modified":"2018-10-05T00:12:41","modified_gmt":"2018-10-05T03:12:41","slug":"todo-en-marcha-para-la-10-fecha","status":"publish","type":"post","link":"https:\/\/labestiadeportiva.com\/lbd\/todo-en-marcha-para-la-10-fecha\/","title":{"rendered":"Todo en marcha para la 10\u00b0 fecha"},"content":{"rendered":"<p><a href=\"http:\/\/labestiadeportiva.com\/lbd\/wp-content\/uploads\/2018\/10\/HC_802188.jpg\"><img loading=\"lazy\" class=\"aligncenter size-medium wp-image-29781\" src=\"http:\/\/labestiadeportiva.com\/lbd\/wp-content\/uploads\/2018\/10\/HC_802188-300x200.jpg\" alt=\"HC_802188\" width=\"300\" height=\"200\" srcset=\"https:\/\/labestiadeportiva.com\/lbd\/wp-content\/uploads\/2018\/10\/HC_802188-300x200.jpg 300w, https:\/\/labestiadeportiva.com\/lbd\/wp-content\/uploads\/2018\/10\/HC_802188-1024x682.jpg 1024w, https:\/\/labestiadeportiva.com\/lbd\/wp-content\/uploads\/2018\/10\/HC_802188.jpg 1620w\" sizes=\"(max-width: 300px) 100vw, 300px\" \/><\/a>Este fin de semana Nicol\u00e1s Blanchard estar\u00e1 presente en la d\u00e9cima fecha de la F\u00f3rmula 2.0 Pirelli By Renault que se llevar\u00e1 a cabo en San Nicol\u00e1s, provincia de Buenos Aires. All\u00ed el principal objetivo ser\u00e1 ser protagonista como lo hizo la fecha pasada en Termas de R\u00edo Hondo, donde lider\u00f3 una de las carreras y se qued\u00f3 con el sexto puesto en otra.<!--more--><\/p>\n<p>El viernes el riograndense tendr\u00e1 el primer contacto con la pista, donde tendr\u00e1 que adaptarse r\u00e1pidamente en dos tandas de entrenamientos de 40 minutos cada una.<\/p>\n<p>\u201cEn la primera trabajamos en encontrar referencias, y para la segunda ya tenemos que trabajar detalladamente en d\u00f3nde descontar tiempo\u201d, dijo Nicol\u00e1s.<\/p>\n<p><a href=\"http:\/\/labestiadeportiva.com\/lbd\/wp-content\/uploads\/2018\/10\/GOPR8450.jpg\"><img loading=\"lazy\" class=\"aligncenter size-medium wp-image-29782\" src=\"http:\/\/labestiadeportiva.com\/lbd\/wp-content\/uploads\/2018\/10\/GOPR8450-300x225.jpg\" alt=\"DCIM107GOPRO\" width=\"300\" height=\"225\" srcset=\"https:\/\/labestiadeportiva.com\/lbd\/wp-content\/uploads\/2018\/10\/GOPR8450-300x225.jpg 300w, https:\/\/labestiadeportiva.com\/lbd\/wp-content\/uploads\/2018\/10\/GOPR8450-1024x768.jpg 1024w, https:\/\/labestiadeportiva.com\/lbd\/wp-content\/uploads\/2018\/10\/GOPR8450.jpg 1440w\" sizes=\"(max-width: 300px) 100vw, 300px\" \/><\/a>El s\u00e1bado tendr\u00e1n un \u00faltimo entrenamiento de media hora, la clasificaci\u00f3n de 10 minutos y luego una carrera pautada para las 13:20.<\/p>\n<p>Al otro d\u00eda la competencia comienza a las 10:50 con la \u00faltima final de la fecha, que es televisada por Carburando y El Trece desde el comienzo, antes del inicio del S\u00faper TC2000.<\/p>\n<p>Toda la informaci\u00f3n estar\u00e1 disponible en la p\u00e1gina de Facebook del piloto.<\/p>\n<p><a href=\"http:\/\/labestiadeportiva.com\/lbd\/wp-content\/uploads\/2018\/10\/HC_804931.jpg\"><img loading=\"lazy\" class=\"aligncenter size-medium wp-image-29783\" src=\"http:\/\/labestiadeportiva.com\/lbd\/wp-content\/uploads\/2018\/10\/HC_804931-300x200.jpg\" alt=\"HC_804931\" width=\"300\" height=\"200\" srcset=\"https:\/\/labestiadeportiva.com\/lbd\/wp-content\/uploads\/2018\/10\/HC_804931-300x200.jpg 300w, https:\/\/labestiadeportiva.com\/lbd\/wp-content\/uploads\/2018\/10\/HC_804931-1024x683.jpg 1024w, https:\/\/labestiadeportiva.com\/lbd\/wp-content\/uploads\/2018\/10\/HC_804931.jpg 1620w\" sizes=\"(max-width: 300px) 100vw, 300px\" \/><\/a><\/p>\n<p>&nbsp;<\/p>\n<p><span style=\"font-weight: 400;\"> \u00a0\u00a0\u00a0<\/span><\/p>\n<div class='epvc-post-count'><span class='epvc-eye'><\/span>  <span class=\"epvc-count\"> 1.121<\/span><span class='epvc-label'> veces le\u00edda<\/span><\/div>\n<div class=\"jwsharethis\">\nShare this: \n<br \/>\n<a href=\"mailto:?subject=Todo%20en%20marcha%20para%20la%2010%C2%B0%20fecha&amp;body=https%3A%2F%2Flabestiadeportiva.com%2Flbd%2Ftodo-en-marcha-para-la-10-fecha%2F\">\n<img src=\"https:\/\/labestiadeportiva.com\/lbd\/wp-content\/plugins\/jw-share-this\/email.png\" alt=\"Share this page via Email\" \/>\n<\/a>\n<a target=\"_blank\" href=\"http:\/\/www.stumbleupon.com\/submit?url=https%3A%2F%2Flabestiadeportiva.com%2Flbd%2Ftodo-en-marcha-para-la-10-fecha%2F&amp;title=Todo+en+marcha+para+la+10%C2%B0+fecha\">\n<img src=\"https:\/\/labestiadeportiva.com\/lbd\/wp-content\/plugins\/jw-share-this\/su.png\" alt=\"Share this page via Stumble Upon\" \/>\n<\/a>\n<a target=\"_blank\" href=\"http:\/\/digg.com\/submit?url=https%3A%2F%2Flabestiadeportiva.com%2Flbd%2Ftodo-en-marcha-para-la-10-fecha%2F&amp;title=Todo+en+marcha+para+la+10%C2%B0+fecha\">\n<img src=\"https:\/\/labestiadeportiva.com\/lbd\/wp-content\/plugins\/jw-share-this\/digg.png\" alt=\"Share this page via Digg this\" \/>\n<\/a>\n<a target=\"_blank\" href=\"http:\/\/www.facebook.com\/sharer.php?u=https%3A%2F%2Flabestiadeportiva.com%2Flbd%2Ftodo-en-marcha-para-la-10-fecha%2F&amp;t=Todo+en+marcha+para+la+10%C2%B0+fecha\">\n<img src=\"https:\/\/labestiadeportiva.com\/lbd\/wp-content\/plugins\/jw-share-this\/fb.png\" alt=\"Share this page via Facebook\" \/>\n<\/a>\n<a target=\"_blank\" href=\"http:\/\/twitter.com\/intent\/tweet?text=I+like+https%3A%2F%2Flabestiadeportiva.com%2Flbd%2Ftodo-en-marcha-para-la-10-fecha%2F&amp;title=Todo+en+marcha+para+la+10%C2%B0+fecha\">\n<img src=\"https:\/\/labestiadeportiva.com\/lbd\/wp-content\/plugins\/jw-share-this\/twitter.png\" alt=\"Share this page via Twitter\" \/>\n<\/a>\n<\/div>\n","protected":false},"excerpt":{"rendered":"<p>Este fin de semana Nicol\u00e1s Blanchard estar\u00e1 presente en la d\u00e9cima fecha de la F\u00f3rmula 2.0 Pirelli By Renault que se llevar\u00e1 a cabo en San Nicol\u00e1s, provincia de Buenos Aires. All\u00ed el principal objetivo ser\u00e1 ser protagonista como lo hizo la fecha pasada en Termas de R\u00edo Hondo, donde lider\u00f3 una de las carreras &hellip; <a href=\"https:\/\/labestiadeportiva.com\/lbd\/todo-en-marcha-para-la-10-fecha\/\" class=\"more-link\">Seguir leyendo <span class=\"screen-reader-text\">Todo en marcha para la 10\u00b0 fecha<\/span> <span class=\"meta-nav\">&rarr;<\/span><\/a><\/p>\n","protected":false},"author":1,"featured_media":29781,"comment_status":"open","ping_status":"open","sticky":false,"template":"","format":"standard","meta":[],"categories":[2135,5,6,1],"tags":[86,3713,3712,3660],"_links":{"self":[{"href":"https:\/\/labestiadeportiva.com\/lbd\/wp-json\/wp\/v2\/posts\/29780"}],"collection":[{"href":"https:\/\/labestiadeportiva.com\/lbd\/wp-json\/wp\/v2\/posts"}],"about":[{"href":"https:\/\/labestiadeportiva.com\/lbd\/wp-json\/wp\/v2\/types\/post"}],"author":[{"embeddable":true,"href":"https:\/\/labestiadeportiva.com\/lbd\/wp-json\/wp\/v2\/users\/1"}],"replies":[{"embeddable":true,"href":"https:\/\/labestiadeportiva.com\/lbd\/wp-json\/wp\/v2\/comments?post=29780"}],"version-history":[{"count":1,"href":"https:\/\/labestiadeportiva.com\/lbd\/wp-json\/wp\/v2\/posts\/29780\/revisions"}],"predecessor-version":[{"id":29784,"href":"https:\/\/labestiadeportiva.com\/lbd\/wp-json\/wp\/v2\/posts\/29780\/revisions\/29784"}],"wp:featuredmedia":[{"embeddable":true,"href":"https:\/\/labestiadeportiva.com\/lbd\/wp-json\/wp\/v2\/media\/29781"}],"wp:attachment":[{"href":"https:\/\/labestiadeportiva.com\/lbd\/wp-json\/wp\/v2\/media?parent=29780"}],"wp:term":[{"taxonomy":"category","embeddable":true,"href":"https:\/\/labestiadeportiva.com\/lbd\/wp-json\/wp\/v2\/categories?post=29780"},{"taxonomy":"post_tag","embeddable":true,"href":"https:\/\/labestiadeportiva.com\/lbd\/wp-json\/wp\/v2\/tags?post=29780"}],"curies":[{"name":"wp","href":"https:\/\/api.w.org\/{rel}","templated":true}]}}