{"id":3014,"date":"2013-02-18T20:49:54","date_gmt":"2013-02-18T20:49:54","guid":{"rendered":"http:\/\/labestiadeportiva.com\/lbd\/?p=3014"},"modified":"2013-02-18T21:19:02","modified_gmt":"2013-02-18T21:19:02","slug":"llamas-apago-el-incendio","status":"publish","type":"post","link":"https:\/\/labestiadeportiva.com\/lbd\/llamas-apago-el-incendio\/","title":{"rendered":"Llamas apag\u00f3 el incendio"},"content":{"rendered":"<p><a href=\"http:\/\/labestiadeportiva.com\/lbd\/wp-content\/uploads\/2013\/02\/MG_1359.jpg\"><img loading=\"lazy\" class=\"alignleft size-medium wp-image-3015\" title=\"_MG_1359\" src=\"http:\/\/labestiadeportiva.com\/lbd\/wp-content\/uploads\/2013\/02\/MG_1359-300x227.jpg\" alt=\"\" width=\"300\" height=\"227\" srcset=\"https:\/\/labestiadeportiva.com\/lbd\/wp-content\/uploads\/2013\/02\/MG_1359-300x227.jpg 300w, https:\/\/labestiadeportiva.com\/lbd\/wp-content\/uploads\/2013\/02\/MG_1359.jpg 633w\" sizes=\"(max-width: 300px) 100vw, 300px\" \/><\/a>Los Cuervos FDM vencieron a Centro Galicia por 1 a 0 con gol de su goleador y capit\u00e1n Franco Llamas a los 46 minutos del complemento. El conjunto azulgrana se afianza en la segunda posici\u00f3n del grupo 87 con 7 unidades. El pr\u00f3ximo domingo, en el marco de la 5\u00b0 fecha, viajar\u00e1 a R\u00edo Grande para enfrentar a Real Madrid. En el norte de la isla los transportistas derrotaron por la m\u00ednima al conjunto de Chacra II. La zona ya no tiene invictos.<!--morePara leer Click Aqu\u00ed--><\/p>\n<p>En una tarde plomiza con viento y lluvia presentes los dos representantes locales en el Torneo del Interior salieron dispuestos a desnivelar la historia igualada en dos tantos all\u00e1 por el 27 de enero.<\/p>\n<p>Es cierto que la actualidad de ambos es totalmente diferente que al principio aunque hasta este domingo los dos marchaban en una situaci\u00f3n inc\u00f3moda, en el caso de Centro Galicia con un escenario l\u00edmite.<\/p>\n<p>Los dos entrenadores, a decir verdad el entrenador cuervo y la dupla gallega, dispusieron cambios de nombres y posiciones.<\/p>\n<p>Sustituci\u00f3n de los dos arqueros, descanso para Erlan y S\u00e1nchez dejando paso a Beli\u00fa y Ortega.<\/p>\n<p>Con respecto al 11 inicial de la semana pasada en el triunfo por 2 a 1 frente a Camioneros en R\u00edo Grande Aducci repiti\u00f3 el equipo mientras que Isorna\/Arroyo sorprendieron con el \u201cChelo\u201d S\u00e1nchez ocupando la posici\u00f3n de central haciendo dupla con Sciutto.<\/p>\n<p>Tirando a Franco \u201cPira\u00f1a\u201d Mu\u00f1oz de doble cinco para ayudar en el mediocampo al trabajo de Zapata y Parafioriti.<\/p>\n<p>Desde los primeros minutos pudo observarse que todos los protagonistas estaban predispuestos m\u00e1s a la lucha que al juego y ante cualquier contacto m\u00ednimo o de los otros la simulaci\u00f3n estar\u00eda al orden del d\u00eda.<\/p>\n<p><a href=\"http:\/\/labestiadeportiva.com\/lbd\/wp-content\/uploads\/2013\/02\/MG_1367.jpg\"><img loading=\"lazy\" class=\"aligncenter size-medium wp-image-3016\" title=\"_MG_1367\" src=\"http:\/\/labestiadeportiva.com\/lbd\/wp-content\/uploads\/2013\/02\/MG_1367-300x167.jpg\" alt=\"\" width=\"300\" height=\"167\" srcset=\"https:\/\/labestiadeportiva.com\/lbd\/wp-content\/uploads\/2013\/02\/MG_1367-300x167.jpg 300w, https:\/\/labestiadeportiva.com\/lbd\/wp-content\/uploads\/2013\/02\/MG_1367.jpg 640w\" sizes=\"(max-width: 300px) 100vw, 300px\" \/><\/a>En los primeros 45 minutos de juego Centro Galicia tuvo viento a favor atacando sobre el arco que da a la bah\u00eda de nuestra ciudad.<\/p>\n<p>Por ello manej\u00f3 las principales acciones transformando a su arquero Ortega en un espectador de lujo, solo particip\u00f3 en un despeje, pero sin crear peligro real sobre el arco defendido por un seguro Beli\u00fa.<\/p>\n<p>De esta forma la mediocridad se apoderaba de las acciones y el primer tiempo se iba sin pena ni gloria.<\/p>\n<p>En el complemento llegar\u00eda lo mejor, no porque el juego levant\u00f3 su nivel sino que el resultado incierto casi hasta el final le pon\u00eda dramatismo al partido, que de terminar igualado complicar\u00eda el futuro de los dos equipos de Ushuaia.<\/p>\n<p>A los 15 minutos escapada de Cristian Torres por la derecha de su ataque que termina en disparo al arco, buena respuesta de Ortega que en el rebote le cierra los caminos a Franco Llamas quien eleva su disparo dentro del \u00e1rea chica.<\/p>\n<p>Ante de los 30 tiro libre para Los Cuervos que es ejecutado en forma impecable por Mat\u00edas \u201cLagarto\u201d Avenda\u00f1o, el bal\u00f3n se estrella en el travesa\u00f1o.<\/p>\n<p>Algunos minutos despu\u00e9s, cuando quedaban algo m\u00e1s de 10 para el cierre, lleg\u00f3 la expulsi\u00f3n de Nicol\u00e1s Mart\u00ednez.<\/p>\n<p>Cruce en el suelo entre el propio Mart\u00ednez y Seveca que contin\u00faa en tumulto del que forman parte Torres, Avenda\u00f1o, Villalba, Zapata y Parafioriti entre otros.<\/p>\n<p>Como durante toda la tarde el \u00e1rbitro Cristian Vargas, de pobre desempe\u00f1o, se encontraba lejos de la jugada nueva consulta a su l\u00ednea Barrera para terminar expulsando al jugador de Los Cuervos FDM.<\/p>\n<p>Con el panorama de un hombre menos pensamos que Centro Galicia adelantar\u00eda sus l\u00edneas algo que solo hizo en los instantes finales cuando ya jugaba con el marcador adverso.<\/p>\n<p>Cuando se disputaban los instantes finales, el goleador azulgrana tuvo su tercera oportunidad y no la dej\u00f3 pasar, centro de derecha a izquierda que sobra a la defensa control de bal\u00f3n y definici\u00f3n arriba imposible para Ortega.<\/p>\n<p>Los \u00faltimos minutos, se jugaron por lo menos 8 despu\u00e9s de los 45 reglamentarios, donde pudieron verse a los muchachos de la camiseta celeste yendo hacia adelante con m\u00e1s ganas que ideas.<\/p>\n<p>Festejo y tranquilidad para el equipo que fue un poco m\u00e1s que su rival y logro desnivelar el marcador que parec\u00eda condenado a la igualdad, algo que complicar\u00eda seriamente su intenci\u00f3n de clasificar a la siguiente fase.<\/p>\n<p>Por el lado de Centro Galicia la propuesta fue discreta, es cierto que ven\u00eda golpeado an\u00edmica y futbol\u00edsticamente luego de la goleada del domingo pasado y la p\u00e9rdida de su entrenador a mitad de semana, pero pens\u00e1bamos que perdido por perdido ser\u00eda m\u00e1s audaz.<\/p>\n<p>Lamentablemente los gallegos tendr\u00e1n que afrontar las dos fechas que quedan para cerrar la fase de grupo sabiendo que solo se presentar\u00e1n para cumplir el fixture.<\/p>\n<p>Se vienen dos jornadas apasionantes donde Real Madrid, Los Cuervos FDM y Camioneros dirimir\u00e1n el primero y segundo lugar del grupo clasificando autom\u00e1ticamente quedando tambi\u00e9n la incertidumbre de que quien ocupe la tercera ubicaci\u00f3n con una buena cosecha de puntos y diferencia de gol pueda acceder a ser uno de los mejores 34 terceros del pa\u00eds.<\/p>\n<p><a href=\"http:\/\/labestiadeportiva.com\/lbd\/wp-content\/uploads\/2013\/02\/MG_1370.jpg\"><img loading=\"lazy\" class=\"aligncenter size-medium wp-image-3017\" title=\"_MG_1370\" src=\"http:\/\/labestiadeportiva.com\/lbd\/wp-content\/uploads\/2013\/02\/MG_1370-300x164.jpg\" alt=\"\" width=\"300\" height=\"164\" srcset=\"https:\/\/labestiadeportiva.com\/lbd\/wp-content\/uploads\/2013\/02\/MG_1370-300x164.jpg 300w, https:\/\/labestiadeportiva.com\/lbd\/wp-content\/uploads\/2013\/02\/MG_1370.jpg 640w\" sizes=\"(max-width: 300px) 100vw, 300px\" \/><\/a><span style=\"color: #0000ff;\">S\u00edntesis<\/span><br \/>\n<span style=\"color: #ff0000;\">Los Cuervos FDM (1)<\/span> 12 Edgardo Beli\u00fa, 6 Nicol\u00e1s Mart\u00ednez, 2 Leandro Quiroga, 3 Diego Z\u00fa\u00f1iga, 17 Tob\u00edas Svenson, 5 Leandro Barbosa, 8 Mat\u00edas \u201cLagarto\u201d Avenda\u00f1o, 10 Ricardo Remolcoy, 15 Alan Zentner, 11 Cristian Torres y 9 Franco Llamas \u00a9.<br \/>\nDT: Mat\u00edas Aducci<br \/>\n<span style=\"color: #ff0000;\">Centro Galicia (0)<\/span> 21 Javier Ortega, 2 Gerardo Sciutto, 6 Marcelo \u201cChelo\u201d S\u00e1nchez, 3 Roque Villalba, 4 Diego Oviedo, 5 Franco Mu\u00f1oz, 8 Dar\u00edo Parafioriti \u00a9, 10 Nicol\u00e1s Zapata, 7Maximiliano Seveca, 11 Aldo Mora y 9 Julio Banegas.<br \/>\nDT: Oscar \u201cC\u00f3ndor\u201d Isorna\/Claudio Arroyo<\/p>\n<p>Cambios: 7 Guala por Barbosa, 16 Petronio por Zentner y 14 Coronel por Zu\u00f1iga (LCFDM) 15 Oberti por Mu\u00f1oz, 16 Magrini por Banegas y 14 S\u00e1nchez por Sebeca (CG).<br \/>\nAmonestados: Diego Z\u00fa\u00f1iga, Alan Zentner y Nicol\u00e1s Mart\u00ednez (LCFDM) Diego Oviedo, Franco Mu\u00f1oz y Nicol\u00e1s Zapata (CG)<br \/>\nExpulsado: Nicol\u00e1s Mart\u00ednez (LCFDM)<br \/>\nGol: 46 ST Franco Llamas (LCFDM)<br \/>\n\u00c1rbitro: Cristian Vargas (Mal)<br \/>\nL\u00edneas: Serrano y Barrera (Todos de Ushuaia)<\/p>\n<p><span style=\"color: #0000ff;\">Resultados (4\u00b0 Fecha)<\/span><br \/>\nCamioneros 1 Real Madrid 0<br \/>\nLos Cuervos FDM 1 Centro Galicia 0<\/p>\n<p><span style=\"color: #0000ff;\">Posiciones zona 87<\/span><br \/>\nEquipos\u00a0 Pts.\u00a0 PJ PG PE PP GF GE DG<br \/>\n<span style=\"color: #ff0000;\">Real Madrid\u00a0 9\u00a0 4\u00a0 3\u00a0 0\u00a0 1\u00a0 9\u00a0 2\u00a0 +7<\/span><br \/>\nLos Cuervos FDM\u00a0 7\u00a0 4\u00a0 2\u00a0 1\u00a0 1\u00a0 5\u00a0 4\u00a0 +1<br \/>\nCamioneros\u00a0 6\u00a0 4\u00a0 2\u00a0 0\u00a0 2\u00a0 3\u00a0 5\u00a0 -2<br \/>\nCentro Galicia\u00a0 1\u00a0 4\u00a0 0\u00a0 1\u00a0 3\u00a0 3\u00a0 9\u00a0 -6<\/p>\n<p><span style=\"color: #0000ff;\">Pr\u00f3xima fecha (5\u00b0 Domingo 24)<\/span><br \/>\nEn R\u00edo Grande<br \/>\nReal Madrid\/Los Cuervos FDM<br \/>\nEn \u00a0Ushuaia<br \/>\nCentro Galicia\/Camioneros<\/p>\n<p><a href=\"http:\/\/labestiadeportiva.com\/lbd\/wp-content\/uploads\/2013\/02\/MG_1375.jpg\"><img loading=\"lazy\" class=\"aligncenter size-medium wp-image-3018\" title=\"_MG_1375\" src=\"http:\/\/labestiadeportiva.com\/lbd\/wp-content\/uploads\/2013\/02\/MG_1375-300x169.jpg\" alt=\"\" width=\"300\" height=\"169\" srcset=\"https:\/\/labestiadeportiva.com\/lbd\/wp-content\/uploads\/2013\/02\/MG_1375-300x169.jpg 300w, https:\/\/labestiadeportiva.com\/lbd\/wp-content\/uploads\/2013\/02\/MG_1375.jpg 640w\" sizes=\"(max-width: 300px) 100vw, 300px\" \/><\/a><\/p>\n<div class='epvc-post-count'><span class='epvc-eye'><\/span>  <span class=\"epvc-count\"> 1.180<\/span><span class='epvc-label'> veces le\u00edda<\/span><\/div>\n<div class=\"jwsharethis\">\nShare this: \n<br \/>\n<a href=\"mailto:?subject=Llamas%20apag%C3%B3%20el%20incendio&amp;body=https%3A%2F%2Flabestiadeportiva.com%2Flbd%2Fllamas-apago-el-incendio%2F\">\n<img src=\"https:\/\/labestiadeportiva.com\/lbd\/wp-content\/plugins\/jw-share-this\/email.png\" alt=\"Share this page via Email\" \/>\n<\/a>\n<a target=\"_blank\" href=\"http:\/\/www.stumbleupon.com\/submit?url=https%3A%2F%2Flabestiadeportiva.com%2Flbd%2Fllamas-apago-el-incendio%2F&amp;title=Llamas+apag%C3%B3+el+incendio\">\n<img src=\"https:\/\/labestiadeportiva.com\/lbd\/wp-content\/plugins\/jw-share-this\/su.png\" alt=\"Share this page via Stumble Upon\" \/>\n<\/a>\n<a target=\"_blank\" href=\"http:\/\/digg.com\/submit?url=https%3A%2F%2Flabestiadeportiva.com%2Flbd%2Fllamas-apago-el-incendio%2F&amp;title=Llamas+apag%C3%B3+el+incendio\">\n<img src=\"https:\/\/labestiadeportiva.com\/lbd\/wp-content\/plugins\/jw-share-this\/digg.png\" alt=\"Share this page via Digg this\" \/>\n<\/a>\n<a target=\"_blank\" href=\"http:\/\/www.facebook.com\/sharer.php?u=https%3A%2F%2Flabestiadeportiva.com%2Flbd%2Fllamas-apago-el-incendio%2F&amp;t=Llamas+apag%C3%B3+el+incendio\">\n<img src=\"https:\/\/labestiadeportiva.com\/lbd\/wp-content\/plugins\/jw-share-this\/fb.png\" alt=\"Share this page via Facebook\" \/>\n<\/a>\n<a target=\"_blank\" href=\"http:\/\/twitter.com\/intent\/tweet?text=I+like+https%3A%2F%2Flabestiadeportiva.com%2Flbd%2Fllamas-apago-el-incendio%2F&amp;title=Llamas+apag%C3%B3+el+incendio\">\n<img src=\"https:\/\/labestiadeportiva.com\/lbd\/wp-content\/plugins\/jw-share-this\/twitter.png\" alt=\"Share this page via Twitter\" \/>\n<\/a>\n<\/div>\n","protected":false},"excerpt":{"rendered":"<p>Los Cuervos FDM vencieron a Centro Galicia por 1 a 0 con gol de su goleador y capit\u00e1n Franco Llamas a los 46 minutos del complemento. El conjunto azulgrana se afianza en la segunda posici\u00f3n del grupo 87 con 7 unidades. El pr\u00f3ximo domingo, en el marco de la 5\u00b0 fecha, viajar\u00e1 a R\u00edo Grande &hellip; <a href=\"https:\/\/labestiadeportiva.com\/lbd\/llamas-apago-el-incendio\/\" class=\"more-link\">Seguir leyendo <span class=\"screen-reader-text\">Llamas apag\u00f3 el incendio<\/span> <span class=\"meta-nav\">&rarr;<\/span><\/a><\/p>\n","protected":false},"author":1,"featured_media":3015,"comment_status":"open","ping_status":"open","sticky":false,"template":"","format":"standard","meta":[],"categories":[5,6,1],"tags":[445,17,381,388],"_links":{"self":[{"href":"https:\/\/labestiadeportiva.com\/lbd\/wp-json\/wp\/v2\/posts\/3014"}],"collection":[{"href":"https:\/\/labestiadeportiva.com\/lbd\/wp-json\/wp\/v2\/posts"}],"about":[{"href":"https:\/\/labestiadeportiva.com\/lbd\/wp-json\/wp\/v2\/types\/post"}],"author":[{"embeddable":true,"href":"https:\/\/labestiadeportiva.com\/lbd\/wp-json\/wp\/v2\/users\/1"}],"replies":[{"embeddable":true,"href":"https:\/\/labestiadeportiva.com\/lbd\/wp-json\/wp\/v2\/comments?post=3014"}],"version-history":[{"count":4,"href":"https:\/\/labestiadeportiva.com\/lbd\/wp-json\/wp\/v2\/posts\/3014\/revisions"}],"predecessor-version":[{"id":3022,"href":"https:\/\/labestiadeportiva.com\/lbd\/wp-json\/wp\/v2\/posts\/3014\/revisions\/3022"}],"wp:featuredmedia":[{"embeddable":true,"href":"https:\/\/labestiadeportiva.com\/lbd\/wp-json\/wp\/v2\/media\/3015"}],"wp:attachment":[{"href":"https:\/\/labestiadeportiva.com\/lbd\/wp-json\/wp\/v2\/media?parent=3014"}],"wp:term":[{"taxonomy":"category","embeddable":true,"href":"https:\/\/labestiadeportiva.com\/lbd\/wp-json\/wp\/v2\/categories?post=3014"},{"taxonomy":"post_tag","embeddable":true,"href":"https:\/\/labestiadeportiva.com\/lbd\/wp-json\/wp\/v2\/tags?post=3014"}],"curies":[{"name":"wp","href":"https:\/\/api.w.org\/{rel}","templated":true}]}}