{"id":30169,"date":"2018-11-01T09:33:23","date_gmt":"2018-11-01T12:33:23","guid":{"rendered":"http:\/\/labestiadeportiva.com\/lbd\/?p=30169"},"modified":"2018-11-01T09:33:23","modified_gmt":"2018-11-01T12:33:23","slug":"la-final-del-siglo","status":"publish","type":"post","link":"https:\/\/labestiadeportiva.com\/lbd\/la-final-del-siglo\/","title":{"rendered":"La Final del Siglo"},"content":{"rendered":"<p>Por Javier Nicol\u00e1s Baroli (Corresponsal LBD en R\u00edo Gallegos)<\/p>\n<p><a href=\"http:\/\/labestiadeportiva.com\/lbd\/wp-content\/uploads\/2018\/11\/IMG-20181101-WA0003.jpg\"><img loading=\"lazy\" class=\"aligncenter size-medium wp-image-30170\" src=\"http:\/\/labestiadeportiva.com\/lbd\/wp-content\/uploads\/2018\/11\/IMG-20181101-WA0003-300x172.jpg\" alt=\"IMG-20181101-WA0003\" width=\"300\" height=\"172\" srcset=\"https:\/\/labestiadeportiva.com\/lbd\/wp-content\/uploads\/2018\/11\/IMG-20181101-WA0003-300x172.jpg 300w, https:\/\/labestiadeportiva.com\/lbd\/wp-content\/uploads\/2018\/11\/IMG-20181101-WA0003-1024x588.jpg 1024w, https:\/\/labestiadeportiva.com\/lbd\/wp-content\/uploads\/2018\/11\/IMG-20181101-WA0003.jpg 1214w\" sizes=\"(max-width: 300px) 100vw, 300px\" \/><\/a>Boca River, River Boca. La Copa Libertadores de Am\u00e9rica tendr\u00e1 la final m\u00e1s apasionante de toda su historia. Los dos equipos m\u00e1s grandes de la Argentina dirimir\u00e1n en 180 minutos lo que sin dudas es el partido m\u00e1s importante de la competici\u00f3n y tal vez de la existencia de nuestro f\u00fatbol. Bienvenidos a la definici\u00f3n m\u00e1s apasionante de la competencia continental.<!--more--><\/p>\n<p>Ocurri\u00f3 lo que los amantes de este deporte dese\u00e1bamos. Boca y River dieron cuenta de personalidad y se hicieron fuertes en tierras Brasileras.<\/p>\n<p>El Millonario ten\u00eda una parada m\u00e1s complicada, ten\u00eda que remontar el 1 a 0 en casa y lo hizo. Fue doblemente meritorio por que adem\u00e1s cuando promediaba el PT Gremio aumentaba la diferencia.<\/p>\n<p>Ah\u00ed fue donde Gallardo una vez m\u00e1s dio c\u00e1tedra de personalidad y de grandeza y dio vuelta, en poco m\u00e1s de 5 minutos la serie ganando 2 a 1.<\/p>\n<p>Por su parte Boca ten\u00eda una escenario tal vez un poco menos hostil. Lleg\u00f3 a Brasil con un 2 a 0 a su favor por lo que el escenario era otro.<\/p>\n<p>Sumado a esto un gol tempranero de Abila le daba a\u00fan m\u00e1s tranquilidad. Los dos goles de Palmeiras lejos estuvieron de sacarlo de su eje.<\/p>\n<p>Fue ah\u00ed donde apareci\u00f3, una vez m\u00e1s Dario Benedetto para silenciar a todo un estadio y sacar pasajes directos a la final so\u00f1ada. Empate en 2 y Boca finalista.<\/p>\n<p>Y ahora ? Un pa\u00eds estar\u00e1 en vilo durante un mes entero. La serie comenzar\u00e1 en una semana en la Bombonera y se defin\u00edria 20 d\u00edas posteriores en el Monumental.<\/p>\n<p>Se\u00f1ores, bienvenidos al mes en donde no se hablar\u00e1 de otra cosa que no sea de esta final, en donde los ojos del mundo entero estar\u00e1n en un rect\u00e1ngulo de juego y tendr\u00e1 a los dos equipos m\u00e1s grandes de la Argentina frente a frente.<\/p>\n<p><a href=\"http:\/\/labestiadeportiva.com\/lbd\/wp-content\/uploads\/2018\/11\/IMG-20181101-WA0002.jpg\"><img loading=\"lazy\" class=\"aligncenter size-medium wp-image-30171\" src=\"http:\/\/labestiadeportiva.com\/lbd\/wp-content\/uploads\/2018\/11\/IMG-20181101-WA0002-300x169.jpg\" alt=\"IMG-20181101-WA0002\" width=\"300\" height=\"169\" srcset=\"https:\/\/labestiadeportiva.com\/lbd\/wp-content\/uploads\/2018\/11\/IMG-20181101-WA0002-300x169.jpg 300w, https:\/\/labestiadeportiva.com\/lbd\/wp-content\/uploads\/2018\/11\/IMG-20181101-WA0002.jpg 724w\" sizes=\"(max-width: 300px) 100vw, 300px\" \/><\/a><\/p>\n<div class='epvc-post-count'><span class='epvc-eye'><\/span>  <span class=\"epvc-count\"> 1.282<\/span><span class='epvc-label'> veces le\u00edda<\/span><\/div>\n<div class=\"jwsharethis\">\nShare this: \n<br \/>\n<a href=\"mailto:?subject=La%20Final%20del%20Siglo&amp;body=https%3A%2F%2Flabestiadeportiva.com%2Flbd%2Fla-final-del-siglo%2F\">\n<img src=\"https:\/\/labestiadeportiva.com\/lbd\/wp-content\/plugins\/jw-share-this\/email.png\" alt=\"Share this page via Email\" \/>\n<\/a>\n<a target=\"_blank\" href=\"http:\/\/www.stumbleupon.com\/submit?url=https%3A%2F%2Flabestiadeportiva.com%2Flbd%2Fla-final-del-siglo%2F&amp;title=La+Final+del+Siglo\">\n<img src=\"https:\/\/labestiadeportiva.com\/lbd\/wp-content\/plugins\/jw-share-this\/su.png\" alt=\"Share this page via Stumble Upon\" \/>\n<\/a>\n<a target=\"_blank\" href=\"http:\/\/digg.com\/submit?url=https%3A%2F%2Flabestiadeportiva.com%2Flbd%2Fla-final-del-siglo%2F&amp;title=La+Final+del+Siglo\">\n<img src=\"https:\/\/labestiadeportiva.com\/lbd\/wp-content\/plugins\/jw-share-this\/digg.png\" alt=\"Share this page via Digg this\" \/>\n<\/a>\n<a target=\"_blank\" href=\"http:\/\/www.facebook.com\/sharer.php?u=https%3A%2F%2Flabestiadeportiva.com%2Flbd%2Fla-final-del-siglo%2F&amp;t=La+Final+del+Siglo\">\n<img src=\"https:\/\/labestiadeportiva.com\/lbd\/wp-content\/plugins\/jw-share-this\/fb.png\" alt=\"Share this page via Facebook\" \/>\n<\/a>\n<a target=\"_blank\" href=\"http:\/\/twitter.com\/intent\/tweet?text=I+like+https%3A%2F%2Flabestiadeportiva.com%2Flbd%2Fla-final-del-siglo%2F&amp;title=La+Final+del+Siglo\">\n<img src=\"https:\/\/labestiadeportiva.com\/lbd\/wp-content\/plugins\/jw-share-this\/twitter.png\" alt=\"Share this page via Twitter\" \/>\n<\/a>\n<\/div>\n","protected":false},"excerpt":{"rendered":"<p>Por Javier Nicol\u00e1s Baroli (Corresponsal LBD en R\u00edo Gallegos) Boca River, River Boca. La Copa Libertadores de Am\u00e9rica tendr\u00e1 la final m\u00e1s apasionante de toda su historia. Los dos equipos m\u00e1s grandes de la Argentina dirimir\u00e1n en 180 minutos lo que sin dudas es el partido m\u00e1s importante de la competici\u00f3n y tal vez de &hellip; <a href=\"https:\/\/labestiadeportiva.com\/lbd\/la-final-del-siglo\/\" class=\"more-link\">Seguir leyendo <span class=\"screen-reader-text\">La Final del Siglo<\/span> <span class=\"meta-nav\">&rarr;<\/span><\/a><\/p>\n","protected":false},"author":1,"featured_media":30170,"comment_status":"open","ping_status":"open","sticky":false,"template":"","format":"standard","meta":[],"categories":[4,6,2292,14,1],"tags":[465,4830,3660],"_links":{"self":[{"href":"https:\/\/labestiadeportiva.com\/lbd\/wp-json\/wp\/v2\/posts\/30169"}],"collection":[{"href":"https:\/\/labestiadeportiva.com\/lbd\/wp-json\/wp\/v2\/posts"}],"about":[{"href":"https:\/\/labestiadeportiva.com\/lbd\/wp-json\/wp\/v2\/types\/post"}],"author":[{"embeddable":true,"href":"https:\/\/labestiadeportiva.com\/lbd\/wp-json\/wp\/v2\/users\/1"}],"replies":[{"embeddable":true,"href":"https:\/\/labestiadeportiva.com\/lbd\/wp-json\/wp\/v2\/comments?post=30169"}],"version-history":[{"count":1,"href":"https:\/\/labestiadeportiva.com\/lbd\/wp-json\/wp\/v2\/posts\/30169\/revisions"}],"predecessor-version":[{"id":30172,"href":"https:\/\/labestiadeportiva.com\/lbd\/wp-json\/wp\/v2\/posts\/30169\/revisions\/30172"}],"wp:featuredmedia":[{"embeddable":true,"href":"https:\/\/labestiadeportiva.com\/lbd\/wp-json\/wp\/v2\/media\/30170"}],"wp:attachment":[{"href":"https:\/\/labestiadeportiva.com\/lbd\/wp-json\/wp\/v2\/media?parent=30169"}],"wp:term":[{"taxonomy":"category","embeddable":true,"href":"https:\/\/labestiadeportiva.com\/lbd\/wp-json\/wp\/v2\/categories?post=30169"},{"taxonomy":"post_tag","embeddable":true,"href":"https:\/\/labestiadeportiva.com\/lbd\/wp-json\/wp\/v2\/tags?post=30169"}],"curies":[{"name":"wp","href":"https:\/\/api.w.org\/{rel}","templated":true}]}}