{"id":30182,"date":"2018-11-02T17:35:42","date_gmt":"2018-11-02T20:35:42","guid":{"rendered":"http:\/\/labestiadeportiva.com\/lbd\/?p=30182"},"modified":"2018-11-02T17:35:42","modified_gmt":"2018-11-02T20:35:42","slug":"fin-de-temporada-para-los-argentinos","status":"publish","type":"post","link":"https:\/\/labestiadeportiva.com\/lbd\/fin-de-temporada-para-los-argentinos\/","title":{"rendered":"Fin de temporada para los argentinos"},"content":{"rendered":"<h1><\/h1>\n<p><span style=\"font-weight: 400;\">Por Mat\u00edas Pouso (Corresponsal LBD en CABA)<\/span><\/p>\n<p><span style=\"font-weight: 400;\"><a href=\"http:\/\/labestiadeportiva.com\/lbd\/wp-content\/uploads\/2018\/11\/2805108w1033.jpg\"><img loading=\"lazy\" class=\"aligncenter size-medium wp-image-30183\" src=\"http:\/\/labestiadeportiva.com\/lbd\/wp-content\/uploads\/2018\/11\/2805108w1033-300x200.jpg\" alt=\"2805108w1033\" width=\"300\" height=\"200\" srcset=\"https:\/\/labestiadeportiva.com\/lbd\/wp-content\/uploads\/2018\/11\/2805108w1033-300x200.jpg 300w, https:\/\/labestiadeportiva.com\/lbd\/wp-content\/uploads\/2018\/11\/2805108w1033-1024x682.jpg 1024w, https:\/\/labestiadeportiva.com\/lbd\/wp-content\/uploads\/2018\/11\/2805108w1033.jpg 1033w\" sizes=\"(max-width: 300px) 100vw, 300px\" \/><\/a>Con la derrota de Diego Schwartzman en el Masters 1000 de Par\u00eds finaliz\u00f3 la participaci\u00f3n de tenistas nacionales en el circuito ATP 2018.<!--more--><\/span><\/p>\n<p>Faltando dos meses para que termine el a\u00f1o, las raquetas albicelestes ya piensan y preparan lo que ser\u00e1 una nueva temporada en 2019.<\/p>\n<p>La baja por lesi\u00f3n de Juan Mart\u00edn Del Potro (que era el \u00fanico clasificado a las Finales de Londres), la prematura eliminaci\u00f3n de Schwartzman del \u00faltimo Masters 1000 de la temporada y el baj\u00f3n de nivel de los dem\u00e1s coterr\u00e1neos; hicieron que ninguno de los protagonistas de lo que queda del calendario ten\u00edstico haya nacido en estos pagos.<\/p>\n<p>El \u00abPeque\u00bb cay\u00f3 este jueves ante el alem\u00e1n Alexander Zverev por 6-4 y 6-2 y no pudo avanzar a los cuartos de final en el torneo parisino.<\/p>\n<p>Pese a un cierre de a\u00f1o con resultados adversos, el tenista porte\u00f1o har\u00e1 un balance anual totalmente positivo de esta temporada.<\/p>\n<p>El debut hab\u00eda sido muy auspicioso para el n\u00famero 19 del mundo, con una gran victoria sobre el experimentado espa\u00f1ol Feliciano L\u00f3pez, especialista sobre pistas duras. Tras un duro encuentro, el argentino se impuso por 6-4, 3-6 y 7-5.<\/p>\n<p>La derrota frente a Zverev marc\u00f3 el punto final de la mejor temporada de Schwartzman en el circuito y el inicio de sus vacaciones.<\/p>\n<p>Si el a\u00f1o pasado hab\u00eda sido bueno con su definitiva inserci\u00f3n entre los 30 mejores tenistas del ranking, \u00e9ste fue a\u00fan superior: gan\u00f3 su primer ATP 500, terminar\u00e1 top 20 en 2018 y a mediados de a\u00f1o estuvo a escasos puntos de los diez mejores.<\/p>\n<p>M\u00e1s all\u00e1 del t\u00edtulo, de los n\u00fameros positivos, de su invicto del a\u00f1o en la Copa Davis o de haber llegado a los cuartos de final en Roland Garros, Schwartzman dej\u00f3 de ser una promesa y ya es uno de los mejores tenistas argentinos de la actualidad.<\/p>\n<p>En el Masters 1000 de Paris, Federer y Djokovic (nuevo n\u00famero 1 del mundo a partir de la semana que viene) son los m\u00e1ximos candidatos al t\u00edtulo.<\/p>\n<p>El suizo se enfrentar\u00e1 al japon\u00e9s Kei Nishikori por los cuartos de final, mientras que el serbio har\u00e1 lo propio por la misma instancia ante el croata Marin Cilic. De ganar sus respectivos duelos, se enfrentar\u00e1n en una de las semifinales.<\/p>\n<p>Por el lado superior del cuadro, el ruso Karen Khachanov enfrentar\u00e1 al austr\u00edaco Dominic Thiem luego de vencer a Alexander Zverev, uno de los grandes candidatos.<br \/>\n<a href=\"http:\/\/labestiadeportiva.com\/lbd\/wp-content\/uploads\/2018\/11\/diego-schwartzman-lo-que-me-falta-hacer-es-ganarle-a-los-topten-.jpg\"><img loading=\"lazy\" class=\"aligncenter size-medium wp-image-30184\" src=\"http:\/\/labestiadeportiva.com\/lbd\/wp-content\/uploads\/2018\/11\/diego-schwartzman-lo-que-me-falta-hacer-es-ganarle-a-los-topten--300x200.jpg\" alt=\"diego-schwartzman-lo-que-me-falta-hacer-es-ganarle-a-los-topten-\" width=\"300\" height=\"200\" srcset=\"https:\/\/labestiadeportiva.com\/lbd\/wp-content\/uploads\/2018\/11\/diego-schwartzman-lo-que-me-falta-hacer-es-ganarle-a-los-topten--300x200.jpg 300w, https:\/\/labestiadeportiva.com\/lbd\/wp-content\/uploads\/2018\/11\/diego-schwartzman-lo-que-me-falta-hacer-es-ganarle-a-los-topten-.jpg 700w\" sizes=\"(max-width: 300px) 100vw, 300px\" \/><\/a><\/p>\n<div class='epvc-post-count'><span class='epvc-eye'><\/span>  <span class=\"epvc-count\"> 1.101<\/span><span class='epvc-label'> veces le\u00edda<\/span><\/div>\n<div class=\"jwsharethis\">\nShare this: \n<br \/>\n<a href=\"mailto:?subject=Fin%20de%20temporada%20para%20los%20argentinos&amp;body=https%3A%2F%2Flabestiadeportiva.com%2Flbd%2Ffin-de-temporada-para-los-argentinos%2F\">\n<img src=\"https:\/\/labestiadeportiva.com\/lbd\/wp-content\/plugins\/jw-share-this\/email.png\" alt=\"Share this page via Email\" \/>\n<\/a>\n<a target=\"_blank\" href=\"http:\/\/www.stumbleupon.com\/submit?url=https%3A%2F%2Flabestiadeportiva.com%2Flbd%2Ffin-de-temporada-para-los-argentinos%2F&amp;title=Fin+de+temporada+para+los+argentinos\">\n<img src=\"https:\/\/labestiadeportiva.com\/lbd\/wp-content\/plugins\/jw-share-this\/su.png\" alt=\"Share this page via Stumble Upon\" \/>\n<\/a>\n<a target=\"_blank\" href=\"http:\/\/digg.com\/submit?url=https%3A%2F%2Flabestiadeportiva.com%2Flbd%2Ffin-de-temporada-para-los-argentinos%2F&amp;title=Fin+de+temporada+para+los+argentinos\">\n<img src=\"https:\/\/labestiadeportiva.com\/lbd\/wp-content\/plugins\/jw-share-this\/digg.png\" alt=\"Share this page via Digg this\" \/>\n<\/a>\n<a target=\"_blank\" href=\"http:\/\/www.facebook.com\/sharer.php?u=https%3A%2F%2Flabestiadeportiva.com%2Flbd%2Ffin-de-temporada-para-los-argentinos%2F&amp;t=Fin+de+temporada+para+los+argentinos\">\n<img src=\"https:\/\/labestiadeportiva.com\/lbd\/wp-content\/plugins\/jw-share-this\/fb.png\" alt=\"Share this page via Facebook\" \/>\n<\/a>\n<a target=\"_blank\" href=\"http:\/\/twitter.com\/intent\/tweet?text=I+like+https%3A%2F%2Flabestiadeportiva.com%2Flbd%2Ffin-de-temporada-para-los-argentinos%2F&amp;title=Fin+de+temporada+para+los+argentinos\">\n<img src=\"https:\/\/labestiadeportiva.com\/lbd\/wp-content\/plugins\/jw-share-this\/twitter.png\" alt=\"Share this page via Twitter\" \/>\n<\/a>\n<\/div>\n","protected":false},"excerpt":{"rendered":"<p>Por Mat\u00edas Pouso (Corresponsal LBD en CABA) Con la derrota de Diego Schwartzman en el Masters 1000 de Par\u00eds finaliz\u00f3 la participaci\u00f3n de tenistas nacionales en el circuito ATP 2018. 1.101 veces le\u00edda Share this:<\/p>\n","protected":false},"author":1,"featured_media":30183,"comment_status":"open","ping_status":"open","sticky":false,"template":"","format":"standard","meta":[],"categories":[4,6,1,39],"tags":[2960,3660,4835],"_links":{"self":[{"href":"https:\/\/labestiadeportiva.com\/lbd\/wp-json\/wp\/v2\/posts\/30182"}],"collection":[{"href":"https:\/\/labestiadeportiva.com\/lbd\/wp-json\/wp\/v2\/posts"}],"about":[{"href":"https:\/\/labestiadeportiva.com\/lbd\/wp-json\/wp\/v2\/types\/post"}],"author":[{"embeddable":true,"href":"https:\/\/labestiadeportiva.com\/lbd\/wp-json\/wp\/v2\/users\/1"}],"replies":[{"embeddable":true,"href":"https:\/\/labestiadeportiva.com\/lbd\/wp-json\/wp\/v2\/comments?post=30182"}],"version-history":[{"count":1,"href":"https:\/\/labestiadeportiva.com\/lbd\/wp-json\/wp\/v2\/posts\/30182\/revisions"}],"predecessor-version":[{"id":30185,"href":"https:\/\/labestiadeportiva.com\/lbd\/wp-json\/wp\/v2\/posts\/30182\/revisions\/30185"}],"wp:featuredmedia":[{"embeddable":true,"href":"https:\/\/labestiadeportiva.com\/lbd\/wp-json\/wp\/v2\/media\/30183"}],"wp:attachment":[{"href":"https:\/\/labestiadeportiva.com\/lbd\/wp-json\/wp\/v2\/media?parent=30182"}],"wp:term":[{"taxonomy":"category","embeddable":true,"href":"https:\/\/labestiadeportiva.com\/lbd\/wp-json\/wp\/v2\/categories?post=30182"},{"taxonomy":"post_tag","embeddable":true,"href":"https:\/\/labestiadeportiva.com\/lbd\/wp-json\/wp\/v2\/tags?post=30182"}],"curies":[{"name":"wp","href":"https:\/\/api.w.org\/{rel}","templated":true}]}}