{"id":30280,"date":"2018-11-10T15:05:24","date_gmt":"2018-11-10T18:05:24","guid":{"rendered":"http:\/\/labestiadeportiva.com\/lbd\/?p=30280"},"modified":"2018-11-10T15:05:24","modified_gmt":"2018-11-10T18:05:24","slug":"agus-jara-de-3-en-su-categoria-a-campeon-mundial","status":"publish","type":"post","link":"https:\/\/labestiadeportiva.com\/lbd\/agus-jara-de-3-en-su-categoria-a-campeon-mundial\/","title":{"rendered":"\u00abAgus\u00bb Jara, de 3\u00b0 en su categor\u00eda a Campe\u00f3n Mundial"},"content":{"rendered":"<p class=\"yiv2706152616MsoNormal\"><a href=\"http:\/\/labestiadeportiva.com\/lbd\/wp-content\/uploads\/2018\/11\/jara-campe\u00f3n-mundial.jpg\"><img loading=\"lazy\" class=\"aligncenter size-medium wp-image-30281\" src=\"http:\/\/labestiadeportiva.com\/lbd\/wp-content\/uploads\/2018\/11\/jara-campe\u00f3n-mundial-300x150.jpg\" alt=\"jara campe\u00f3n mundial\" width=\"300\" height=\"150\" srcset=\"https:\/\/labestiadeportiva.com\/lbd\/wp-content\/uploads\/2018\/11\/jara-campe\u00f3n-mundial-300x150.jpg 300w, https:\/\/labestiadeportiva.com\/lbd\/wp-content\/uploads\/2018\/11\/jara-campe\u00f3n-mundial-1024x512.jpg 1024w, https:\/\/labestiadeportiva.com\/lbd\/wp-content\/uploads\/2018\/11\/jara-campe\u00f3n-mundial.jpg 1040w\" sizes=\"(max-width: 300px) 100vw, 300px\" \/><\/a>El joven integrante de K&#8217; Box Fin del Mundo, Agust\u00edn Jara, logr\u00f3 imponerse en la cita mundial de Kick Boxing que se realiz\u00f3 en Buenos Aires. El deportista de 19 a\u00f1os fue tercero en la categor\u00eda mayores de 21 hasta 67 kilos. Luego surgi\u00f3 la posibilidad de competir en el segmento menores de 21 donde el fueguino, a pesar de arrastrar una lesi\u00f3n, no dud\u00f3 en presentarse qued\u00e1ndose con el t\u00edtulo. Las fotos son gentileza de Prensa Municipalidad de Ushuaia.<!--more--><\/p>\n<p class=\"yiv2706152616MsoNormal\">Argentina se qued\u00f3 con el cintur\u00f3n tras vencer a Rumania en la final. El joven peleador de TDF fue el \u00fanico representante de la regi\u00f3n Patag\u00f3nica en la Selecci\u00f3n Nacional , haciendo su primera participaci\u00f3n en un campeonato del mundo.<\/p>\n<p class=\"yiv2706152616MsoNormal\">El atleta fueguino de tan s\u00f3lo 19 a\u00f1os, fue el \u00fanico representante de la Patagonia en el Seleccionado Argentino.<\/p>\n<p class=\"yiv2706152616MsoNormal\">El pasado mi\u00e9rcoles consegu\u00eda la victoria ante el chileno Pizarro, meti\u00e9ndose en semifinales.<\/p>\n<p class=\"yiv2706152616MsoNormal\">En esa instancia se enfrent\u00f3 al representante de Portugal, Pinto, luchador de experi\u00e9ncia con 10 a\u00f1os m\u00e1s de edad que nuestro representante.<\/p>\n<p class=\"yiv2706152616MsoNormal\">En una pelea re\u00f1ida, con resultado final algo pol\u00e9mico, Jara ca\u00eda en fallo dividido quedando al margen de la gran final teni\u00e9ndose que conformar con el tercer lugar en la categor\u00eda Mayores de 21 hasta 67 kilos.<\/p>\n<p class=\"yiv2706152616MsoNormal\">Pero se hizo justicia. Todo el esfuerzo y\u00a0 espect\u00e1culo brindado tuvo su recompensa. Agust\u00edn fue convocado aa disputar una final.<\/p>\n<p class=\"yiv2706152616MsoNormal\">La baja de un peleador en menores de 21 a\u00f1os posibilit\u00f3 la revancha ante Ruman\u00eda con el t\u00edtulo mundial como premio.<\/p>\n<p class=\"yiv2706152616MsoNormal\">En otra gran presentaci\u00f3n del ushuaiense, y m\u00e1s all\u00e1 de arrastrar una lesi\u00f3n la lesi\u00f3n logr\u00f3 el t\u00edtulo de campe\u00f3n del mundo, en un fallo un\u00e1nime para los jueces.<\/p>\n<p class=\"yiv2706152616MsoNormal\">Visiblemente emocionado y satisfecho \u00abAgus\u00bb expres\u00f3:\u00a0 \u201cTuve esta oportunidad \u00fanica, y no lo dudamos, nos organizamos r\u00e1pido y pusimos todo. El \u00abChino\u00bb me dec\u00eda que era el momento, hab\u00eda que hacerlo; yo estaba con la pierna un poco lastimada pero no me import\u00f3 nada, quer\u00eda ganar a toda costa\u201d.<\/p>\n<p class=\"yiv2706152616MsoNormal\">\u201cAgradezco al \u00abChino\u00bb y a \u00abTomi\u00bb que trabajaron duro en m\u00ed esquina; estoy feliz por este momento\u201d.<\/p>\n<p class=\"yiv2706152616MsoNormal\"><a href=\"http:\/\/labestiadeportiva.com\/lbd\/wp-content\/uploads\/2018\/11\/Campe\u00f3n-mundial-de-kickboxing.jpg\"><img loading=\"lazy\" class=\"aligncenter size-medium wp-image-30282\" src=\"http:\/\/labestiadeportiva.com\/lbd\/wp-content\/uploads\/2018\/11\/Campe\u00f3n-mundial-de-kickboxing-300x150.jpg\" alt=\"Campe\u00f3n mundial de kickboxing\" width=\"300\" height=\"150\" srcset=\"https:\/\/labestiadeportiva.com\/lbd\/wp-content\/uploads\/2018\/11\/Campe\u00f3n-mundial-de-kickboxing-300x150.jpg 300w, https:\/\/labestiadeportiva.com\/lbd\/wp-content\/uploads\/2018\/11\/Campe\u00f3n-mundial-de-kickboxing-1024x512.jpg 1024w, https:\/\/labestiadeportiva.com\/lbd\/wp-content\/uploads\/2018\/11\/Campe\u00f3n-mundial-de-kickboxing.jpg 1040w\" sizes=\"(max-width: 300px) 100vw, 300px\" \/><\/a><\/p>\n<div class='epvc-post-count'><span class='epvc-eye'><\/span>  <span class=\"epvc-count\"> 1.616<\/span><span class='epvc-label'> veces le\u00edda<\/span><\/div>\n<div class=\"jwsharethis\">\nShare this: \n<br \/>\n<a href=\"mailto:?subject=%C2%ABAgus%C2%BB%20Jara%2C%20de%203%C2%B0%20en%20su%20categor%C3%ADa%20a%20Campe%C3%B3n%20Mundial&amp;body=https%3A%2F%2Flabestiadeportiva.com%2Flbd%2Fagus-jara-de-3-en-su-categoria-a-campeon-mundial%2F\">\n<img src=\"https:\/\/labestiadeportiva.com\/lbd\/wp-content\/plugins\/jw-share-this\/email.png\" alt=\"Share this page via Email\" \/>\n<\/a>\n<a target=\"_blank\" href=\"http:\/\/www.stumbleupon.com\/submit?url=https%3A%2F%2Flabestiadeportiva.com%2Flbd%2Fagus-jara-de-3-en-su-categoria-a-campeon-mundial%2F&amp;title=%C2%ABAgus%C2%BB+Jara%2C+de+3%C2%B0+en+su+categor%C3%ADa+a+Campe%C3%B3n+Mundial\">\n<img src=\"https:\/\/labestiadeportiva.com\/lbd\/wp-content\/plugins\/jw-share-this\/su.png\" alt=\"Share this page via Stumble Upon\" \/>\n<\/a>\n<a target=\"_blank\" href=\"http:\/\/digg.com\/submit?url=https%3A%2F%2Flabestiadeportiva.com%2Flbd%2Fagus-jara-de-3-en-su-categoria-a-campeon-mundial%2F&amp;title=%C2%ABAgus%C2%BB+Jara%2C+de+3%C2%B0+en+su+categor%C3%ADa+a+Campe%C3%B3n+Mundial\">\n<img src=\"https:\/\/labestiadeportiva.com\/lbd\/wp-content\/plugins\/jw-share-this\/digg.png\" alt=\"Share this page via Digg this\" \/>\n<\/a>\n<a target=\"_blank\" href=\"http:\/\/www.facebook.com\/sharer.php?u=https%3A%2F%2Flabestiadeportiva.com%2Flbd%2Fagus-jara-de-3-en-su-categoria-a-campeon-mundial%2F&amp;t=%C2%ABAgus%C2%BB+Jara%2C+de+3%C2%B0+en+su+categor%C3%ADa+a+Campe%C3%B3n+Mundial\">\n<img src=\"https:\/\/labestiadeportiva.com\/lbd\/wp-content\/plugins\/jw-share-this\/fb.png\" alt=\"Share this page via Facebook\" \/>\n<\/a>\n<a target=\"_blank\" href=\"http:\/\/twitter.com\/intent\/tweet?text=I+like+https%3A%2F%2Flabestiadeportiva.com%2Flbd%2Fagus-jara-de-3-en-su-categoria-a-campeon-mundial%2F&amp;title=%C2%ABAgus%C2%BB+Jara%2C+de+3%C2%B0+en+su+categor%C3%ADa+a+Campe%C3%B3n+Mundial\">\n<img src=\"https:\/\/labestiadeportiva.com\/lbd\/wp-content\/plugins\/jw-share-this\/twitter.png\" alt=\"Share this page via Twitter\" \/>\n<\/a>\n<\/div>\n","protected":false},"excerpt":{"rendered":"<p>El joven integrante de K&#8217; Box Fin del Mundo, Agust\u00edn Jara, logr\u00f3 imponerse en la cita mundial de Kick Boxing que se realiz\u00f3 en Buenos Aires. El deportista de 19 a\u00f1os fue tercero en la categor\u00eda mayores de 21 hasta 67 kilos. Luego surgi\u00f3 la posibilidad de competir en el segmento menores de 21 donde &hellip; <a href=\"https:\/\/labestiadeportiva.com\/lbd\/agus-jara-de-3-en-su-categoria-a-campeon-mundial\/\" class=\"more-link\">Seguir leyendo <span class=\"screen-reader-text\">\u00abAgus\u00bb Jara, de 3\u00b0 en su categor\u00eda a Campe\u00f3n Mundial<\/span> <span class=\"meta-nav\">&rarr;<\/span><\/a><\/p>\n","protected":false},"author":1,"featured_media":30283,"comment_status":"open","ping_status":"open","sticky":false,"template":"","format":"standard","meta":[],"categories":[2237,5,4,6,1],"tags":[3740,1443,211,3660],"_links":{"self":[{"href":"https:\/\/labestiadeportiva.com\/lbd\/wp-json\/wp\/v2\/posts\/30280"}],"collection":[{"href":"https:\/\/labestiadeportiva.com\/lbd\/wp-json\/wp\/v2\/posts"}],"about":[{"href":"https:\/\/labestiadeportiva.com\/lbd\/wp-json\/wp\/v2\/types\/post"}],"author":[{"embeddable":true,"href":"https:\/\/labestiadeportiva.com\/lbd\/wp-json\/wp\/v2\/users\/1"}],"replies":[{"embeddable":true,"href":"https:\/\/labestiadeportiva.com\/lbd\/wp-json\/wp\/v2\/comments?post=30280"}],"version-history":[{"count":1,"href":"https:\/\/labestiadeportiva.com\/lbd\/wp-json\/wp\/v2\/posts\/30280\/revisions"}],"predecessor-version":[{"id":30284,"href":"https:\/\/labestiadeportiva.com\/lbd\/wp-json\/wp\/v2\/posts\/30280\/revisions\/30284"}],"wp:featuredmedia":[{"embeddable":true,"href":"https:\/\/labestiadeportiva.com\/lbd\/wp-json\/wp\/v2\/media\/30283"}],"wp:attachment":[{"href":"https:\/\/labestiadeportiva.com\/lbd\/wp-json\/wp\/v2\/media?parent=30280"}],"wp:term":[{"taxonomy":"category","embeddable":true,"href":"https:\/\/labestiadeportiva.com\/lbd\/wp-json\/wp\/v2\/categories?post=30280"},{"taxonomy":"post_tag","embeddable":true,"href":"https:\/\/labestiadeportiva.com\/lbd\/wp-json\/wp\/v2\/tags?post=30280"}],"curies":[{"name":"wp","href":"https:\/\/api.w.org\/{rel}","templated":true}]}}