{"id":30541,"date":"2018-12-07T16:55:16","date_gmt":"2018-12-07T19:55:16","guid":{"rendered":"http:\/\/labestiadeportiva.com\/lbd\/?p=30541"},"modified":"2018-12-07T17:02:26","modified_gmt":"2018-12-07T20:02:26","slug":"en-junio-llegue-a-argentinos-de-merlo-por-suerte-ya-conseguimos-el-primer-objetivo-audio","status":"publish","type":"post","link":"https:\/\/labestiadeportiva.com\/lbd\/en-junio-llegue-a-argentinos-de-merlo-por-suerte-ya-conseguimos-el-primer-objetivo-audio\/","title":{"rendered":"\u00abEn junio llegu\u00e9 a Argentinos de Merlo, por suerte ya conseguimos el primer objetivo\u00bb (Audio)"},"content":{"rendered":"<p><a href=\"http:\/\/labestiadeportiva.com\/lbd\/wp-content\/uploads\/2018\/12\/IMG-20181206-WA0063.jpg\"><img loading=\"lazy\" src=\"http:\/\/labestiadeportiva.com\/lbd\/wp-content\/uploads\/2018\/12\/IMG-20181206-WA0063-300x190.jpg\" alt=\"IMG-20181206-WA0063\" width=\"300\" height=\"190\" class=\"aligncenter size-medium wp-image-30543\" srcset=\"https:\/\/labestiadeportiva.com\/lbd\/wp-content\/uploads\/2018\/12\/IMG-20181206-WA0063-300x190.jpg 300w, https:\/\/labestiadeportiva.com\/lbd\/wp-content\/uploads\/2018\/12\/IMG-20181206-WA0063-1024x648.jpg 1024w, https:\/\/labestiadeportiva.com\/lbd\/wp-content\/uploads\/2018\/12\/IMG-20181206-WA0063.jpg 1280w\" sizes=\"(max-width: 300px) 100vw, 300px\" \/><\/a>El defensor ushuaiense, Lucas Baz\u00e1n, vive un gran presente en la instituci\u00f3n que milita en la Primera Divisi\u00f3n \u00abD\u00bb. Marchan punteros y clasificados a la Copa Argenrtina 2019. Dialogamos con el \u00abNegro\u00bb quien no detall\u00f3 su luchada trayectoria en el f\u00fatbol del interior y ascenso del continente. Compartimos la entrevista lograda este jueves en la 94.1 FM del Sur.<!--more--><\/p>\n<p><iframe loading=\"lazy\" width=\"560\" height=\"315\" src=\"https:\/\/www.youtube.com\/embed\/RxxqcyHAczM\" frameborder=\"0\" allow=\"accelerometer; autoplay; encrypted-media; gyroscope; picture-in-picture\" allowfullscreen><\/iframe><\/p>\n<div class='epvc-post-count'><span class='epvc-eye'><\/span>  <span class=\"epvc-count\"> 1.143<\/span><span class='epvc-label'> veces le\u00edda<\/span><\/div>\n<div class=\"jwsharethis\">\nShare this: \n<br \/>\n<a href=\"mailto:?subject=%C2%ABEn%20junio%20llegu%C3%A9%20a%20Argentinos%20de%20Merlo%2C%20por%20suerte%20ya%20conseguimos%20el%20primer%20objetivo%C2%BB%20%28Audio%29&amp;body=https%3A%2F%2Flabestiadeportiva.com%2Flbd%2Fen-junio-llegue-a-argentinos-de-merlo-por-suerte-ya-conseguimos-el-primer-objetivo-audio%2F\">\n<img src=\"https:\/\/labestiadeportiva.com\/lbd\/wp-content\/plugins\/jw-share-this\/email.png\" alt=\"Share this page via Email\" \/>\n<\/a>\n<a target=\"_blank\" href=\"http:\/\/www.stumbleupon.com\/submit?url=https%3A%2F%2Flabestiadeportiva.com%2Flbd%2Fen-junio-llegue-a-argentinos-de-merlo-por-suerte-ya-conseguimos-el-primer-objetivo-audio%2F&amp;title=%C2%ABEn+junio+llegu%C3%A9+a+Argentinos+de+Merlo%2C+por+suerte+ya+conseguimos+el+primer+objetivo%C2%BB+%28Audio%29\">\n<img src=\"https:\/\/labestiadeportiva.com\/lbd\/wp-content\/plugins\/jw-share-this\/su.png\" alt=\"Share this page via Stumble Upon\" \/>\n<\/a>\n<a target=\"_blank\" href=\"http:\/\/digg.com\/submit?url=https%3A%2F%2Flabestiadeportiva.com%2Flbd%2Fen-junio-llegue-a-argentinos-de-merlo-por-suerte-ya-conseguimos-el-primer-objetivo-audio%2F&amp;title=%C2%ABEn+junio+llegu%C3%A9+a+Argentinos+de+Merlo%2C+por+suerte+ya+conseguimos+el+primer+objetivo%C2%BB+%28Audio%29\">\n<img src=\"https:\/\/labestiadeportiva.com\/lbd\/wp-content\/plugins\/jw-share-this\/digg.png\" alt=\"Share this page via Digg this\" \/>\n<\/a>\n<a target=\"_blank\" href=\"http:\/\/www.facebook.com\/sharer.php?u=https%3A%2F%2Flabestiadeportiva.com%2Flbd%2Fen-junio-llegue-a-argentinos-de-merlo-por-suerte-ya-conseguimos-el-primer-objetivo-audio%2F&amp;t=%C2%ABEn+junio+llegu%C3%A9+a+Argentinos+de+Merlo%2C+por+suerte+ya+conseguimos+el+primer+objetivo%C2%BB+%28Audio%29\">\n<img src=\"https:\/\/labestiadeportiva.com\/lbd\/wp-content\/plugins\/jw-share-this\/fb.png\" alt=\"Share this page via Facebook\" \/>\n<\/a>\n<a target=\"_blank\" href=\"http:\/\/twitter.com\/intent\/tweet?text=I+like+https%3A%2F%2Flabestiadeportiva.com%2Flbd%2Fen-junio-llegue-a-argentinos-de-merlo-por-suerte-ya-conseguimos-el-primer-objetivo-audio%2F&amp;title=%C2%ABEn+junio+llegu%C3%A9+a+Argentinos+de+Merlo%2C+por+suerte+ya+conseguimos+el+primer+objetivo%C2%BB+%28Audio%29\">\n<img src=\"https:\/\/labestiadeportiva.com\/lbd\/wp-content\/plugins\/jw-share-this\/twitter.png\" alt=\"Share this page via Twitter\" \/>\n<\/a>\n<\/div>\n","protected":false},"excerpt":{"rendered":"<p>El defensor ushuaiense, Lucas Baz\u00e1n, vive un gran presente en la instituci\u00f3n que milita en la Primera Divisi\u00f3n \u00abD\u00bb. Marchan punteros y clasificados a la Copa Argenrtina 2019. Dialogamos con el \u00abNegro\u00bb quien no detall\u00f3 su luchada trayectoria en el f\u00fatbol del interior y ascenso del continente. Compartimos la entrevista lograda este jueves en la &hellip; <a href=\"https:\/\/labestiadeportiva.com\/lbd\/en-junio-llegue-a-argentinos-de-merlo-por-suerte-ya-conseguimos-el-primer-objetivo-audio\/\" class=\"more-link\">Seguir leyendo <span class=\"screen-reader-text\">\u00abEn junio llegu\u00e9 a Argentinos de Merlo, por suerte ya conseguimos el primer objetivo\u00bb (Audio)<\/span> <span class=\"meta-nav\">&rarr;<\/span><\/a><\/p>\n","protected":false},"author":1,"featured_media":30543,"comment_status":"open","ping_status":"open","sticky":false,"template":"","format":"standard","meta":[],"categories":[5,6,60,3749,1],"tags":[1387,3750,4838,17,3660],"_links":{"self":[{"href":"https:\/\/labestiadeportiva.com\/lbd\/wp-json\/wp\/v2\/posts\/30541"}],"collection":[{"href":"https:\/\/labestiadeportiva.com\/lbd\/wp-json\/wp\/v2\/posts"}],"about":[{"href":"https:\/\/labestiadeportiva.com\/lbd\/wp-json\/wp\/v2\/types\/post"}],"author":[{"embeddable":true,"href":"https:\/\/labestiadeportiva.com\/lbd\/wp-json\/wp\/v2\/users\/1"}],"replies":[{"embeddable":true,"href":"https:\/\/labestiadeportiva.com\/lbd\/wp-json\/wp\/v2\/comments?post=30541"}],"version-history":[{"count":4,"href":"https:\/\/labestiadeportiva.com\/lbd\/wp-json\/wp\/v2\/posts\/30541\/revisions"}],"predecessor-version":[{"id":30546,"href":"https:\/\/labestiadeportiva.com\/lbd\/wp-json\/wp\/v2\/posts\/30541\/revisions\/30546"}],"wp:featuredmedia":[{"embeddable":true,"href":"https:\/\/labestiadeportiva.com\/lbd\/wp-json\/wp\/v2\/media\/30543"}],"wp:attachment":[{"href":"https:\/\/labestiadeportiva.com\/lbd\/wp-json\/wp\/v2\/media?parent=30541"}],"wp:term":[{"taxonomy":"category","embeddable":true,"href":"https:\/\/labestiadeportiva.com\/lbd\/wp-json\/wp\/v2\/categories?post=30541"},{"taxonomy":"post_tag","embeddable":true,"href":"https:\/\/labestiadeportiva.com\/lbd\/wp-json\/wp\/v2\/tags?post=30541"}],"curies":[{"name":"wp","href":"https:\/\/api.w.org\/{rel}","templated":true}]}}