{"id":3076,"date":"2013-02-22T05:02:51","date_gmt":"2013-02-22T05:02:51","guid":{"rendered":"http:\/\/labestiadeportiva.com\/lbd\/?p=3076"},"modified":"2013-02-22T05:10:42","modified_gmt":"2013-02-22T05:10:42","slug":"galicia-recupero-la-memoria","status":"publish","type":"post","link":"https:\/\/labestiadeportiva.com\/lbd\/galicia-recupero-la-memoria\/","title":{"rendered":"Galicia recuper\u00f3 la memoria"},"content":{"rendered":"<p><a href=\"http:\/\/labestiadeportiva.com\/lbd\/wp-content\/uploads\/2013\/02\/MG_1446.jpg\"><img loading=\"lazy\" class=\"alignleft size-medium wp-image-3077\" title=\"_MG_1446\" src=\"http:\/\/labestiadeportiva.com\/lbd\/wp-content\/uploads\/2013\/02\/MG_1446-300x241.jpg\" alt=\"\" width=\"300\" height=\"241\" srcset=\"https:\/\/labestiadeportiva.com\/lbd\/wp-content\/uploads\/2013\/02\/MG_1446-300x241.jpg 300w, https:\/\/labestiadeportiva.com\/lbd\/wp-content\/uploads\/2013\/02\/MG_1446.jpg 596w\" sizes=\"(max-width: 300px) 100vw, 300px\" \/><\/a>El conjunto gallego derrot\u00f3 por 1 a 0 a Camioneros con gol de kevin Ju\u00e1rez a los 40 minutos del segundo tiempo. De esta forma el equipo de Marcelo Gonz\u00e1lez regresa a la victoria luego de la actual magra campa\u00f1a en el Torneo del Interior, coloc\u00e1ndose en la 5\u00b0 posici\u00f3n de la tabla con 16 unidades. Por el lado de los transportistas la derrota duele por partida doble, porque pierde el invicto y la posibilidad de compartir la punta junto a Mercantil.<!--morePara leer Click Aqu\u00ed--><\/p>\n<p>En una noche ideal para la pr\u00e1ctica del f\u00fatbol, donde por suerte el viento no se hizo presente, uno de los dos equipos que representan a la Liga Local en el Torneo del Interior, Centro Galicia, se enfrent\u00f3 al conjunto de Camioneros uno de los actores principales del torneo oficial \u201cFeliciano Genes\u201d.<\/p>\n<p>El choque por la competencia local revest\u00eda sumo inter\u00e9s no solo porque ambos elencos intentar ser protagonistas sino tambi\u00e9n porque los transportistas de ganar igualar\u00edan la l\u00ednea de Mercantil quien el domingo pasado dobleg\u00f3 a Los Andes Jrs. por 2 a 1.<\/p>\n<p>Los primeros minutos de juego fueron a pura din\u00e1mica e ida y vuelta con leve dominio a favor de Camioneros.<\/p>\n<p>A pesar de ello las jugadas claras de riesgo de ambas \u00e1reas no abundaron, la m\u00e1s clara del primer tiempo fue para los transportistas y estuvo en los pies del juvenil Nelson \u201cCorcho\u201d P\u00e9rez quien en inmejorable posici\u00f3n dentro del \u00e1rea rival defini\u00f3 de zurda al segundo palo.<\/p>\n<p>Tremenda reacci\u00f3n de Esteban \u201cSanjua\u201d S\u00e1nchez para tirarla al c\u00f3rner con una enorme atajada que fue sin duda la mejor del partido.<\/p>\n<p><a href=\"http:\/\/labestiadeportiva.com\/lbd\/wp-content\/uploads\/2013\/02\/MG_1448.jpg\"><img loading=\"lazy\" class=\"aligncenter size-medium wp-image-3078\" title=\"_MG_1448\" src=\"http:\/\/labestiadeportiva.com\/lbd\/wp-content\/uploads\/2013\/02\/MG_1448-300x191.jpg\" alt=\"\" width=\"300\" height=\"191\" srcset=\"https:\/\/labestiadeportiva.com\/lbd\/wp-content\/uploads\/2013\/02\/MG_1448-300x191.jpg 300w, https:\/\/labestiadeportiva.com\/lbd\/wp-content\/uploads\/2013\/02\/MG_1448.jpg 640w\" sizes=\"(max-width: 300px) 100vw, 300px\" \/><\/a>En el complemento las acciones continuaron casi por la misma l\u00ednea, los j\u00f3venes de Camioneros intentando buscar el partido mientras que por el lado de Galicia sus experimentados jugadores como Parafioriti, Sciutto, Magrini por citar algunos nombres hac\u00edan lo suyo por sacar el juego adelante.<\/p>\n<p>Cuando parec\u00eda que todo terminar\u00eda en tablas lleg\u00f3 la jugada del \u00fanico tanto de la noche, la cual que fue protagonizada por dos hombres que vieron el primer tiempo desde el banco de suplentes.<\/p>\n<p>Cuando se jugaban los \u00faltimos cinco minutos de tiempo reglamentario Julio Banegas aguant\u00f3 la pelota para girar y poner un perfecto pase en cortada a Kevin Ju\u00e1rez quien defini\u00f3 al segundo palo sobre la salida del arquero que nada pudo hacer.<\/p>\n<p>Los instantes finales fueron para ver a Camioneros ir en busca de la igualdad, el reloj y la experiencia del conjunto que visti\u00f3 de rojo pudieron m\u00e1s y Centro Galicia se hizo de una enorme victoria cuando m\u00e1s lo necesitaba ante un complicado rival.<\/p>\n<p>Los \u201cpibes\u201d transportistas se fueron masticando bronca por haber dilapidado la oportunidad de llegar a lo m\u00e1s alto de la tabla despidi\u00e9ndose tambi\u00e9n de su invicto en el torneo.<\/p>\n<p>Cuando a la 10\u00b0 fecha, primera de la segunda rueda, le queda un solo encuentro y m\u00e1s all\u00e1 de las modificaciones ya producidas en las posiciones da la sensaci\u00f3n que todos han jugado para que Los Cuervos FDM pueda ser el nuevo escolta de Mercantil.<\/p>\n<p>Cabe recordar que los azulgranas no pudieron enfrentarse a Libertad, el pasado mi\u00e9rcoles feriado, cuando puedan hacerlo es muy probable que sumen tres nuevas unidades lo que hipot\u00e9ticamente lo ubicar\u00eda a tan solo dos puntos del l\u00edder.<\/p>\n<p>El reinicio del torneo local marca una continuidad en la paridad de la lucha por del t\u00edtulo donde cinco equipos se encuentran distanciados entre s\u00ed por tan solo cinco unidades, creemos que Juventud del Sur ser\u00e1 el sexto que se sumar\u00e1 a la lucha por las cosas importantes.<\/p>\n<p><a href=\"http:\/\/labestiadeportiva.com\/lbd\/wp-content\/uploads\/2013\/02\/MG_14371.jpg\"><img loading=\"lazy\" class=\"aligncenter size-medium wp-image-3080\" title=\"_MG_1437\" src=\"http:\/\/labestiadeportiva.com\/lbd\/wp-content\/uploads\/2013\/02\/MG_14371-300x163.jpg\" alt=\"\" width=\"300\" height=\"163\" srcset=\"https:\/\/labestiadeportiva.com\/lbd\/wp-content\/uploads\/2013\/02\/MG_14371-300x163.jpg 300w, https:\/\/labestiadeportiva.com\/lbd\/wp-content\/uploads\/2013\/02\/MG_14371.jpg 640w\" sizes=\"(max-width: 300px) 100vw, 300px\" \/><\/a><\/p>\n<p><span style=\"color: #0000ff;\">Principales Posiciones (1\u00b0 \u201cA\u201d)<\/span><br \/>\nEquipos\u00a0 PJ\u00a0 Pts.<br \/>\n<span style=\"color: #ff0000;\">Mercantil\u00a0 10\u00a0 22<\/span><br \/>\nCamioneros\u00a0 10\u00a0 19<br \/>\nLos Andes Jrs.\u00a0 10\u00a0 19<br \/>\nLos Cuervos FDM\u00a0 9\u00a0 17<br \/>\nCentro Galicia\u00a0 10 16<br \/>\nJuventud del Sur\u00a0 10\u00a0 14<\/p>\n<p>&nbsp;<\/p>\n<div class='epvc-post-count'><span class='epvc-eye'><\/span>  <span class=\"epvc-count\"> 1.584<\/span><span class='epvc-label'> veces le\u00edda<\/span><\/div>\n<div class=\"jwsharethis\">\nShare this: \n<br \/>\n<a href=\"mailto:?subject=Galicia%20recuper%C3%B3%20la%20memoria&amp;body=https%3A%2F%2Flabestiadeportiva.com%2Flbd%2Fgalicia-recupero-la-memoria%2F\">\n<img src=\"https:\/\/labestiadeportiva.com\/lbd\/wp-content\/plugins\/jw-share-this\/email.png\" alt=\"Share this page via Email\" \/>\n<\/a>\n<a target=\"_blank\" href=\"http:\/\/www.stumbleupon.com\/submit?url=https%3A%2F%2Flabestiadeportiva.com%2Flbd%2Fgalicia-recupero-la-memoria%2F&amp;title=Galicia+recuper%C3%B3+la+memoria\">\n<img src=\"https:\/\/labestiadeportiva.com\/lbd\/wp-content\/plugins\/jw-share-this\/su.png\" alt=\"Share this page via Stumble Upon\" \/>\n<\/a>\n<a target=\"_blank\" href=\"http:\/\/digg.com\/submit?url=https%3A%2F%2Flabestiadeportiva.com%2Flbd%2Fgalicia-recupero-la-memoria%2F&amp;title=Galicia+recuper%C3%B3+la+memoria\">\n<img src=\"https:\/\/labestiadeportiva.com\/lbd\/wp-content\/plugins\/jw-share-this\/digg.png\" alt=\"Share this page via Digg this\" \/>\n<\/a>\n<a target=\"_blank\" href=\"http:\/\/www.facebook.com\/sharer.php?u=https%3A%2F%2Flabestiadeportiva.com%2Flbd%2Fgalicia-recupero-la-memoria%2F&amp;t=Galicia+recuper%C3%B3+la+memoria\">\n<img src=\"https:\/\/labestiadeportiva.com\/lbd\/wp-content\/plugins\/jw-share-this\/fb.png\" alt=\"Share this page via Facebook\" \/>\n<\/a>\n<a target=\"_blank\" href=\"http:\/\/twitter.com\/intent\/tweet?text=I+like+https%3A%2F%2Flabestiadeportiva.com%2Flbd%2Fgalicia-recupero-la-memoria%2F&amp;title=Galicia+recuper%C3%B3+la+memoria\">\n<img src=\"https:\/\/labestiadeportiva.com\/lbd\/wp-content\/plugins\/jw-share-this\/twitter.png\" alt=\"Share this page via Twitter\" \/>\n<\/a>\n<\/div>\n","protected":false},"excerpt":{"rendered":"<p>El conjunto gallego derrot\u00f3 por 1 a 0 a Camioneros con gol de kevin Ju\u00e1rez a los 40 minutos del segundo tiempo. De esta forma el equipo de Marcelo Gonz\u00e1lez regresa a la victoria luego de la actual magra campa\u00f1a en el Torneo del Interior, coloc\u00e1ndose en la 5\u00b0 posici\u00f3n de la tabla con 16 &hellip; <a href=\"https:\/\/labestiadeportiva.com\/lbd\/galicia-recupero-la-memoria\/\" class=\"more-link\">Seguir leyendo <span class=\"screen-reader-text\">Galicia recuper\u00f3 la memoria<\/span> <span class=\"meta-nav\">&rarr;<\/span><\/a><\/p>\n","protected":false},"author":1,"featured_media":3077,"comment_status":"open","ping_status":"open","sticky":false,"template":"","format":"standard","meta":[],"categories":[5,1],"tags":[452,66,17,48,451],"_links":{"self":[{"href":"https:\/\/labestiadeportiva.com\/lbd\/wp-json\/wp\/v2\/posts\/3076"}],"collection":[{"href":"https:\/\/labestiadeportiva.com\/lbd\/wp-json\/wp\/v2\/posts"}],"about":[{"href":"https:\/\/labestiadeportiva.com\/lbd\/wp-json\/wp\/v2\/types\/post"}],"author":[{"embeddable":true,"href":"https:\/\/labestiadeportiva.com\/lbd\/wp-json\/wp\/v2\/users\/1"}],"replies":[{"embeddable":true,"href":"https:\/\/labestiadeportiva.com\/lbd\/wp-json\/wp\/v2\/comments?post=3076"}],"version-history":[{"count":3,"href":"https:\/\/labestiadeportiva.com\/lbd\/wp-json\/wp\/v2\/posts\/3076\/revisions"}],"predecessor-version":[{"id":3083,"href":"https:\/\/labestiadeportiva.com\/lbd\/wp-json\/wp\/v2\/posts\/3076\/revisions\/3083"}],"wp:featuredmedia":[{"embeddable":true,"href":"https:\/\/labestiadeportiva.com\/lbd\/wp-json\/wp\/v2\/media\/3077"}],"wp:attachment":[{"href":"https:\/\/labestiadeportiva.com\/lbd\/wp-json\/wp\/v2\/media?parent=3076"}],"wp:term":[{"taxonomy":"category","embeddable":true,"href":"https:\/\/labestiadeportiva.com\/lbd\/wp-json\/wp\/v2\/categories?post=3076"},{"taxonomy":"post_tag","embeddable":true,"href":"https:\/\/labestiadeportiva.com\/lbd\/wp-json\/wp\/v2\/tags?post=3076"}],"curies":[{"name":"wp","href":"https:\/\/api.w.org\/{rel}","templated":true}]}}