{"id":3085,"date":"2013-02-22T19:52:48","date_gmt":"2013-02-22T19:52:48","guid":{"rendered":"http:\/\/labestiadeportiva.com\/lbd\/?p=3085"},"modified":"2013-02-22T19:52:48","modified_gmt":"2013-02-22T19:52:48","slug":"mini-agenda","status":"publish","type":"post","link":"https:\/\/labestiadeportiva.com\/lbd\/mini-agenda\/","title":{"rendered":"Mini Agenda"},"content":{"rendered":"<p><a href=\"http:\/\/labestiadeportiva.com\/lbd\/wp-content\/uploads\/2013\/02\/Imagen-877.jpg\"><img loading=\"lazy\" class=\"alignleft size-medium wp-image-3086\" title=\"Imagen 877\" src=\"http:\/\/labestiadeportiva.com\/lbd\/wp-content\/uploads\/2013\/02\/Imagen-877-300x146.jpg\" alt=\"\" width=\"300\" height=\"146\" srcset=\"https:\/\/labestiadeportiva.com\/lbd\/wp-content\/uploads\/2013\/02\/Imagen-877-300x146.jpg 300w, https:\/\/labestiadeportiva.com\/lbd\/wp-content\/uploads\/2013\/02\/Imagen-877.jpg 640w\" sizes=\"(max-width: 300px) 100vw, 300px\" \/><\/a>A partir de este viernes el f\u00fatbol y rugby dir\u00e1n presente. Los muchachos de la ovalada tendr\u00e1n capacitaci\u00f3n, concentraci\u00f3n juvenil y \u00a0partidos oficiales y amistosos de planteles superiores mientras que los futboleros continuar\u00e1n disputando el torneo local de primera divisi\u00f3n, asimismo Centro Galicia y Los Cuervos FDM se presentar\u00e1n por la 5\u00b0 fecha del torneo federal. Desde LBD los detalles.<!--morePara leer Click Aqu\u00ed--><\/p>\n<p>El rugby realizar\u00e1 viernes y s\u00e1bado en el sal\u00f3n A del Polideportivo Municipal el taller de fuerza y acondicionamiento a cargo de los Oficiales Regionales de Desarrollo de la UAR Jorge Tacco y Sergio Abatte, actividad orientada para profesores de educaci\u00f3n f\u00edsica, preparadores f\u00edsicos y coach.<\/p>\n<p>El primer d\u00eda de trabajo ser\u00e1 de 17 a 20 horas mientras que el s\u00e1bado la capacitaci\u00f3n se efectuar\u00e1 de 10 a 14. Asimismo en la cancha municipal \u201cAgust\u00edn Pichot\u201d el s\u00e1bado 10 a 17 horas se realizar\u00e1 la concentraci\u00f3n juvenil abierta para jugadores de Tierra del Fuego.<\/p>\n<p>En lo estrictamente deportivo la URTF dispuso para este domingo tres encuentros de planteles superiores, dos de ellos en nuestra ciudad, el primero de car\u00e1cter amistoso entre URC y Las Orcas a partir de las 11 de la ma\u00f1ana para desde las 13 dejar paso a Las \u00c1guilas y Universitario quienes se medir\u00e1n oficialmente por la zona campeonato. En la ciudad norte\u00f1a R\u00edo Grande RHC recibir\u00e1 en su cancha desde las 15 al Club Colegio del Sur por la zona ascenso.<\/p>\n<p>En cuanto al f\u00fatbol este viernes por la noche continuar\u00e1 el torneo local de primera divisi\u00f3n \u201cA\u201d y \u201cB\u201d \u201cFeliciano Genes\u201d organizado por la Liga Ushuaiense. Se jugar\u00e1n 8 partidos en ambas categor\u00edas, asimismo el domingo desde las 16 se medir\u00e1n Centro Galicia de Ushuaia y Camioneros de R\u00edo Grande por la 5\u00b0 fecha del Torneo del Interior en la zona 87. \u00a0El otro representante local, Los Cuervos FDM, viajar\u00e1 al norte de la isla para medirse ante el l\u00edder del grupo Real Madrid.<\/p>\n<p><a href=\"http:\/\/labestiadeportiva.com\/lbd\/wp-content\/uploads\/2013\/02\/MG_1450.jpg\"><img loading=\"lazy\" class=\"aligncenter size-medium wp-image-3087\" title=\"_MG_1450\" src=\"http:\/\/labestiadeportiva.com\/lbd\/wp-content\/uploads\/2013\/02\/MG_1450-300x204.jpg\" alt=\"\" width=\"300\" height=\"204\" srcset=\"https:\/\/labestiadeportiva.com\/lbd\/wp-content\/uploads\/2013\/02\/MG_1450-300x204.jpg 300w, https:\/\/labestiadeportiva.com\/lbd\/wp-content\/uploads\/2013\/02\/MG_1450.jpg 640w\" sizes=\"(max-width: 300px) 100vw, 300px\" \/><\/a><span style=\"color: #0000ff;\">Rugby URTF<\/span><br \/>\nDomingo 24<br \/>\nCancha \u201cAgust\u00edn Pichot\u201d<br \/>\n11.00 URC\/Las Orcas (Amistoso)<br \/>\n13.00 Las \u00c1guilas\/Universitario (Zona Campeonato)<br \/>\nCancha R\u00edo Grande RHC<br \/>\n15.00 R\u00edo Grande RHC\/Club Colegio del Sur (Zona Ascenso)<\/p>\n<p><span style=\"color: #0000ff;\">F\u00fatbol \u2013 Liga Ushuaiense<\/span><br \/>\nTorneo Oficial 1\u00b0 Divisi\u00f3n \u201cFeliciano Genes\u201d<br \/>\nCancha sint\u00e9tico \u201cHugo Lumbreras\u201d<br \/>\nViernes 22<br \/>\n21.30 1\u00b0 B\u00a0 CAEF\/Andes del Sur<br \/>\nS\u00e1bado 23<br \/>\n14.00 1\u00b0 B\u00a0 Campolter\/Les Eclaireurs<br \/>\n16.00 1\u00b0 B\u00a0 Lago Escondido\/El Duende<br \/>\n18.00 1\u00b0 B\u00a0 Lasserre\/El Fort\u00edn<br \/>\n20.00 1\u00b0 B\u00a0 La UOM\/Magallanes<br \/>\nDomingo 24<br \/>\n12.30 1\u00b0 A\u00a0 El Porvenir\/Mercantil<br \/>\n16.00 Centro Galicia(Ush)\/Camioneros (R\u00edo Grande) (Torneo del Interior)<br \/>\n18.30 1\u00b0 A\u00a0 Camioneros\/Libertad<br \/>\n20.30 1\u00b0 A\u00a0 Juventud del Sur\/Arturo Prat<\/p>\n<div class='epvc-post-count'><span class='epvc-eye'><\/span>  <span class=\"epvc-count\"> 1.438<\/span><span class='epvc-label'> veces le\u00edda<\/span><\/div>\n<div class=\"jwsharethis\">\nShare this: \n<br \/>\n<a href=\"mailto:?subject=Mini%20Agenda&amp;body=https%3A%2F%2Flabestiadeportiva.com%2Flbd%2Fmini-agenda%2F\">\n<img src=\"https:\/\/labestiadeportiva.com\/lbd\/wp-content\/plugins\/jw-share-this\/email.png\" alt=\"Share this page via Email\" \/>\n<\/a>\n<a target=\"_blank\" href=\"http:\/\/www.stumbleupon.com\/submit?url=https%3A%2F%2Flabestiadeportiva.com%2Flbd%2Fmini-agenda%2F&amp;title=Mini+Agenda\">\n<img src=\"https:\/\/labestiadeportiva.com\/lbd\/wp-content\/plugins\/jw-share-this\/su.png\" alt=\"Share this page via Stumble Upon\" \/>\n<\/a>\n<a target=\"_blank\" href=\"http:\/\/digg.com\/submit?url=https%3A%2F%2Flabestiadeportiva.com%2Flbd%2Fmini-agenda%2F&amp;title=Mini+Agenda\">\n<img src=\"https:\/\/labestiadeportiva.com\/lbd\/wp-content\/plugins\/jw-share-this\/digg.png\" alt=\"Share this page via Digg this\" \/>\n<\/a>\n<a target=\"_blank\" href=\"http:\/\/www.facebook.com\/sharer.php?u=https%3A%2F%2Flabestiadeportiva.com%2Flbd%2Fmini-agenda%2F&amp;t=Mini+Agenda\">\n<img src=\"https:\/\/labestiadeportiva.com\/lbd\/wp-content\/plugins\/jw-share-this\/fb.png\" alt=\"Share this page via Facebook\" \/>\n<\/a>\n<a target=\"_blank\" href=\"http:\/\/twitter.com\/intent\/tweet?text=I+like+https%3A%2F%2Flabestiadeportiva.com%2Flbd%2Fmini-agenda%2F&amp;title=Mini+Agenda\">\n<img src=\"https:\/\/labestiadeportiva.com\/lbd\/wp-content\/plugins\/jw-share-this\/twitter.png\" alt=\"Share this page via Twitter\" \/>\n<\/a>\n<\/div>\n","protected":false},"excerpt":{"rendered":"<p>A partir de este viernes el f\u00fatbol y rugby dir\u00e1n presente. Los muchachos de la ovalada tendr\u00e1n capacitaci\u00f3n, concentraci\u00f3n juvenil y \u00a0partidos oficiales y amistosos de planteles superiores mientras que los futboleros continuar\u00e1n disputando el torneo local de primera divisi\u00f3n, asimismo Centro Galicia y Los Cuervos FDM se presentar\u00e1n por la 5\u00b0 fecha del torneo &hellip; <a href=\"https:\/\/labestiadeportiva.com\/lbd\/mini-agenda\/\" class=\"more-link\">Seguir leyendo <span class=\"screen-reader-text\">Mini Agenda<\/span> <span class=\"meta-nav\">&rarr;<\/span><\/a><\/p>\n","protected":false},"author":1,"featured_media":3086,"comment_status":"open","ping_status":"open","sticky":false,"template":"","format":"standard","meta":[],"categories":[5,1],"tags":[],"_links":{"self":[{"href":"https:\/\/labestiadeportiva.com\/lbd\/wp-json\/wp\/v2\/posts\/3085"}],"collection":[{"href":"https:\/\/labestiadeportiva.com\/lbd\/wp-json\/wp\/v2\/posts"}],"about":[{"href":"https:\/\/labestiadeportiva.com\/lbd\/wp-json\/wp\/v2\/types\/post"}],"author":[{"embeddable":true,"href":"https:\/\/labestiadeportiva.com\/lbd\/wp-json\/wp\/v2\/users\/1"}],"replies":[{"embeddable":true,"href":"https:\/\/labestiadeportiva.com\/lbd\/wp-json\/wp\/v2\/comments?post=3085"}],"version-history":[{"count":1,"href":"https:\/\/labestiadeportiva.com\/lbd\/wp-json\/wp\/v2\/posts\/3085\/revisions"}],"predecessor-version":[{"id":3088,"href":"https:\/\/labestiadeportiva.com\/lbd\/wp-json\/wp\/v2\/posts\/3085\/revisions\/3088"}],"wp:featuredmedia":[{"embeddable":true,"href":"https:\/\/labestiadeportiva.com\/lbd\/wp-json\/wp\/v2\/media\/3086"}],"wp:attachment":[{"href":"https:\/\/labestiadeportiva.com\/lbd\/wp-json\/wp\/v2\/media?parent=3085"}],"wp:term":[{"taxonomy":"category","embeddable":true,"href":"https:\/\/labestiadeportiva.com\/lbd\/wp-json\/wp\/v2\/categories?post=3085"},{"taxonomy":"post_tag","embeddable":true,"href":"https:\/\/labestiadeportiva.com\/lbd\/wp-json\/wp\/v2\/tags?post=3085"}],"curies":[{"name":"wp","href":"https:\/\/api.w.org\/{rel}","templated":true}]}}