{"id":30871,"date":"2019-01-12T21:48:03","date_gmt":"2019-01-13T00:48:03","guid":{"rendered":"http:\/\/labestiadeportiva.com\/lbd\/?p=30871"},"modified":"2019-01-12T21:48:57","modified_gmt":"2019-01-13T00:48:57","slug":"pretemporada-para-nahuel-en-colegiales","status":"publish","type":"post","link":"https:\/\/labestiadeportiva.com\/lbd\/pretemporada-para-nahuel-en-colegiales\/","title":{"rendered":"Pretemporada para Nahuel en Colegiales"},"content":{"rendered":"<p><a href=\"http:\/\/labestiadeportiva.com\/lbd\/wp-content\/uploads\/2019\/01\/IMG-20190109-WA0097.jpg\"><img loading=\"lazy\" class=\"aligncenter size-medium wp-image-30872\" src=\"http:\/\/labestiadeportiva.com\/lbd\/wp-content\/uploads\/2019\/01\/IMG-20190109-WA0097-300x158.jpg\" alt=\"IMG-20190109-WA0097\" width=\"300\" height=\"158\" srcset=\"https:\/\/labestiadeportiva.com\/lbd\/wp-content\/uploads\/2019\/01\/IMG-20190109-WA0097-300x158.jpg 300w, https:\/\/labestiadeportiva.com\/lbd\/wp-content\/uploads\/2019\/01\/IMG-20190109-WA0097-1024x539.jpg 1024w, https:\/\/labestiadeportiva.com\/lbd\/wp-content\/uploads\/2019\/01\/IMG-20190109-WA0097.jpg 1080w\" sizes=\"(max-width: 300px) 100vw, 300px\" \/><\/a>Presencia fueguina en el ascenso. Desde el pasado 3 de enero el defensor ushuaiense, Nahuel Amarilla, trabaja junto al plantel de Munro. En LBD te contamos algunos detalles.<!--more--><\/p>\n<p>Luego de los primeros entrenamientos, el lunes 7 Colegiales se traslad\u00f3 al predio que Ferrocarril Oeste tiene en\u00a0la localidad bonaerense de Pontevedra.<\/p>\n<p><a href=\"http:\/\/labestiadeportiva.com\/lbd\/wp-content\/uploads\/2019\/01\/IMG-20190109-WA0098.jpg\"><img loading=\"lazy\" class=\"aligncenter size-medium wp-image-30873\" src=\"http:\/\/labestiadeportiva.com\/lbd\/wp-content\/uploads\/2019\/01\/IMG-20190109-WA0098-300x234.jpg\" alt=\"IMG-20190109-WA0098\" width=\"300\" height=\"234\" srcset=\"https:\/\/labestiadeportiva.com\/lbd\/wp-content\/uploads\/2019\/01\/IMG-20190109-WA0098-300x234.jpg 300w, https:\/\/labestiadeportiva.com\/lbd\/wp-content\/uploads\/2019\/01\/IMG-20190109-WA0098-1024x799.jpg 1024w, https:\/\/labestiadeportiva.com\/lbd\/wp-content\/uploads\/2019\/01\/IMG-20190109-WA0098.jpg 1080w\" sizes=\"(max-width: 300px) 100vw, 300px\" \/><\/a>Este s\u00e1bado llegar\u00e1 un amistoso ante Deportivo Armenio para luego comenzar a preparar el regreso al barrio.<\/p>\n<p>Desde LBD nos contactamos brevemente con Nahuel quien nos dijo:<\/p>\n<p>\u00abEsta semana ser\u00e1 la de trabajo m\u00e1 duro, con doble turno incluido. El torneo arrancar\u00e1 cerca del 26 y vamos contra Acassuso.<\/p>\n<p>Me encuentro a pr\u00e9stamo hasta junio de este a\u00f1o, luego volver\u00e9 a m\u00ed club, Ferro.<\/p>\n<p>Te agradezco el contacto y aprovecho para saludar por intermedio de LBD a toda la gente de Tierra del Fuego\u00bb.<\/p>\n<p>Arranque de temporada para nuestros embajadores futboleros.<\/p>\n<p><a href=\"http:\/\/labestiadeportiva.com\/lbd\/wp-content\/uploads\/2019\/01\/IMG-20190109-WA0095.jpg\"><img loading=\"lazy\" class=\"aligncenter size-medium wp-image-30874\" src=\"http:\/\/labestiadeportiva.com\/lbd\/wp-content\/uploads\/2019\/01\/IMG-20190109-WA0095-276x300.jpg\" alt=\"IMG-20190109-WA0095\" width=\"276\" height=\"300\" srcset=\"https:\/\/labestiadeportiva.com\/lbd\/wp-content\/uploads\/2019\/01\/IMG-20190109-WA0095-276x300.jpg 276w, https:\/\/labestiadeportiva.com\/lbd\/wp-content\/uploads\/2019\/01\/IMG-20190109-WA0095.jpg 654w\" sizes=\"(max-width: 276px) 100vw, 276px\" \/><\/a><\/p>\n<div class='epvc-post-count'><span class='epvc-eye'><\/span>  <span class=\"epvc-count\"> 1.274<\/span><span class='epvc-label'> veces le\u00edda<\/span><\/div>\n<div class=\"jwsharethis\">\nShare this: \n<br \/>\n<a href=\"mailto:?subject=Pretemporada%20para%20Nahuel%20en%20Colegiales&amp;body=https%3A%2F%2Flabestiadeportiva.com%2Flbd%2Fpretemporada-para-nahuel-en-colegiales%2F\">\n<img src=\"https:\/\/labestiadeportiva.com\/lbd\/wp-content\/plugins\/jw-share-this\/email.png\" alt=\"Share this page via Email\" \/>\n<\/a>\n<a target=\"_blank\" href=\"http:\/\/www.stumbleupon.com\/submit?url=https%3A%2F%2Flabestiadeportiva.com%2Flbd%2Fpretemporada-para-nahuel-en-colegiales%2F&amp;title=Pretemporada+para+Nahuel+en+Colegiales\">\n<img src=\"https:\/\/labestiadeportiva.com\/lbd\/wp-content\/plugins\/jw-share-this\/su.png\" alt=\"Share this page via Stumble Upon\" \/>\n<\/a>\n<a target=\"_blank\" href=\"http:\/\/digg.com\/submit?url=https%3A%2F%2Flabestiadeportiva.com%2Flbd%2Fpretemporada-para-nahuel-en-colegiales%2F&amp;title=Pretemporada+para+Nahuel+en+Colegiales\">\n<img src=\"https:\/\/labestiadeportiva.com\/lbd\/wp-content\/plugins\/jw-share-this\/digg.png\" alt=\"Share this page via Digg this\" \/>\n<\/a>\n<a target=\"_blank\" href=\"http:\/\/www.facebook.com\/sharer.php?u=https%3A%2F%2Flabestiadeportiva.com%2Flbd%2Fpretemporada-para-nahuel-en-colegiales%2F&amp;t=Pretemporada+para+Nahuel+en+Colegiales\">\n<img src=\"https:\/\/labestiadeportiva.com\/lbd\/wp-content\/plugins\/jw-share-this\/fb.png\" alt=\"Share this page via Facebook\" \/>\n<\/a>\n<a target=\"_blank\" href=\"http:\/\/twitter.com\/intent\/tweet?text=I+like+https%3A%2F%2Flabestiadeportiva.com%2Flbd%2Fpretemporada-para-nahuel-en-colegiales%2F&amp;title=Pretemporada+para+Nahuel+en+Colegiales\">\n<img src=\"https:\/\/labestiadeportiva.com\/lbd\/wp-content\/plugins\/jw-share-this\/twitter.png\" alt=\"Share this page via Twitter\" \/>\n<\/a>\n<\/div>\n","protected":false},"excerpt":{"rendered":"<p>Presencia fueguina en el ascenso. Desde el pasado 3 de enero el defensor ushuaiense, Nahuel Amarilla, trabaja junto al plantel de Munro. En LBD te contamos algunos detalles. 1.274 veces le\u00edda Share this:<\/p>\n","protected":false},"author":1,"featured_media":30875,"comment_status":"open","ping_status":"open","sticky":false,"template":"","format":"standard","meta":[],"categories":[5,6,2227,1],"tags":[3773,1387,1952,17,3660],"_links":{"self":[{"href":"https:\/\/labestiadeportiva.com\/lbd\/wp-json\/wp\/v2\/posts\/30871"}],"collection":[{"href":"https:\/\/labestiadeportiva.com\/lbd\/wp-json\/wp\/v2\/posts"}],"about":[{"href":"https:\/\/labestiadeportiva.com\/lbd\/wp-json\/wp\/v2\/types\/post"}],"author":[{"embeddable":true,"href":"https:\/\/labestiadeportiva.com\/lbd\/wp-json\/wp\/v2\/users\/1"}],"replies":[{"embeddable":true,"href":"https:\/\/labestiadeportiva.com\/lbd\/wp-json\/wp\/v2\/comments?post=30871"}],"version-history":[{"count":2,"href":"https:\/\/labestiadeportiva.com\/lbd\/wp-json\/wp\/v2\/posts\/30871\/revisions"}],"predecessor-version":[{"id":30877,"href":"https:\/\/labestiadeportiva.com\/lbd\/wp-json\/wp\/v2\/posts\/30871\/revisions\/30877"}],"wp:featuredmedia":[{"embeddable":true,"href":"https:\/\/labestiadeportiva.com\/lbd\/wp-json\/wp\/v2\/media\/30875"}],"wp:attachment":[{"href":"https:\/\/labestiadeportiva.com\/lbd\/wp-json\/wp\/v2\/media?parent=30871"}],"wp:term":[{"taxonomy":"category","embeddable":true,"href":"https:\/\/labestiadeportiva.com\/lbd\/wp-json\/wp\/v2\/categories?post=30871"},{"taxonomy":"post_tag","embeddable":true,"href":"https:\/\/labestiadeportiva.com\/lbd\/wp-json\/wp\/v2\/tags?post=30871"}],"curies":[{"name":"wp","href":"https:\/\/api.w.org\/{rel}","templated":true}]}}