{"id":30938,"date":"2019-01-16T23:05:10","date_gmt":"2019-01-17T02:05:10","guid":{"rendered":"http:\/\/labestiadeportiva.com\/lbd\/?p=30938"},"modified":"2019-01-16T23:34:52","modified_gmt":"2019-01-17T02:34:52","slug":"cavigliasso-a-punto-de-ganar","status":"publish","type":"post","link":"https:\/\/labestiadeportiva.com\/lbd\/cavigliasso-a-punto-de-ganar\/","title":{"rendered":"Cavigliasso a punto de ganar"},"content":{"rendered":"<p><a href=\"http:\/\/labestiadeportiva.com\/lbd\/wp-content\/uploads\/2019\/01\/BBSfmBR.jpg\"><img loading=\"lazy\" class=\"aligncenter size-medium wp-image-30939\" src=\"http:\/\/labestiadeportiva.com\/lbd\/wp-content\/uploads\/2019\/01\/BBSfmBR-300x200.jpg\" alt=\"BBSfmBR\" width=\"300\" height=\"200\" srcset=\"https:\/\/labestiadeportiva.com\/lbd\/wp-content\/uploads\/2019\/01\/BBSfmBR-300x200.jpg 300w, https:\/\/labestiadeportiva.com\/lbd\/wp-content\/uploads\/2019\/01\/BBSfmBR.jpg 980w\" sizes=\"(max-width: 300px) 100vw, 300px\" \/><\/a>Por Ricardo Acu\u00f1a (especial para LBD) \/ Nueve victorias parciales suma Argentina en el Dakar 2019, y todas dieron en los Cuatriciclos. Y este mi\u00e9rcoles, Nicolas Cavigliasso (Yamaha) alcanz\u00f3 su octavo triunfo en la novena etapa, con inicio y final en Pisco.<\/p>\n<p>Si bien el cordob\u00e9s hab\u00eda sido segundo por detr\u00e1s de Manuel And\u00fajar (Yamaha), la organizaci\u00f3n decidi\u00f3 devolverle el tiempo que estuvo detenido por ayudar al motociclista franc\u00e9s Anthony Boursaud (Yamaha) en el suelo despu\u00e9s de una ca\u00edda y finalmente se impuso con un registro 4m37m25s, superando por 4m06s al oriundo de Lobos.<\/p>\n<p>El bahiense Gustavo Gallego (Yamaha) cerr\u00f3 el Top 3, a m\u00e1s de 20 minutos de la punta, seguido por el cordob\u00e9s Jerem\u00edas Gonz\u00e1lez Ferioli (Yamaha) y el franc\u00e9s Alexandre Giroud (Yamaha) en los cinco primeros lugares.<\/p>\n<p>En la general, y a falta de un d\u00eda para el final, Cavigliasso le lleva 1h49m24s a Gonz\u00e1lez Ferioli.<\/p>\n<p><strong>Autos: Al-Attiyah, al frente, no deja dudas<\/strong><\/p>\n<p>El hist\u00f3rico hito est\u00e1 cerca de ser alcanzado por Toyota Gazoo Racing, quien domina la clasificaci\u00f3n general con 51 minutos de ventaja de la mano del piloto Nasser Al-Attiyah. El qatar\u00ed venci\u00f3 tambi\u00e9n en la pen\u00faltima etapa, en tanto que Sebastien Loeb se retras\u00f3 y perdi\u00f3 el 2\u00ba lugar.<\/p>\n<p>Nasser Al-Attiyah (Toyota) nuevamente se impuso en un parcial del Dakar 2019, y tras esto obtiene 51m27s de ventaja respecto a Joan &#8216;Nani&#8217; Roma (Mini) de cara al \u00faltimo d\u00eda de carrera, con 112 kil\u00f3metros cronometrados.<\/p>\n<p>\u00abHicimos otro muy buen trabajo con Matthieu Baumel en la navegaci\u00f3n; ma\u00f1ana vamos a ver, hay mucha gente esperando\u00bb, se\u00f1al\u00f3 el qatar\u00ed al concluir la jornada de dunas en Pisco. De concretarse, ser\u00eda el primer triunfo de la marca nipona en esta competencia, el mismo a\u00f1o en el que lleg\u00f3 el triunfo en las 24 Horas de Le Mans.<\/p>\n<p>Sebastien Loeb (Mini) se retras\u00f3 considerablemente cuando ven\u00eda siendo el m\u00e1s veloz de la jornada. Al principio estuvo m\u00e1s de 20 minutos detenido en las dunas, y finalmente se comunic\u00f3 un inconveniente con la transmisi\u00f3n en el Km 275 de la carrera. Con esto deja a un lado las firmes posibilidades de alcanzar el 2\u00ba lugar, puesto que ahora ocupa el 3\u00ba lugar de la carrera.<\/p>\n<p>Stephane Peterhansel (Mini) abandon\u00f3 la carrera luego de un incidente en el que aterriz\u00f3 fuertemente en una duna, lo que gener\u00f3 fuertes dolores a David Castera. El navegante fue evacuado a Lima para mayores estudios, mientras que el piloto sigui\u00f3 adelante con el coche hasta llevar el veh\u00edculo al campamento. \u00abLlegamos a una duna y aterrizamos de frente en la siguiente. Todo fue tan r\u00e1pido que David, mirando el libro de ruta en ese momento, no esperaba el impacto\u00bb, se\u00f1al\u00f3 Peterhansel.<\/p>\n<p><strong>Motos: a un d\u00eda, Price y Quintanilla con m\u00ednima diferencia<\/strong><\/p>\n<p>Concluy\u00f3 la 9\u00aa Etapa, pen\u00faltima del Dakar 2019, y en la categor\u00eda Motos solo 62 segundos (1m02s) separan a los m\u00e1ximos contendientes al triunfo: Toby Price (KTM) y Pablo Quintanilla (Husqvarna). En el parcial se impuso Michael Metge (Sherco). Ma\u00f1ana se larga la Especial en orden inverso al de la tabla general.<\/p>\n<p>A pesar de correr con una lesi\u00f3n en su mu\u00f1eca derecha por una ca\u00edda dos semanas antes del Rally Dakar 2019, el australiano Toby Price (KTM) lidera la carrera con 1m02s de ventaja respecto al chileno Pablo Quintanilla (Husqvarna). El tercero de la Clasificaci\u00f3n General es el austr\u00edaco Matthias Walkner (KTM), a 6m35s del l\u00edder. Adem\u00e1s, en el \u00faltimo d\u00eda se larga la carrera en orden inverso al de la suma total de tiempo, por tanto, Price ser\u00e1 el \u00faltimo en salir y tendr\u00e1 delante suyo la posibilidad de seguir los pasos de Quintanilla en los 112 kil\u00f3metros finales contra el reloj, de Pisco a Lima.<\/p>\n<p>En tanto, tras cumplir una nueva jornada de Largada en L\u00ednea de a diez motos, el vencedor del parcial fue el franc\u00e9s Michael &#8216;Mika&#8217; Metge (Sherco) sobre el boliviano Daniel Nosiglia (Honda), quienes partieron en el segundo grupo del d\u00eda. El hecho de haber partido juntos no le permiti\u00f3 a Quintanilla descontar terreno a Price, por lo que el sudamericano se conform\u00f3 con el 3\u00ba lugar de la jornada, delante de su rival, pero con solo 3 segundos de diferencia.<\/p>\n<p>El argentino Kevin Benavides (Honda) cumpl\u00eda una gran tarea al tomar diferencias del grupo que abr\u00eda ruta y ganar terreno en el reloj, hasta que una complicaci\u00f3n le hizo perder tiempo a \u00e9l y a quienes le segu\u00edan. Pas\u00f3 de 1\u00ba a 7\u00ba en el \u00faltimo tramo del d\u00eda.<\/p>\n<p>Tras la sanci\u00f3n a su hermano mayor, Luciano Benavides (KTM) es el mejor argentino clasificado en la carrera. Ocupa el 7\u00ba lugar en la Clasificaci\u00f3n General, a solo 5 segundos de la posici\u00f3n que le precede, en manos del chileno Ignacio Cornejo (Honda). Ser\u00e1n centro de atenci\u00f3n, ya que ma\u00f1ana largar\u00e1n juntos disputando mano a mano sus posiciones en la tabla final.<\/p>\n<p>El principal cambio entre los l\u00edderes lleg\u00f3 con el retraso de Adrien Van Beveren (Yamaha), quien era el mejor clasificado para la marca de los tres diapasones y ten\u00eda la chance de luchar por el podio. Acus\u00f3 inconvenientes con el motor, a un d\u00eda del final.<\/p>\n<p><strong>DEFINICI\u00d3N AJUSTADA<\/strong><\/p>\n<p>Llega el momento de la \u00faltima etapa del Dakar 2019 100% Per\u00fa, y las m\u00ednimas distancias que separan a los principales clasificados hace que la atenci\u00f3n est\u00e9 en la carrera de Motos. Por un lado, sin ganar ning\u00fan parcial y con la mano derecha lesionada dos semanas antes de largar, Toby Price est\u00e1 a delante en la suma de tiempos. Por otro, con una estrategia de ataque que se aplic\u00f3 al m\u00e1ximo desde la segunda semana, Pablo Quintanilla.<\/p>\n<p><strong>Camiones: Nikolaev vuelve a ser l\u00edder<\/strong><\/p>\n<p>El ruso recuper\u00f3 la punta de la general de Camiones tras ganar la novena etapa del Dakar 2019, mientras que Federico Villagra, acompa\u00f1ado por a Adri\u00e1n Yacopini y Ricardo Torlaschi, finaliz\u00f3 noveno y se mantiene en el cuarto lugar de la general.<\/p>\n<p>Revancha. Eso es lo que se tom\u00f3 Eduard Nikolaev en la novena etapa del Dakar 2019, que se larg\u00f3 y culmin\u00f3 en Pisco, ya que logr\u00f3 imponerse y volvi\u00f3 al primer puesto de la clasificaci\u00f3n general entre los Camiones luego de haber perdido de la punta ayer cuando se qued\u00f3 enterrado en la arena.<\/p>\n<p>Con un tiempo de 4h19m37s, el ruso, quien busca su quinto triunfo tras los conseguidos en 2010, 2013, 2017 y 2018, aventaj\u00f3 por 14m03s al MAZ del bielorruso Siarhei Viazovich, mientras que Dmitry Sotnikov (Kamaz), que era el l\u00edder del global, acab\u00f3 culmin\u00f3 tercero, a 27m43s de su compatriota.<\/p>\n<p>De esta manera, Nikolaev llega al \u00faltimo d\u00eda de competencia con 28m35s de ventaja sobre Sotnikov.<\/p>\n<p>Por su parte, Federico Villagra (Iveco), junto a Adri\u00e1n Yacopini y Ricardo Torlaschi, sufri\u00f3 un retraso en los \u00faltimos kil\u00f3metros y culmin\u00f3 noveno, a 1h41m57s del vencedor. El cordob\u00e9s contin\u00faa cuarto en la combinada.<\/p>\n<p>\u00a1Gracias Diario Jornada!<\/p>\n<div class='epvc-post-count'><span class='epvc-eye'><\/span>  <span class=\"epvc-count\"> 984<\/span><span class='epvc-label'> veces le\u00edda<\/span><\/div>\n<div class=\"jwsharethis\">\nShare this: \n<br \/>\n<a href=\"mailto:?subject=Cavigliasso%20a%20punto%20de%20ganar&amp;body=https%3A%2F%2Flabestiadeportiva.com%2Flbd%2Fcavigliasso-a-punto-de-ganar%2F\">\n<img src=\"https:\/\/labestiadeportiva.com\/lbd\/wp-content\/plugins\/jw-share-this\/email.png\" alt=\"Share this page via Email\" \/>\n<\/a>\n<a target=\"_blank\" href=\"http:\/\/www.stumbleupon.com\/submit?url=https%3A%2F%2Flabestiadeportiva.com%2Flbd%2Fcavigliasso-a-punto-de-ganar%2F&amp;title=Cavigliasso+a+punto+de+ganar\">\n<img src=\"https:\/\/labestiadeportiva.com\/lbd\/wp-content\/plugins\/jw-share-this\/su.png\" alt=\"Share this page via Stumble Upon\" \/>\n<\/a>\n<a target=\"_blank\" href=\"http:\/\/digg.com\/submit?url=https%3A%2F%2Flabestiadeportiva.com%2Flbd%2Fcavigliasso-a-punto-de-ganar%2F&amp;title=Cavigliasso+a+punto+de+ganar\">\n<img src=\"https:\/\/labestiadeportiva.com\/lbd\/wp-content\/plugins\/jw-share-this\/digg.png\" alt=\"Share this page via Digg this\" \/>\n<\/a>\n<a target=\"_blank\" href=\"http:\/\/www.facebook.com\/sharer.php?u=https%3A%2F%2Flabestiadeportiva.com%2Flbd%2Fcavigliasso-a-punto-de-ganar%2F&amp;t=Cavigliasso+a+punto+de+ganar\">\n<img src=\"https:\/\/labestiadeportiva.com\/lbd\/wp-content\/plugins\/jw-share-this\/fb.png\" alt=\"Share this page via Facebook\" \/>\n<\/a>\n<a target=\"_blank\" href=\"http:\/\/twitter.com\/intent\/tweet?text=I+like+https%3A%2F%2Flabestiadeportiva.com%2Flbd%2Fcavigliasso-a-punto-de-ganar%2F&amp;title=Cavigliasso+a+punto+de+ganar\">\n<img src=\"https:\/\/labestiadeportiva.com\/lbd\/wp-content\/plugins\/jw-share-this\/twitter.png\" alt=\"Share this page via Twitter\" \/>\n<\/a>\n<\/div>\n","protected":false},"excerpt":{"rendered":"<p>Por Ricardo Acu\u00f1a (especial para LBD) \/ Nueve victorias parciales suma Argentina en el Dakar 2019, y todas dieron en los Cuatriciclos. Y este mi\u00e9rcoles, Nicolas Cavigliasso (Yamaha) alcanz\u00f3 su octavo triunfo en la novena etapa, con inicio y final en Pisco. Si bien el cordob\u00e9s hab\u00eda sido segundo por detr\u00e1s de Manuel And\u00fajar (Yamaha), &hellip; <a href=\"https:\/\/labestiadeportiva.com\/lbd\/cavigliasso-a-punto-de-ganar\/\" class=\"more-link\">Seguir leyendo <span class=\"screen-reader-text\">Cavigliasso a punto de ganar<\/span> <span class=\"meta-nav\">&rarr;<\/span><\/a><\/p>\n","protected":false},"author":1,"featured_media":30939,"comment_status":"open","ping_status":"open","sticky":false,"template":"","format":"standard","meta":[],"categories":[3762,4,6,1],"tags":[256,3660,3765],"_links":{"self":[{"href":"https:\/\/labestiadeportiva.com\/lbd\/wp-json\/wp\/v2\/posts\/30938"}],"collection":[{"href":"https:\/\/labestiadeportiva.com\/lbd\/wp-json\/wp\/v2\/posts"}],"about":[{"href":"https:\/\/labestiadeportiva.com\/lbd\/wp-json\/wp\/v2\/types\/post"}],"author":[{"embeddable":true,"href":"https:\/\/labestiadeportiva.com\/lbd\/wp-json\/wp\/v2\/users\/1"}],"replies":[{"embeddable":true,"href":"https:\/\/labestiadeportiva.com\/lbd\/wp-json\/wp\/v2\/comments?post=30938"}],"version-history":[{"count":3,"href":"https:\/\/labestiadeportiva.com\/lbd\/wp-json\/wp\/v2\/posts\/30938\/revisions"}],"predecessor-version":[{"id":30942,"href":"https:\/\/labestiadeportiva.com\/lbd\/wp-json\/wp\/v2\/posts\/30938\/revisions\/30942"}],"wp:featuredmedia":[{"embeddable":true,"href":"https:\/\/labestiadeportiva.com\/lbd\/wp-json\/wp\/v2\/media\/30939"}],"wp:attachment":[{"href":"https:\/\/labestiadeportiva.com\/lbd\/wp-json\/wp\/v2\/media?parent=30938"}],"wp:term":[{"taxonomy":"category","embeddable":true,"href":"https:\/\/labestiadeportiva.com\/lbd\/wp-json\/wp\/v2\/categories?post=30938"},{"taxonomy":"post_tag","embeddable":true,"href":"https:\/\/labestiadeportiva.com\/lbd\/wp-json\/wp\/v2\/tags?post=30938"}],"curies":[{"name":"wp","href":"https:\/\/api.w.org\/{rel}","templated":true}]}}