{"id":30956,"date":"2019-01-18T13:12:12","date_gmt":"2019-01-18T16:12:12","guid":{"rendered":"http:\/\/labestiadeportiva.com\/lbd\/?p=30956"},"modified":"2019-01-18T13:12:51","modified_gmt":"2019-01-18T16:12:51","slug":"victoria-argentina-en-dakar-2019","status":"publish","type":"post","link":"https:\/\/labestiadeportiva.com\/lbd\/victoria-argentina-en-dakar-2019\/","title":{"rendered":"Victoria Argentina en el Dakar 2019"},"content":{"rendered":"<p><a href=\"http:\/\/labestiadeportiva.com\/lbd\/wp-content\/uploads\/2019\/01\/cavigliasso-1.jpg\"><img loading=\"lazy\" class=\"aligncenter size-medium wp-image-30957\" src=\"http:\/\/labestiadeportiva.com\/lbd\/wp-content\/uploads\/2019\/01\/cavigliasso-1-300x165.jpg\" alt=\"cavigliasso-1\" width=\"300\" height=\"165\" srcset=\"https:\/\/labestiadeportiva.com\/lbd\/wp-content\/uploads\/2019\/01\/cavigliasso-1-300x165.jpg 300w, https:\/\/labestiadeportiva.com\/lbd\/wp-content\/uploads\/2019\/01\/cavigliasso-1-1024x563.jpg 1024w, https:\/\/labestiadeportiva.com\/lbd\/wp-content\/uploads\/2019\/01\/cavigliasso-1.jpg 1072w\" sizes=\"(max-width: 300px) 100vw, 300px\" \/><\/a>Por Ricardo Acu\u00f1a (especial para LBD) \/ La 41\u00aa edici\u00f3n del Rally Dakar, disputada a trav\u00e9s de 10 etapas en las dunas del Per\u00fa, quedar\u00e1 grabado a fuego para Nicol\u00e1s Cavigliasso (Yamaha), de 27 a\u00f1os, quien se adjudic\u00f3 la divisi\u00f3n de quads 4&#215;2 en su segunda participaci\u00f3n. Pero, de yapa, tuvo un cierre a\u00fan m\u00e1s feliz: es que le propuso casamiento a su novia Valeria justo en el podio.<br \/>\nNacido el 3 de septiembre de 1991 en General Cabrera, Cavigliasso compiti\u00f3 con un Yamaha Raptor 700 preparado por Nic Pro Racing y atendido por el equipo Dragon Rally Team, que lo asisti\u00f3 durante la competencia.<\/p>\n<p>Fue la segunda incursi\u00f3n del cordob\u00e9s en el Dakar tras haber competido en 2018 con un segundo puesto, lo que lo convirti\u00f3 en el mejor debutante en la ocasi\u00f3n, luego de ganar tres etapas.<\/p>\n<p>\u201cPoder ganar esta incre\u00edble carrera es mucho m\u00e9rito por toda la garra que le ponemos con mi equipo, con mi familia que me banc\u00f3 siempre. Estamos viviendo un momento so\u00f1ado\u201d, le dijo el flamante campe\u00f3n a Fox Sports tras llegar a la meta.<\/p>\n<p>Para la edici\u00f3n 2019, Cavigliasso y su equipo potenciaron el Yamaha logrando mayor velocidad y ganando en robustez, lo que hizo que el quad fuera un poco m\u00e1s pesado para transitar los sectores m\u00e1s lentos e imparable a la hora de acelerar. Prueba de ello es que gan\u00f3 nueve de las 10 etapas corridas. Y en la \u00fanica que no venci\u00f3 \u2013la tercera\u2013 fue segundo.<\/p>\n<p>\u201cFue un Dakar incre\u00edble para m\u00ed, ya que desde el inicio pude imponer mi ritmo, cuid\u00e9 todo lo que pude el quad y mi equipo hizo un trabajo incre\u00edble para entregarme todos los d\u00edas un medio mec\u00e1nico impecable. Todo fue perfecto, y, m\u00e1s all\u00e1 de un susto en la novena etapa, cuando ca\u00ed desacomodado de una duna, todo sali\u00f3 a la perfecci\u00f3n. Ahora queda celebrar esta victoria\u201d, dijo el cordob\u00e9s tras unir Pisco y Lima en la etapa final.<\/p>\n<p>Cavigliasso encabez\u00f3 la general con 1h55m37s de ventaja sobre el tambi\u00e9n cordob\u00e9s Jerem\u00edas Gonz\u00e1lez Ferioli y 2h11m48s sobre el bahiense Gustavo Gallego. Los otros argentinos que completaron el rally son Manuel Andujar (5\u00b0), Julio Estanguet (8\u00b0), Carlos Verza (9\u00b0) y Gast\u00f3n Mattarucco (13\u00b0).<\/p>\n<p>Despu\u00e9s de los Patronelli<\/p>\n<p>Cavigliasso es el tercer argentino en imponerse en el Dakar en la divisi\u00f3n quads 4&#215;2 luego de que los hermanos Marcos y Alejandro Patronelli ganaran cinco ediciones: el primero en 2010, 2013 y 2016 y el segundo en 2011 y 2012.<\/p>\n<p>Para lograrlo, el cordob\u00e9s hizo una gran carrera dentro de la especialidad: en 2016 gan\u00f3 el Campeonato Argentino de Cross Country 4&#215;2; en 2017 triunf\u00f3 en el Merzouga Rally de Marruecos y la Baja Inca Paracas 1000 en Per\u00fa y el a\u00f1o pasado se destac\u00f3 como el mejor rookie del Dakar y remat\u00f3 su campa\u00f1a ganando el Desaf\u00edo Ruta 40 y el Atacama Rally, que le vali\u00f3 terminar tercero en el Mundial FIM de Cross Country. A ello se le suman sus grandes actuaciones en el Campeonato Argentino de Navegantes.<\/p>\n<p>\u00a1Gracias Rafael Cerezo!<\/p>\n<div class='epvc-post-count'><span class='epvc-eye'><\/span>  <span class=\"epvc-count\"> 1.085<\/span><span class='epvc-label'> veces le\u00edda<\/span><\/div>\n<div class=\"jwsharethis\">\nShare this: \n<br \/>\n<a href=\"mailto:?subject=Victoria%20Argentina%20en%20el%20Dakar%202019&amp;body=https%3A%2F%2Flabestiadeportiva.com%2Flbd%2Fvictoria-argentina-en-dakar-2019%2F\">\n<img src=\"https:\/\/labestiadeportiva.com\/lbd\/wp-content\/plugins\/jw-share-this\/email.png\" alt=\"Share this page via Email\" \/>\n<\/a>\n<a target=\"_blank\" href=\"http:\/\/www.stumbleupon.com\/submit?url=https%3A%2F%2Flabestiadeportiva.com%2Flbd%2Fvictoria-argentina-en-dakar-2019%2F&amp;title=Victoria+Argentina+en+el+Dakar+2019\">\n<img src=\"https:\/\/labestiadeportiva.com\/lbd\/wp-content\/plugins\/jw-share-this\/su.png\" alt=\"Share this page via Stumble Upon\" \/>\n<\/a>\n<a target=\"_blank\" href=\"http:\/\/digg.com\/submit?url=https%3A%2F%2Flabestiadeportiva.com%2Flbd%2Fvictoria-argentina-en-dakar-2019%2F&amp;title=Victoria+Argentina+en+el+Dakar+2019\">\n<img src=\"https:\/\/labestiadeportiva.com\/lbd\/wp-content\/plugins\/jw-share-this\/digg.png\" alt=\"Share this page via Digg this\" \/>\n<\/a>\n<a target=\"_blank\" href=\"http:\/\/www.facebook.com\/sharer.php?u=https%3A%2F%2Flabestiadeportiva.com%2Flbd%2Fvictoria-argentina-en-dakar-2019%2F&amp;t=Victoria+Argentina+en+el+Dakar+2019\">\n<img src=\"https:\/\/labestiadeportiva.com\/lbd\/wp-content\/plugins\/jw-share-this\/fb.png\" alt=\"Share this page via Facebook\" \/>\n<\/a>\n<a target=\"_blank\" href=\"http:\/\/twitter.com\/intent\/tweet?text=I+like+https%3A%2F%2Flabestiadeportiva.com%2Flbd%2Fvictoria-argentina-en-dakar-2019%2F&amp;title=Victoria+Argentina+en+el+Dakar+2019\">\n<img src=\"https:\/\/labestiadeportiva.com\/lbd\/wp-content\/plugins\/jw-share-this\/twitter.png\" alt=\"Share this page via Twitter\" \/>\n<\/a>\n<\/div>\n","protected":false},"excerpt":{"rendered":"<p>Por Ricardo Acu\u00f1a (especial para LBD) \/ La 41\u00aa edici\u00f3n del Rally Dakar, disputada a trav\u00e9s de 10 etapas en las dunas del Per\u00fa, quedar\u00e1 grabado a fuego para Nicol\u00e1s Cavigliasso (Yamaha), de 27 a\u00f1os, quien se adjudic\u00f3 la divisi\u00f3n de quads 4&#215;2 en su segunda participaci\u00f3n. Pero, de yapa, tuvo un cierre a\u00fan m\u00e1s &hellip; <a href=\"https:\/\/labestiadeportiva.com\/lbd\/victoria-argentina-en-dakar-2019\/\" class=\"more-link\">Seguir leyendo <span class=\"screen-reader-text\">Victoria Argentina en el Dakar 2019<\/span> <span class=\"meta-nav\">&rarr;<\/span><\/a><\/p>\n","protected":false},"author":1,"featured_media":30957,"comment_status":"open","ping_status":"open","sticky":false,"template":"","format":"standard","meta":[],"categories":[2176,3762,3032,4,1],"tags":[],"_links":{"self":[{"href":"https:\/\/labestiadeportiva.com\/lbd\/wp-json\/wp\/v2\/posts\/30956"}],"collection":[{"href":"https:\/\/labestiadeportiva.com\/lbd\/wp-json\/wp\/v2\/posts"}],"about":[{"href":"https:\/\/labestiadeportiva.com\/lbd\/wp-json\/wp\/v2\/types\/post"}],"author":[{"embeddable":true,"href":"https:\/\/labestiadeportiva.com\/lbd\/wp-json\/wp\/v2\/users\/1"}],"replies":[{"embeddable":true,"href":"https:\/\/labestiadeportiva.com\/lbd\/wp-json\/wp\/v2\/comments?post=30956"}],"version-history":[{"count":2,"href":"https:\/\/labestiadeportiva.com\/lbd\/wp-json\/wp\/v2\/posts\/30956\/revisions"}],"predecessor-version":[{"id":30959,"href":"https:\/\/labestiadeportiva.com\/lbd\/wp-json\/wp\/v2\/posts\/30956\/revisions\/30959"}],"wp:featuredmedia":[{"embeddable":true,"href":"https:\/\/labestiadeportiva.com\/lbd\/wp-json\/wp\/v2\/media\/30957"}],"wp:attachment":[{"href":"https:\/\/labestiadeportiva.com\/lbd\/wp-json\/wp\/v2\/media?parent=30956"}],"wp:term":[{"taxonomy":"category","embeddable":true,"href":"https:\/\/labestiadeportiva.com\/lbd\/wp-json\/wp\/v2\/categories?post=30956"},{"taxonomy":"post_tag","embeddable":true,"href":"https:\/\/labestiadeportiva.com\/lbd\/wp-json\/wp\/v2\/tags?post=30956"}],"curies":[{"name":"wp","href":"https:\/\/api.w.org\/{rel}","templated":true}]}}