{"id":30964,"date":"2019-01-19T19:13:29","date_gmt":"2019-01-19T22:13:29","guid":{"rendered":"http:\/\/labestiadeportiva.com\/lbd\/?p=30964"},"modified":"2019-01-20T15:59:51","modified_gmt":"2019-01-20T18:59:51","slug":"goleador-con-adn-celeste","status":"publish","type":"post","link":"https:\/\/labestiadeportiva.com\/lbd\/goleador-con-adn-celeste\/","title":{"rendered":"Goleador con ADN \u00abCeleste\u00bb"},"content":{"rendered":"<p><a href=\"http:\/\/labestiadeportiva.com\/lbd\/wp-content\/uploads\/2019\/01\/diego-koch-520x2451.jpg\"><img loading=\"lazy\" src=\"http:\/\/labestiadeportiva.com\/lbd\/wp-content\/uploads\/2019\/01\/diego-koch-520x2451-300x141.jpg\" alt=\"diego-koch-520x245\" width=\"300\" height=\"141\" class=\"aligncenter size-medium wp-image-30968\" srcset=\"https:\/\/labestiadeportiva.com\/lbd\/wp-content\/uploads\/2019\/01\/diego-koch-520x2451-300x141.jpg 300w, https:\/\/labestiadeportiva.com\/lbd\/wp-content\/uploads\/2019\/01\/diego-koch-520x2451.jpg 520w, https:\/\/labestiadeportiva.com\/lbd\/wp-content\/uploads\/2019\/01\/diego-koch-520x2451-720x340.jpg 720w\" sizes=\"(max-width: 300px) 100vw, 300px\" \/><\/a>La Liga de Desarrollo es una competencia trascendental para la proyecci\u00f3n de los j\u00f3venes del b\u00e1squet argentino y en ella se destaca el santacruce\u00f1o Diego Koch, de Hispano Americano. Fuente y foto Prensa Hispano B\u00e1squet.<!--more--><\/p>\n<p>Si bien el equipo Patag\u00f3nico no pudo conseguir un triunfo en dicho certamen, el joven escolta \u00abCeleste\u00bb, lidera la tabla de goleadores con 183 puntos (36.6 pts) y una eficiencia \u00a0del 42,4 % en cinco partidos jugados. <\/p>\n<p>Adem\u00e1s encabeza la tabla de triples convertidos (34) junto con su compa\u00f1ero y amigo Juan Ignacio Barrios Nu\u00f1ez (24).<\/p>\n<p>Con la humildad que lo caracteriza, su respuesta ante sus n\u00fameros en la LDD <\/p>\n<p>\u201cla verdad que no es algo que me interese mucho ser el goleador, no es algo en lo que pienso antes de jugar cada partido\u201d.<\/p>\n<p>Destaca el juvenil \u00abCeleste\u00bb. Su buen rendimiento en la competencia lo entusiasma y le permite seguir sumando experiencia, pero aclara:<\/p>\n<p>\u201cla confianza que me dan mis compa\u00f1eros es lo m\u00e1s importante\u201d.<\/p>\n<p>Diego valoriza esta competencia porque \u201cen lo personal est\u00e1 muy bueno, te podes medir con jugadores de buen nivel y en lo colectivo es una linda experiencia y un desaf\u00edo para todos los chicos que somos de ac\u00e1 del sur, ya que no estamos acostumbrados a jugar este tipo de torneos\u201d finaliz\u00f3 el riogalleguense de 21 a\u00f1os cuyo fuerte es el \u201ctiro externo\u201d <\/p>\n<p>La pr\u00f3xima presentaci\u00f3n de los juveniles de Hispano ser\u00e1 el lunes 21 cuando reciban en el Tito Wilson a Libertad de Sunchales.<\/p>\n<div class='epvc-post-count'><span class='epvc-eye'><\/span>  <span class=\"epvc-count\"> 1.034<\/span><span class='epvc-label'> veces le\u00edda<\/span><\/div>\n<div class=\"jwsharethis\">\nShare this: \n<br \/>\n<a href=\"mailto:?subject=Goleador%20con%20ADN%20%C2%ABCeleste%C2%BB&amp;body=https%3A%2F%2Flabestiadeportiva.com%2Flbd%2Fgoleador-con-adn-celeste%2F\">\n<img src=\"https:\/\/labestiadeportiva.com\/lbd\/wp-content\/plugins\/jw-share-this\/email.png\" alt=\"Share this page via Email\" \/>\n<\/a>\n<a target=\"_blank\" href=\"http:\/\/www.stumbleupon.com\/submit?url=https%3A%2F%2Flabestiadeportiva.com%2Flbd%2Fgoleador-con-adn-celeste%2F&amp;title=Goleador+con+ADN+%C2%ABCeleste%C2%BB\">\n<img src=\"https:\/\/labestiadeportiva.com\/lbd\/wp-content\/plugins\/jw-share-this\/su.png\" alt=\"Share this page via Stumble Upon\" \/>\n<\/a>\n<a target=\"_blank\" href=\"http:\/\/digg.com\/submit?url=https%3A%2F%2Flabestiadeportiva.com%2Flbd%2Fgoleador-con-adn-celeste%2F&amp;title=Goleador+con+ADN+%C2%ABCeleste%C2%BB\">\n<img src=\"https:\/\/labestiadeportiva.com\/lbd\/wp-content\/plugins\/jw-share-this\/digg.png\" alt=\"Share this page via Digg this\" \/>\n<\/a>\n<a target=\"_blank\" href=\"http:\/\/www.facebook.com\/sharer.php?u=https%3A%2F%2Flabestiadeportiva.com%2Flbd%2Fgoleador-con-adn-celeste%2F&amp;t=Goleador+con+ADN+%C2%ABCeleste%C2%BB\">\n<img src=\"https:\/\/labestiadeportiva.com\/lbd\/wp-content\/plugins\/jw-share-this\/fb.png\" alt=\"Share this page via Facebook\" \/>\n<\/a>\n<a target=\"_blank\" href=\"http:\/\/twitter.com\/intent\/tweet?text=I+like+https%3A%2F%2Flabestiadeportiva.com%2Flbd%2Fgoleador-con-adn-celeste%2F&amp;title=Goleador+con+ADN+%C2%ABCeleste%C2%BB\">\n<img src=\"https:\/\/labestiadeportiva.com\/lbd\/wp-content\/plugins\/jw-share-this\/twitter.png\" alt=\"Share this page via Twitter\" \/>\n<\/a>\n<\/div>\n","protected":false},"excerpt":{"rendered":"<p>La Liga de Desarrollo es una competencia trascendental para la proyecci\u00f3n de los j\u00f3venes del b\u00e1squet argentino y en ella se destaca el santacruce\u00f1o Diego Koch, de Hispano Americano. Fuente y foto Prensa Hispano B\u00e1squet. 1.034 veces le\u00edda Share this:<\/p>\n","protected":false},"author":1,"featured_media":30965,"comment_status":"open","ping_status":"open","sticky":false,"template":"","format":"standard","meta":[],"categories":[2432,6,1],"tags":[171,3695,3778,3660],"_links":{"self":[{"href":"https:\/\/labestiadeportiva.com\/lbd\/wp-json\/wp\/v2\/posts\/30964"}],"collection":[{"href":"https:\/\/labestiadeportiva.com\/lbd\/wp-json\/wp\/v2\/posts"}],"about":[{"href":"https:\/\/labestiadeportiva.com\/lbd\/wp-json\/wp\/v2\/types\/post"}],"author":[{"embeddable":true,"href":"https:\/\/labestiadeportiva.com\/lbd\/wp-json\/wp\/v2\/users\/1"}],"replies":[{"embeddable":true,"href":"https:\/\/labestiadeportiva.com\/lbd\/wp-json\/wp\/v2\/comments?post=30964"}],"version-history":[{"count":2,"href":"https:\/\/labestiadeportiva.com\/lbd\/wp-json\/wp\/v2\/posts\/30964\/revisions"}],"predecessor-version":[{"id":30969,"href":"https:\/\/labestiadeportiva.com\/lbd\/wp-json\/wp\/v2\/posts\/30964\/revisions\/30969"}],"wp:featuredmedia":[{"embeddable":true,"href":"https:\/\/labestiadeportiva.com\/lbd\/wp-json\/wp\/v2\/media\/30965"}],"wp:attachment":[{"href":"https:\/\/labestiadeportiva.com\/lbd\/wp-json\/wp\/v2\/media?parent=30964"}],"wp:term":[{"taxonomy":"category","embeddable":true,"href":"https:\/\/labestiadeportiva.com\/lbd\/wp-json\/wp\/v2\/categories?post=30964"},{"taxonomy":"post_tag","embeddable":true,"href":"https:\/\/labestiadeportiva.com\/lbd\/wp-json\/wp\/v2\/tags?post=30964"}],"curies":[{"name":"wp","href":"https:\/\/api.w.org\/{rel}","templated":true}]}}