{"id":30982,"date":"2019-01-21T23:56:55","date_gmt":"2019-01-22T02:56:55","guid":{"rendered":"http:\/\/labestiadeportiva.com\/lbd\/?p=30982"},"modified":"2019-01-21T23:59:13","modified_gmt":"2019-01-22T02:59:13","slug":"dos-triunfos-finales-y-puesto-17","status":"publish","type":"post","link":"https:\/\/labestiadeportiva.com\/lbd\/dos-triunfos-finales-y-puesto-17\/","title":{"rendered":"Dos triunfos finales y puesto 17"},"content":{"rendered":"<p>Por Agust\u00edn \u00abColo\u00bb Aguirre (Corresponsal LBD en La Pampa)<\/p>\n<p><a href=\"http:\/\/labestiadeportiva.com\/lbd\/wp-content\/uploads\/2019\/01\/50793979_10218983561999444_821405769441214464_o-1024x665.jpg\"><img loading=\"lazy\" src=\"http:\/\/labestiadeportiva.com\/lbd\/wp-content\/uploads\/2019\/01\/50793979_10218983561999444_821405769441214464_o-1024x665-300x195.jpg\" alt=\"50793979_10218983561999444_821405769441214464_o-1024x665\" width=\"300\" height=\"195\" class=\"aligncenter size-medium wp-image-30983\" srcset=\"https:\/\/labestiadeportiva.com\/lbd\/wp-content\/uploads\/2019\/01\/50793979_10218983561999444_821405769441214464_o-1024x665-300x195.jpg 300w, https:\/\/labestiadeportiva.com\/lbd\/wp-content\/uploads\/2019\/01\/50793979_10218983561999444_821405769441214464_o-1024x665.jpg 1024w\" sizes=\"(max-width: 300px) 100vw, 300px\" \/><\/a>\u00abLos Gladiadores\u00bb ganaron la \u00abCopa Presidente\u00bb finalizando en el puesto 17. Vencieron en l\u00ednea a Austria y Serbia cerrando de buena manera la participaci\u00f3n mundialista. El nuevo compromiso: Los Panamericanos de Lima en busca de la clasificaci\u00f3n a los JJ.OO.<!--more--><\/p>\n<p>El partido ante Austria arranc\u00f3 sumamente complicado en los primeros 20 minutos, Argentina no estaba fino en ataque, ni en defensa.<\/p>\n<p>Perdi\u00f3 7 pelotas, 6 de ellas por manejo y malos pases, asimismo no pod\u00eda contener a Tob\u00edas Wagner, de esta forma los europeos se escapaban en el marcador por 9 a 4. <\/p>\n<p>Crivelli fue la clave para la recuperaci\u00f3n, y tan solo solo en 7 minutos clavaron 6 goles para empatar en 10.<\/p>\n<p>Apareci\u00f3 Maciel abajo de los 3 palos, para irse al descanso en tablas en 12. <\/p>\n<p>El complemento fue palo a palo, Argentina domin\u00f3 de principio a fin, salvo un lapso de dos minutos, en que los europes fueron arriba 17 a 16.<\/p>\n<p>Los de Cadenas manejaron las acciones, Maciel se agigant\u00f3, le ataj\u00f3 un penal clave a Bilyk para empatar el partido y asi con dos goles uno de \u00abSeba\u00bb Simonet y Moscariello, logr\u00f3 el triunfo 24 a 22, el pr\u00f3ximo rival, Serbia en la despedida por el puesto \u00a017.<\/p>\n<p>Otro triunfo ante un europeo<\/p>\n<p>Tocaba Serbia, es verdad que no por el Main Round, que era lo que se quer\u00eda, pero \u00abLos Gladiadores\u00bb, se tomaron el partido con la responsabilidad y profesionalismo de siempre.<\/p>\n<p>El compromiso empez\u00f3 muy cuesta arriba, el 6-0 en defensa de los europeos, era algo que Argentina no pod\u00eda destrabar.<\/p>\n<p>Muchas p\u00e9rdidas y contragolpes en contra para poner el partido 7-3 de la mano de Kukic.<\/p>\n<p>Manolo pidi\u00f3 OT, y cuando regresaron a la cancha la selecci\u00f3n era otra, meti\u00f3 un parcial de 4-0 y empat\u00f3 en 7 las acciones.<\/p>\n<p>A partir de all\u00ed todo fue equilibrado, \u00abFede\u00bb Fern\u00e1ndez empez\u00f3 a manejar el ataque desde la primera l\u00ednea junto a Crivelli, Serbia se iba arriba al descanso 15 a 13.<\/p>\n<p>El segundo tiempo fue un calco del primero, Llic manten\u00eda la ventaja de 3\/4 goles para los serbios, pero de a poco \u00abLos Gladiadores\u00bb empezaron a levantar en defensa,Moscariello y Bonano Calves, mientras que Juan Pablo Fern\u00e1ndez, uno de los que menos hab\u00eda jugado, fueron claves para dar vuelta el match 25 a 24.<\/p>\n<p>Con 7 minutos por jugar, otra vez aparecieron los baches, un parcial de 4 a 1 hizo que nuevamente la cosa se pusiera cuesta arriba.<\/p>\n<p>El tanteador marcaba 28-26 cuando tan solo quedaban 4 minutos por jugar. Argentina defendi\u00f3 de nuevo y el partido volvi\u00f3 a quedar igualado de la mano de Crivelli.<\/p>\n<p>Tiempo muerto y pelota para los serbios, el dt argentino planific\u00f3 la defensa, di\u00f3 efecto, Moscariello provoc\u00f3 un foul en ataque y una gran jugado de JP Fern\u00e1ndez, Crivelli y Baronetto hacian que la seleccion este al frente 29 a 28.<\/p>\n<p>Defendi\u00f3 muy bien la \u00faltima pelota y \u00abFede\u00bb Fern\u00e1ndez corri\u00f3 para darle el triunfo a los argentinos 30 a 28 y  finalizar en el puesto n\u00famero 17.<br \/>\n<a href=\"http:\/\/labestiadeportiva.com\/lbd\/wp-content\/uploads\/2019\/01\/FB_IMG_1547943802628.jpg\"><img loading=\"lazy\" src=\"http:\/\/labestiadeportiva.com\/lbd\/wp-content\/uploads\/2019\/01\/FB_IMG_1547943802628-300x212.jpg\" alt=\"FB_IMG_1547943802628\" width=\"300\" height=\"212\" class=\"aligncenter size-medium wp-image-30984\" srcset=\"https:\/\/labestiadeportiva.com\/lbd\/wp-content\/uploads\/2019\/01\/FB_IMG_1547943802628-300x212.jpg 300w, https:\/\/labestiadeportiva.com\/lbd\/wp-content\/uploads\/2019\/01\/FB_IMG_1547943802628.jpg 960w\" sizes=\"(max-width: 300px) 100vw, 300px\" \/><\/a><\/p>\n<div class='epvc-post-count'><span class='epvc-eye'><\/span>  <span class=\"epvc-count\"> 1.192<\/span><span class='epvc-label'> veces le\u00edda<\/span><\/div>\n<div class=\"jwsharethis\">\nShare this: \n<br \/>\n<a href=\"mailto:?subject=Dos%20triunfos%20finales%20y%20puesto%2017&amp;body=https%3A%2F%2Flabestiadeportiva.com%2Flbd%2Fdos-triunfos-finales-y-puesto-17%2F\">\n<img src=\"https:\/\/labestiadeportiva.com\/lbd\/wp-content\/plugins\/jw-share-this\/email.png\" alt=\"Share this page via Email\" \/>\n<\/a>\n<a target=\"_blank\" href=\"http:\/\/www.stumbleupon.com\/submit?url=https%3A%2F%2Flabestiadeportiva.com%2Flbd%2Fdos-triunfos-finales-y-puesto-17%2F&amp;title=Dos+triunfos+finales+y+puesto+17\">\n<img src=\"https:\/\/labestiadeportiva.com\/lbd\/wp-content\/plugins\/jw-share-this\/su.png\" alt=\"Share this page via Stumble Upon\" \/>\n<\/a>\n<a target=\"_blank\" href=\"http:\/\/digg.com\/submit?url=https%3A%2F%2Flabestiadeportiva.com%2Flbd%2Fdos-triunfos-finales-y-puesto-17%2F&amp;title=Dos+triunfos+finales+y+puesto+17\">\n<img src=\"https:\/\/labestiadeportiva.com\/lbd\/wp-content\/plugins\/jw-share-this\/digg.png\" alt=\"Share this page via Digg this\" \/>\n<\/a>\n<a target=\"_blank\" href=\"http:\/\/www.facebook.com\/sharer.php?u=https%3A%2F%2Flabestiadeportiva.com%2Flbd%2Fdos-triunfos-finales-y-puesto-17%2F&amp;t=Dos+triunfos+finales+y+puesto+17\">\n<img src=\"https:\/\/labestiadeportiva.com\/lbd\/wp-content\/plugins\/jw-share-this\/fb.png\" alt=\"Share this page via Facebook\" \/>\n<\/a>\n<a target=\"_blank\" href=\"http:\/\/twitter.com\/intent\/tweet?text=I+like+https%3A%2F%2Flabestiadeportiva.com%2Flbd%2Fdos-triunfos-finales-y-puesto-17%2F&amp;title=Dos+triunfos+finales+y+puesto+17\">\n<img src=\"https:\/\/labestiadeportiva.com\/lbd\/wp-content\/plugins\/jw-share-this\/twitter.png\" alt=\"Share this page via Twitter\" \/>\n<\/a>\n<\/div>\n","protected":false},"excerpt":{"rendered":"<p>Por Agust\u00edn \u00abColo\u00bb Aguirre (Corresponsal LBD en La Pampa) \u00abLos Gladiadores\u00bb ganaron la \u00abCopa Presidente\u00bb finalizando en el puesto 17. Vencieron en l\u00ednea a Austria y Serbia cerrando de buena manera la participaci\u00f3n mundialista. El nuevo compromiso: Los Panamericanos de Lima en busca de la clasificaci\u00f3n a los JJ.OO. 1.192 veces le\u00edda Share this:<\/p>\n","protected":false},"author":1,"featured_media":30983,"comment_status":"open","ping_status":"open","sticky":false,"template":"","format":"standard","meta":[],"categories":[4,6,2286,1],"tags":[3774,13,211,3660],"_links":{"self":[{"href":"https:\/\/labestiadeportiva.com\/lbd\/wp-json\/wp\/v2\/posts\/30982"}],"collection":[{"href":"https:\/\/labestiadeportiva.com\/lbd\/wp-json\/wp\/v2\/posts"}],"about":[{"href":"https:\/\/labestiadeportiva.com\/lbd\/wp-json\/wp\/v2\/types\/post"}],"author":[{"embeddable":true,"href":"https:\/\/labestiadeportiva.com\/lbd\/wp-json\/wp\/v2\/users\/1"}],"replies":[{"embeddable":true,"href":"https:\/\/labestiadeportiva.com\/lbd\/wp-json\/wp\/v2\/comments?post=30982"}],"version-history":[{"count":1,"href":"https:\/\/labestiadeportiva.com\/lbd\/wp-json\/wp\/v2\/posts\/30982\/revisions"}],"predecessor-version":[{"id":30985,"href":"https:\/\/labestiadeportiva.com\/lbd\/wp-json\/wp\/v2\/posts\/30982\/revisions\/30985"}],"wp:featuredmedia":[{"embeddable":true,"href":"https:\/\/labestiadeportiva.com\/lbd\/wp-json\/wp\/v2\/media\/30983"}],"wp:attachment":[{"href":"https:\/\/labestiadeportiva.com\/lbd\/wp-json\/wp\/v2\/media?parent=30982"}],"wp:term":[{"taxonomy":"category","embeddable":true,"href":"https:\/\/labestiadeportiva.com\/lbd\/wp-json\/wp\/v2\/categories?post=30982"},{"taxonomy":"post_tag","embeddable":true,"href":"https:\/\/labestiadeportiva.com\/lbd\/wp-json\/wp\/v2\/tags?post=30982"}],"curies":[{"name":"wp","href":"https:\/\/api.w.org\/{rel}","templated":true}]}}