{"id":31070,"date":"2019-01-29T22:49:34","date_gmt":"2019-01-30T01:49:34","guid":{"rendered":"http:\/\/labestiadeportiva.com\/lbd\/?p=31070"},"modified":"2019-01-29T22:49:34","modified_gmt":"2019-01-30T01:49:34","slug":"hexagonal-debut-y-derrota","status":"publish","type":"post","link":"https:\/\/labestiadeportiva.com\/lbd\/hexagonal-debut-y-derrota\/","title":{"rendered":"Hexagonal, debut y derrota"},"content":{"rendered":"<p>Por Javier Nicol\u00e1s Baroli (Corresponsal LBD en R\u00edo Gallegos)<\/p>\n<p><a href=\"http:\/\/labestiadeportiva.com\/lbd\/wp-content\/uploads\/2019\/01\/IMG-20190129-WA0094.jpg\"><img loading=\"lazy\" class=\"aligncenter size-medium wp-image-31071\" src=\"http:\/\/labestiadeportiva.com\/lbd\/wp-content\/uploads\/2019\/01\/IMG-20190129-WA0094-300x200.jpg\" alt=\"IMG-20190129-WA0094\" width=\"300\" height=\"200\" srcset=\"https:\/\/labestiadeportiva.com\/lbd\/wp-content\/uploads\/2019\/01\/IMG-20190129-WA0094-300x200.jpg 300w, https:\/\/labestiadeportiva.com\/lbd\/wp-content\/uploads\/2019\/01\/IMG-20190129-WA0094-1024x683.jpg 1024w, https:\/\/labestiadeportiva.com\/lbd\/wp-content\/uploads\/2019\/01\/IMG-20190129-WA0094.jpg 1032w\" sizes=\"(max-width: 300px) 100vw, 300px\" \/><\/a>Comenz\u00f3 la fase definitoria del Sudamericano Sub 20 frente a un rival conocido como lo es Ecuador. Fue ca\u00edda de la selecci\u00f3n nacional por 2 a 1.<!--more--><\/p>\n<p>Argentina empez\u00f3 con el pie izquierdo la fase final del certamen que otorga 3 plazas para el mundial de la categor\u00eda que se est\u00e1 desarrollando en Chile. Fue derrota al igual que en la fase regular por la m\u00ednima.<\/p>\n<p>Si bien mereci\u00f3 mejor suerte y rescatar por lo menos un empate, los dirigidos por Batista se quedan con las manos vac\u00edas.<\/p>\n<p>Si bien las chances est\u00e1n intactas ya que quedan 4 juegos por delante, queda el sin sabor de haber ca\u00eddo ante un rival ya conocido por los juveniles nacionales.<\/p>\n<p>Llamativamente la selecci\u00f3n Nacional hab\u00eda comenzado ganando, con un gol de tiro libre de Almada.<\/p>\n<p>Sin embargo cedi\u00f3 la iniciativa a su rival quien termin\u00f3 dando vuelta el resultado. Argentina tendr\u00e1 que dar r\u00e1pidamente vuelta a la p\u00e1gina ya que el viernes a partir de las 17:10 tendr\u00e1 revancha ante Colombia en una nueva fecha del hexagonal final.<\/p>\n<div class='epvc-post-count'><span class='epvc-eye'><\/span>  <span class=\"epvc-count\"> 1.381<\/span><span class='epvc-label'> veces le\u00edda<\/span><\/div>\n<div class=\"jwsharethis\">\nShare this: \n<br \/>\n<a href=\"mailto:?subject=Hexagonal%2C%20debut%20y%20derrota&amp;body=https%3A%2F%2Flabestiadeportiva.com%2Flbd%2Fhexagonal-debut-y-derrota%2F\">\n<img src=\"https:\/\/labestiadeportiva.com\/lbd\/wp-content\/plugins\/jw-share-this\/email.png\" alt=\"Share this page via Email\" \/>\n<\/a>\n<a target=\"_blank\" href=\"http:\/\/www.stumbleupon.com\/submit?url=https%3A%2F%2Flabestiadeportiva.com%2Flbd%2Fhexagonal-debut-y-derrota%2F&amp;title=Hexagonal%2C+debut+y+derrota\">\n<img src=\"https:\/\/labestiadeportiva.com\/lbd\/wp-content\/plugins\/jw-share-this\/su.png\" alt=\"Share this page via Stumble Upon\" \/>\n<\/a>\n<a target=\"_blank\" href=\"http:\/\/digg.com\/submit?url=https%3A%2F%2Flabestiadeportiva.com%2Flbd%2Fhexagonal-debut-y-derrota%2F&amp;title=Hexagonal%2C+debut+y+derrota\">\n<img src=\"https:\/\/labestiadeportiva.com\/lbd\/wp-content\/plugins\/jw-share-this\/digg.png\" alt=\"Share this page via Digg this\" \/>\n<\/a>\n<a target=\"_blank\" href=\"http:\/\/www.facebook.com\/sharer.php?u=https%3A%2F%2Flabestiadeportiva.com%2Flbd%2Fhexagonal-debut-y-derrota%2F&amp;t=Hexagonal%2C+debut+y+derrota\">\n<img src=\"https:\/\/labestiadeportiva.com\/lbd\/wp-content\/plugins\/jw-share-this\/fb.png\" alt=\"Share this page via Facebook\" \/>\n<\/a>\n<a target=\"_blank\" href=\"http:\/\/twitter.com\/intent\/tweet?text=I+like+https%3A%2F%2Flabestiadeportiva.com%2Flbd%2Fhexagonal-debut-y-derrota%2F&amp;title=Hexagonal%2C+debut+y+derrota\">\n<img src=\"https:\/\/labestiadeportiva.com\/lbd\/wp-content\/plugins\/jw-share-this\/twitter.png\" alt=\"Share this page via Twitter\" \/>\n<\/a>\n<\/div>\n","protected":false},"excerpt":{"rendered":"<p>Por Javier Nicol\u00e1s Baroli (Corresponsal LBD en R\u00edo Gallegos) Comenz\u00f3 la fase definitoria del Sudamericano Sub 20 frente a un rival conocido como lo es Ecuador. Fue ca\u00edda de la selecci\u00f3n nacional por 2 a 1. 1.381 veces le\u00edda Share this:<\/p>\n","protected":false},"author":1,"featured_media":31071,"comment_status":"open","ping_status":"open","sticky":false,"template":"","format":"standard","meta":[],"categories":[4,6,1930,1],"tags":[3779,17,354],"_links":{"self":[{"href":"https:\/\/labestiadeportiva.com\/lbd\/wp-json\/wp\/v2\/posts\/31070"}],"collection":[{"href":"https:\/\/labestiadeportiva.com\/lbd\/wp-json\/wp\/v2\/posts"}],"about":[{"href":"https:\/\/labestiadeportiva.com\/lbd\/wp-json\/wp\/v2\/types\/post"}],"author":[{"embeddable":true,"href":"https:\/\/labestiadeportiva.com\/lbd\/wp-json\/wp\/v2\/users\/1"}],"replies":[{"embeddable":true,"href":"https:\/\/labestiadeportiva.com\/lbd\/wp-json\/wp\/v2\/comments?post=31070"}],"version-history":[{"count":1,"href":"https:\/\/labestiadeportiva.com\/lbd\/wp-json\/wp\/v2\/posts\/31070\/revisions"}],"predecessor-version":[{"id":31072,"href":"https:\/\/labestiadeportiva.com\/lbd\/wp-json\/wp\/v2\/posts\/31070\/revisions\/31072"}],"wp:featuredmedia":[{"embeddable":true,"href":"https:\/\/labestiadeportiva.com\/lbd\/wp-json\/wp\/v2\/media\/31071"}],"wp:attachment":[{"href":"https:\/\/labestiadeportiva.com\/lbd\/wp-json\/wp\/v2\/media?parent=31070"}],"wp:term":[{"taxonomy":"category","embeddable":true,"href":"https:\/\/labestiadeportiva.com\/lbd\/wp-json\/wp\/v2\/categories?post=31070"},{"taxonomy":"post_tag","embeddable":true,"href":"https:\/\/labestiadeportiva.com\/lbd\/wp-json\/wp\/v2\/tags?post=31070"}],"curies":[{"name":"wp","href":"https:\/\/api.w.org\/{rel}","templated":true}]}}