{"id":31076,"date":"2019-01-31T22:40:43","date_gmt":"2019-02-01T01:40:43","guid":{"rendered":"http:\/\/labestiadeportiva.com\/lbd\/?p=31076"},"modified":"2019-01-31T22:40:43","modified_gmt":"2019-02-01T01:40:43","slug":"jeremias-easterling-nueva-ficha-de-hispano","status":"publish","type":"post","link":"https:\/\/labestiadeportiva.com\/lbd\/jeremias-easterling-nueva-ficha-de-hispano\/","title":{"rendered":"Jerem\u00edas Easterling, nueva ficha de Hispano"},"content":{"rendered":"<p><a href=\"http:\/\/labestiadeportiva.com\/lbd\/wp-content\/uploads\/2019\/01\/482c2440-cd1c-4203-8745-2660ee07517f.jpg\"><img loading=\"lazy\" class=\"aligncenter size-medium wp-image-31077\" src=\"http:\/\/labestiadeportiva.com\/lbd\/wp-content\/uploads\/2019\/01\/482c2440-cd1c-4203-8745-2660ee07517f-280x300.jpg\" alt=\"482c2440-cd1c-4203-8745-2660ee07517f\" width=\"280\" height=\"300\" srcset=\"https:\/\/labestiadeportiva.com\/lbd\/wp-content\/uploads\/2019\/01\/482c2440-cd1c-4203-8745-2660ee07517f-280x300.jpg 280w, https:\/\/labestiadeportiva.com\/lbd\/wp-content\/uploads\/2019\/01\/482c2440-cd1c-4203-8745-2660ee07517f-957x1024.jpg 957w, https:\/\/labestiadeportiva.com\/lbd\/wp-content\/uploads\/2019\/01\/482c2440-cd1c-4203-8745-2660ee07517f.jpg 1031w\" sizes=\"(max-width: 280px) 100vw, 280px\" \/><\/a>Ya se encuentra en Rio Gallegos el juvenil oriundo de la ciudad de La Plata, hijo de Stanley Easterling, quien fuera figura en Gimnasia de Comodoro y de una extensa carrera en el b\u00e1squet argentino. El plantel de Liga de Desarrollo \u00abCeleste\u00bb tiene una nueva cara que buscar\u00e1 reforzar, fundamentalmente, la zona pintada del equipo. Fuente y foto Prensa Hispano B\u00e1squet.<!--more--><\/p>\n<p>Se trata de Jeremias Easterling, jugador que con sus 2 metros de altura, se define como:<\/p>\n<p>\u201cun jugador con una gran versatilidad, soy muy atl\u00e9tico, tengo un buen tiro de media distancia, me gusta defender, soy un gran rebotero, salto 101 cm, que puedo ocupar las posiciones de 3, 4 y 5\u201d.<\/p>\n<p>Sobre su llegada el jugador se\u00f1al\u00f3:<\/p>\n<p>\u201cmi agente se comunic\u00f3 con Marcelo (Richotti), cuando escuch\u00f3 mi nombre dijo que hab\u00eda jugado con mi pap\u00e1, le enviaron unos v\u00eddeos, les gust\u00f3 y me trajeron\u00bb.<\/p>\n<p>Jerem\u00edas con sus j\u00f3venes 22 a\u00f1os ser\u00e1 una de las fichas U23 en el Hispano Americano para jugar en la Liga Desarrollo y tambi\u00e9n ser\u00e1 parte en el equipo de la Liga Nacional.<\/p>\n<p>En el 2010, con tan solo 14 a\u00f1os, se fue a vivir a los Estados Unidos, los primeros dos a\u00f1os jug\u00f3 en la Universidad de Sandhills (NJCAA), en la que promedi\u00f3 13 puntos y 12 rebotes en 24 minutos, por su nivel le permiti\u00f3 terminar rankeado 4\u00ba en todo el pa\u00eds, as\u00ed como ser elegido mejor jugador de la conferencia y de la zona.<\/p>\n<p>Sus \u00faltimos pasos los dio en la Universidad de St. Andrews en la Divisi\u00f3n II.<\/p>\n<p>\u00abtratar\u00e9 de mejorar d\u00eda a d\u00eda y de aportarle lo mejor que pueda al equipo\u00bb, cerr\u00f3 el joven oriundo de San Nicol\u00e1s, que estuvo siguiendo de cerca el presente de su nuevo equipo.<\/p>\n<div class='epvc-post-count'><span class='epvc-eye'><\/span>  <span class=\"epvc-count\"> 1.221<\/span><span class='epvc-label'> veces le\u00edda<\/span><\/div>\n<div class=\"jwsharethis\">\nShare this: \n<br \/>\n<a href=\"mailto:?subject=Jerem%C3%ADas%20Easterling%2C%20nueva%20ficha%20de%20Hispano&amp;body=https%3A%2F%2Flabestiadeportiva.com%2Flbd%2Fjeremias-easterling-nueva-ficha-de-hispano%2F\">\n<img src=\"https:\/\/labestiadeportiva.com\/lbd\/wp-content\/plugins\/jw-share-this\/email.png\" alt=\"Share this page via Email\" \/>\n<\/a>\n<a target=\"_blank\" href=\"http:\/\/www.stumbleupon.com\/submit?url=https%3A%2F%2Flabestiadeportiva.com%2Flbd%2Fjeremias-easterling-nueva-ficha-de-hispano%2F&amp;title=Jerem%C3%ADas+Easterling%2C+nueva+ficha+de+Hispano\">\n<img src=\"https:\/\/labestiadeportiva.com\/lbd\/wp-content\/plugins\/jw-share-this\/su.png\" alt=\"Share this page via Stumble Upon\" \/>\n<\/a>\n<a target=\"_blank\" href=\"http:\/\/digg.com\/submit?url=https%3A%2F%2Flabestiadeportiva.com%2Flbd%2Fjeremias-easterling-nueva-ficha-de-hispano%2F&amp;title=Jerem%C3%ADas+Easterling%2C+nueva+ficha+de+Hispano\">\n<img src=\"https:\/\/labestiadeportiva.com\/lbd\/wp-content\/plugins\/jw-share-this\/digg.png\" alt=\"Share this page via Digg this\" \/>\n<\/a>\n<a target=\"_blank\" href=\"http:\/\/www.facebook.com\/sharer.php?u=https%3A%2F%2Flabestiadeportiva.com%2Flbd%2Fjeremias-easterling-nueva-ficha-de-hispano%2F&amp;t=Jerem%C3%ADas+Easterling%2C+nueva+ficha+de+Hispano\">\n<img src=\"https:\/\/labestiadeportiva.com\/lbd\/wp-content\/plugins\/jw-share-this\/fb.png\" alt=\"Share this page via Facebook\" \/>\n<\/a>\n<a target=\"_blank\" href=\"http:\/\/twitter.com\/intent\/tweet?text=I+like+https%3A%2F%2Flabestiadeportiva.com%2Flbd%2Fjeremias-easterling-nueva-ficha-de-hispano%2F&amp;title=Jerem%C3%ADas+Easterling%2C+nueva+ficha+de+Hispano\">\n<img src=\"https:\/\/labestiadeportiva.com\/lbd\/wp-content\/plugins\/jw-share-this\/twitter.png\" alt=\"Share this page via Twitter\" \/>\n<\/a>\n<\/div>\n","protected":false},"excerpt":{"rendered":"<p>Ya se encuentra en Rio Gallegos el juvenil oriundo de la ciudad de La Plata, hijo de Stanley Easterling, quien fuera figura en Gimnasia de Comodoro y de una extensa carrera en el b\u00e1squet argentino. El plantel de Liga de Desarrollo \u00abCeleste\u00bb tiene una nueva cara que buscar\u00e1 reforzar, fundamentalmente, la zona pintada del equipo. &hellip; <a href=\"https:\/\/labestiadeportiva.com\/lbd\/jeremias-easterling-nueva-ficha-de-hispano\/\" class=\"more-link\">Seguir leyendo <span class=\"screen-reader-text\">Jerem\u00edas Easterling, nueva ficha de Hispano<\/span> <span class=\"meta-nav\">&rarr;<\/span><\/a><\/p>\n","protected":false},"author":1,"featured_media":31077,"comment_status":"open","ping_status":"open","sticky":false,"template":"","format":"standard","meta":[],"categories":[410,6,1],"tags":[171,3120,3778,3660],"_links":{"self":[{"href":"https:\/\/labestiadeportiva.com\/lbd\/wp-json\/wp\/v2\/posts\/31076"}],"collection":[{"href":"https:\/\/labestiadeportiva.com\/lbd\/wp-json\/wp\/v2\/posts"}],"about":[{"href":"https:\/\/labestiadeportiva.com\/lbd\/wp-json\/wp\/v2\/types\/post"}],"author":[{"embeddable":true,"href":"https:\/\/labestiadeportiva.com\/lbd\/wp-json\/wp\/v2\/users\/1"}],"replies":[{"embeddable":true,"href":"https:\/\/labestiadeportiva.com\/lbd\/wp-json\/wp\/v2\/comments?post=31076"}],"version-history":[{"count":1,"href":"https:\/\/labestiadeportiva.com\/lbd\/wp-json\/wp\/v2\/posts\/31076\/revisions"}],"predecessor-version":[{"id":31078,"href":"https:\/\/labestiadeportiva.com\/lbd\/wp-json\/wp\/v2\/posts\/31076\/revisions\/31078"}],"wp:featuredmedia":[{"embeddable":true,"href":"https:\/\/labestiadeportiva.com\/lbd\/wp-json\/wp\/v2\/media\/31077"}],"wp:attachment":[{"href":"https:\/\/labestiadeportiva.com\/lbd\/wp-json\/wp\/v2\/media?parent=31076"}],"wp:term":[{"taxonomy":"category","embeddable":true,"href":"https:\/\/labestiadeportiva.com\/lbd\/wp-json\/wp\/v2\/categories?post=31076"},{"taxonomy":"post_tag","embeddable":true,"href":"https:\/\/labestiadeportiva.com\/lbd\/wp-json\/wp\/v2\/tags?post=31076"}],"curies":[{"name":"wp","href":"https:\/\/api.w.org\/{rel}","templated":true}]}}