{"id":31152,"date":"2019-02-05T16:11:11","date_gmt":"2019-02-05T19:11:11","guid":{"rendered":"http:\/\/labestiadeportiva.com\/lbd\/?p=31152"},"modified":"2019-02-05T16:17:33","modified_gmt":"2019-02-05T19:17:33","slug":"queremos-jugar-contra-river-con-este-plantel-aunque-el-partido-todavia-no-tiene-fecha","status":"publish","type":"post","link":"https:\/\/labestiadeportiva.com\/lbd\/queremos-jugar-contra-river-con-este-plantel-aunque-el-partido-todavia-no-tiene-fecha\/","title":{"rendered":"\u00abQueremos jugar contra River con este plantel, aunque el partido todav\u00eda no tiene fecha\u00bb (Audio)"},"content":{"rendered":"<p>Se sorte\u00f3 la Copa Argentina 2019. El Club Atl\u00e9tico River Plate iniciar\u00e1 su marcha ante Argentino de Merlo. All\u00ed se desempe\u00f1a el ushuaiense Lucas Baz\u00e1n. Esta grata noticia, detalles, su presente y futuro en la entrevista lograda por LBD este lunes con el defensor fueguino.<!--more--><\/p>\n<p>https:\/\/youtu.be\/PymrLdu0s4I<\/p>\n<div class='epvc-post-count'><span class='epvc-eye'><\/span>  <span class=\"epvc-count\"> 1.135<\/span><span class='epvc-label'> veces le\u00edda<\/span><\/div>\n<div class=\"jwsharethis\">\nShare this: \n<br \/>\n<a href=\"mailto:?subject=%C2%ABQueremos%20jugar%20contra%20River%20con%20este%20plantel%2C%20aunque%20el%20partido%20todav%C3%ADa%20no%20tiene%20fecha%C2%BB%20%28Audio%29&amp;body=https%3A%2F%2Flabestiadeportiva.com%2Flbd%2Fqueremos-jugar-contra-river-con-este-plantel-aunque-el-partido-todavia-no-tiene-fecha%2F\">\n<img src=\"https:\/\/labestiadeportiva.com\/lbd\/wp-content\/plugins\/jw-share-this\/email.png\" alt=\"Share this page via Email\" \/>\n<\/a>\n<a target=\"_blank\" href=\"http:\/\/www.stumbleupon.com\/submit?url=https%3A%2F%2Flabestiadeportiva.com%2Flbd%2Fqueremos-jugar-contra-river-con-este-plantel-aunque-el-partido-todavia-no-tiene-fecha%2F&amp;title=%C2%ABQueremos+jugar+contra+River+con+este+plantel%2C+aunque+el+partido+todav%C3%ADa+no+tiene+fecha%C2%BB+%28Audio%29\">\n<img src=\"https:\/\/labestiadeportiva.com\/lbd\/wp-content\/plugins\/jw-share-this\/su.png\" alt=\"Share this page via Stumble Upon\" \/>\n<\/a>\n<a target=\"_blank\" href=\"http:\/\/digg.com\/submit?url=https%3A%2F%2Flabestiadeportiva.com%2Flbd%2Fqueremos-jugar-contra-river-con-este-plantel-aunque-el-partido-todavia-no-tiene-fecha%2F&amp;title=%C2%ABQueremos+jugar+contra+River+con+este+plantel%2C+aunque+el+partido+todav%C3%ADa+no+tiene+fecha%C2%BB+%28Audio%29\">\n<img src=\"https:\/\/labestiadeportiva.com\/lbd\/wp-content\/plugins\/jw-share-this\/digg.png\" alt=\"Share this page via Digg this\" \/>\n<\/a>\n<a target=\"_blank\" href=\"http:\/\/www.facebook.com\/sharer.php?u=https%3A%2F%2Flabestiadeportiva.com%2Flbd%2Fqueremos-jugar-contra-river-con-este-plantel-aunque-el-partido-todavia-no-tiene-fecha%2F&amp;t=%C2%ABQueremos+jugar+contra+River+con+este+plantel%2C+aunque+el+partido+todav%C3%ADa+no+tiene+fecha%C2%BB+%28Audio%29\">\n<img src=\"https:\/\/labestiadeportiva.com\/lbd\/wp-content\/plugins\/jw-share-this\/fb.png\" alt=\"Share this page via Facebook\" \/>\n<\/a>\n<a target=\"_blank\" href=\"http:\/\/twitter.com\/intent\/tweet?text=I+like+https%3A%2F%2Flabestiadeportiva.com%2Flbd%2Fqueremos-jugar-contra-river-con-este-plantel-aunque-el-partido-todavia-no-tiene-fecha%2F&amp;title=%C2%ABQueremos+jugar+contra+River+con+este+plantel%2C+aunque+el+partido+todav%C3%ADa+no+tiene+fecha%C2%BB+%28Audio%29\">\n<img src=\"https:\/\/labestiadeportiva.com\/lbd\/wp-content\/plugins\/jw-share-this\/twitter.png\" alt=\"Share this page via Twitter\" \/>\n<\/a>\n<\/div>\n","protected":false},"excerpt":{"rendered":"<p>Se sorte\u00f3 la Copa Argentina 2019. El Club Atl\u00e9tico River Plate iniciar\u00e1 su marcha ante Argentino de Merlo. All\u00ed se desempe\u00f1a el ushuaiense Lucas Baz\u00e1n. Esta grata noticia, detalles, su presente y futuro en la entrevista lograda por LBD este lunes con el defensor fueguino. 1.135 veces le\u00edda Share this:<\/p>\n","protected":false},"author":1,"featured_media":31153,"comment_status":"open","ping_status":"open","sticky":false,"template":"","format":"standard","meta":[],"categories":[5,6,60,3749,1],"tags":[1387,4838,17,405,3660],"_links":{"self":[{"href":"https:\/\/labestiadeportiva.com\/lbd\/wp-json\/wp\/v2\/posts\/31152"}],"collection":[{"href":"https:\/\/labestiadeportiva.com\/lbd\/wp-json\/wp\/v2\/posts"}],"about":[{"href":"https:\/\/labestiadeportiva.com\/lbd\/wp-json\/wp\/v2\/types\/post"}],"author":[{"embeddable":true,"href":"https:\/\/labestiadeportiva.com\/lbd\/wp-json\/wp\/v2\/users\/1"}],"replies":[{"embeddable":true,"href":"https:\/\/labestiadeportiva.com\/lbd\/wp-json\/wp\/v2\/comments?post=31152"}],"version-history":[{"count":2,"href":"https:\/\/labestiadeportiva.com\/lbd\/wp-json\/wp\/v2\/posts\/31152\/revisions"}],"predecessor-version":[{"id":31156,"href":"https:\/\/labestiadeportiva.com\/lbd\/wp-json\/wp\/v2\/posts\/31152\/revisions\/31156"}],"wp:featuredmedia":[{"embeddable":true,"href":"https:\/\/labestiadeportiva.com\/lbd\/wp-json\/wp\/v2\/media\/31153"}],"wp:attachment":[{"href":"https:\/\/labestiadeportiva.com\/lbd\/wp-json\/wp\/v2\/media?parent=31152"}],"wp:term":[{"taxonomy":"category","embeddable":true,"href":"https:\/\/labestiadeportiva.com\/lbd\/wp-json\/wp\/v2\/categories?post=31152"},{"taxonomy":"post_tag","embeddable":true,"href":"https:\/\/labestiadeportiva.com\/lbd\/wp-json\/wp\/v2\/tags?post=31152"}],"curies":[{"name":"wp","href":"https:\/\/api.w.org\/{rel}","templated":true}]}}