{"id":31251,"date":"2019-02-15T18:18:28","date_gmt":"2019-02-15T21:18:28","guid":{"rendered":"http:\/\/labestiadeportiva.com\/lbd\/?p=31251"},"modified":"2019-02-15T18:19:41","modified_gmt":"2019-02-15T21:19:41","slug":"el-presupuesto-nacional-no-alcanza-esperamos-que-revelan-la-situacion-audio","status":"publish","type":"post","link":"https:\/\/labestiadeportiva.com\/lbd\/el-presupuesto-nacional-no-alcanza-esperamos-que-revelan-la-situacion-audio\/","title":{"rendered":"\u00abEl presupuesto nacional no alcanza, esperemos que revean la situaci\u00f3n\u00bb (Audio)"},"content":{"rendered":"<p><a href=\"http:\/\/labestiadeportiva.com\/lbd\/wp-content\/uploads\/2019\/02\/IMG-20190214-WA0011.jpg\"><img loading=\"lazy\" src=\"http:\/\/labestiadeportiva.com\/lbd\/wp-content\/uploads\/2019\/02\/IMG-20190214-WA0011-300x200.jpg\" alt=\"IMG-20190214-WA0011\" width=\"300\" height=\"200\" class=\"aligncenter size-medium wp-image-31252\" srcset=\"https:\/\/labestiadeportiva.com\/lbd\/wp-content\/uploads\/2019\/02\/IMG-20190214-WA0011-300x200.jpg 300w, https:\/\/labestiadeportiva.com\/lbd\/wp-content\/uploads\/2019\/02\/IMG-20190214-WA0011.jpg 1024w\" sizes=\"(max-width: 300px) 100vw, 300px\" \/><\/a>D\u00edas atr\u00e1s los m\u00e1ximos responsables deportivos de las provincias formaron parte de la 16\u00ba Convenci\u00f3n Nacional del Deporte realizada en CABA. Encabez\u00f3 la reuni\u00f3 el flamante Director Ejecutivo de la Agencia de Deporte Nacional, Di\u00f3genes de Urquiza. Desde LBD nos contactamos con el profesor Ramiro Bravo en busca de detalles. El exiguo presupuesto nacional, las repercusiones del mismo y la confirmaci\u00f3n de que est\u00e1 situaci\u00f3n no afectar\u00e1 el desarrollo en Tierra del Fuego los principales temas de la charla lograda en la 94.1 FM del Sur.<!--more--><\/p>\n<p>https:\/\/youtu.be\/uJtZYYwCqaA<\/p>\n<div class='epvc-post-count'><span class='epvc-eye'><\/span>  <span class=\"epvc-count\"> 1.183<\/span><span class='epvc-label'> veces le\u00edda<\/span><\/div>\n<div class=\"jwsharethis\">\nShare this: \n<br \/>\n<a href=\"mailto:?subject=%C2%ABEl%20presupuesto%20nacional%20no%20alcanza%2C%20esperemos%20que%20revean%20la%20situaci%C3%B3n%C2%BB%20%28Audio%29&amp;body=https%3A%2F%2Flabestiadeportiva.com%2Flbd%2Fel-presupuesto-nacional-no-alcanza-esperamos-que-revelan-la-situacion-audio%2F\">\n<img src=\"https:\/\/labestiadeportiva.com\/lbd\/wp-content\/plugins\/jw-share-this\/email.png\" alt=\"Share this page via Email\" \/>\n<\/a>\n<a target=\"_blank\" href=\"http:\/\/www.stumbleupon.com\/submit?url=https%3A%2F%2Flabestiadeportiva.com%2Flbd%2Fel-presupuesto-nacional-no-alcanza-esperamos-que-revelan-la-situacion-audio%2F&amp;title=%C2%ABEl+presupuesto+nacional+no+alcanza%2C+esperemos+que+revean+la+situaci%C3%B3n%C2%BB+%28Audio%29\">\n<img src=\"https:\/\/labestiadeportiva.com\/lbd\/wp-content\/plugins\/jw-share-this\/su.png\" alt=\"Share this page via Stumble Upon\" \/>\n<\/a>\n<a target=\"_blank\" href=\"http:\/\/digg.com\/submit?url=https%3A%2F%2Flabestiadeportiva.com%2Flbd%2Fel-presupuesto-nacional-no-alcanza-esperamos-que-revelan-la-situacion-audio%2F&amp;title=%C2%ABEl+presupuesto+nacional+no+alcanza%2C+esperemos+que+revean+la+situaci%C3%B3n%C2%BB+%28Audio%29\">\n<img src=\"https:\/\/labestiadeportiva.com\/lbd\/wp-content\/plugins\/jw-share-this\/digg.png\" alt=\"Share this page via Digg this\" \/>\n<\/a>\n<a target=\"_blank\" href=\"http:\/\/www.facebook.com\/sharer.php?u=https%3A%2F%2Flabestiadeportiva.com%2Flbd%2Fel-presupuesto-nacional-no-alcanza-esperamos-que-revelan-la-situacion-audio%2F&amp;t=%C2%ABEl+presupuesto+nacional+no+alcanza%2C+esperemos+que+revean+la+situaci%C3%B3n%C2%BB+%28Audio%29\">\n<img src=\"https:\/\/labestiadeportiva.com\/lbd\/wp-content\/plugins\/jw-share-this\/fb.png\" alt=\"Share this page via Facebook\" \/>\n<\/a>\n<a target=\"_blank\" href=\"http:\/\/twitter.com\/intent\/tweet?text=I+like+https%3A%2F%2Flabestiadeportiva.com%2Flbd%2Fel-presupuesto-nacional-no-alcanza-esperamos-que-revelan-la-situacion-audio%2F&amp;title=%C2%ABEl+presupuesto+nacional+no+alcanza%2C+esperemos+que+revean+la+situaci%C3%B3n%C2%BB+%28Audio%29\">\n<img src=\"https:\/\/labestiadeportiva.com\/lbd\/wp-content\/plugins\/jw-share-this\/twitter.png\" alt=\"Share this page via Twitter\" \/>\n<\/a>\n<\/div>\n","protected":false},"excerpt":{"rendered":"<p>D\u00edas atr\u00e1s los m\u00e1ximos responsables deportivos de las provincias formaron parte de la 16\u00ba Convenci\u00f3n Nacional del Deporte realizada en CABA. Encabez\u00f3 la reuni\u00f3 el flamante Director Ejecutivo de la Agencia de Deporte Nacional, Di\u00f3genes de Urquiza. Desde LBD nos contactamos con el profesor Ramiro Bravo en busca de detalles. El exiguo presupuesto nacional, las &hellip; <a href=\"https:\/\/labestiadeportiva.com\/lbd\/el-presupuesto-nacional-no-alcanza-esperamos-que-revelan-la-situacion-audio\/\" class=\"more-link\">Seguir leyendo <span class=\"screen-reader-text\">\u00abEl presupuesto nacional no alcanza, esperemos que revean la situaci\u00f3n\u00bb (Audio)<\/span> <span class=\"meta-nav\">&rarr;<\/span><\/a><\/p>\n","protected":false},"author":1,"featured_media":31252,"comment_status":"open","ping_status":"open","sticky":false,"template":"","format":"standard","meta":[],"categories":[5,6,60,1,3555],"tags":[3801,3802,1729,3800,4838,3660],"_links":{"self":[{"href":"https:\/\/labestiadeportiva.com\/lbd\/wp-json\/wp\/v2\/posts\/31251"}],"collection":[{"href":"https:\/\/labestiadeportiva.com\/lbd\/wp-json\/wp\/v2\/posts"}],"about":[{"href":"https:\/\/labestiadeportiva.com\/lbd\/wp-json\/wp\/v2\/types\/post"}],"author":[{"embeddable":true,"href":"https:\/\/labestiadeportiva.com\/lbd\/wp-json\/wp\/v2\/users\/1"}],"replies":[{"embeddable":true,"href":"https:\/\/labestiadeportiva.com\/lbd\/wp-json\/wp\/v2\/comments?post=31251"}],"version-history":[{"count":2,"href":"https:\/\/labestiadeportiva.com\/lbd\/wp-json\/wp\/v2\/posts\/31251\/revisions"}],"predecessor-version":[{"id":31254,"href":"https:\/\/labestiadeportiva.com\/lbd\/wp-json\/wp\/v2\/posts\/31251\/revisions\/31254"}],"wp:featuredmedia":[{"embeddable":true,"href":"https:\/\/labestiadeportiva.com\/lbd\/wp-json\/wp\/v2\/media\/31252"}],"wp:attachment":[{"href":"https:\/\/labestiadeportiva.com\/lbd\/wp-json\/wp\/v2\/media?parent=31251"}],"wp:term":[{"taxonomy":"category","embeddable":true,"href":"https:\/\/labestiadeportiva.com\/lbd\/wp-json\/wp\/v2\/categories?post=31251"},{"taxonomy":"post_tag","embeddable":true,"href":"https:\/\/labestiadeportiva.com\/lbd\/wp-json\/wp\/v2\/tags?post=31251"}],"curies":[{"name":"wp","href":"https:\/\/api.w.org\/{rel}","templated":true}]}}