{"id":31364,"date":"2019-02-27T20:14:12","date_gmt":"2019-02-27T23:14:12","guid":{"rendered":"http:\/\/labestiadeportiva.com\/lbd\/?p=31364"},"modified":"2019-02-27T20:15:31","modified_gmt":"2019-02-27T23:15:31","slug":"argentina-cabeza-de-serie","status":"publish","type":"post","link":"https:\/\/labestiadeportiva.com\/lbd\/argentina-cabeza-de-serie\/","title":{"rendered":"Argentina cabeza de serie"},"content":{"rendered":"<p>Por Agust\u00edn \u00abColo\u00bb Aguirre (Corresponsal LBD en La Pampa)<\/p>\n<p><a href=\"http:\/\/labestiadeportiva.com\/lbd\/wp-content\/uploads\/2019\/02\/0000049290-0000069038-001-G.png\"><img loading=\"lazy\" src=\"http:\/\/labestiadeportiva.com\/lbd\/wp-content\/uploads\/2019\/02\/0000049290-0000069038-001-G-300x300.png\" alt=\"0000049290-0000069038-001-G\" width=\"300\" height=\"300\" class=\"aligncenter size-medium wp-image-31365\" srcset=\"https:\/\/labestiadeportiva.com\/lbd\/wp-content\/uploads\/2019\/02\/0000049290-0000069038-001-G-300x300.png 300w, https:\/\/labestiadeportiva.com\/lbd\/wp-content\/uploads\/2019\/02\/0000049290-0000069038-001-G-150x150.png 150w, https:\/\/labestiadeportiva.com\/lbd\/wp-content\/uploads\/2019\/02\/0000049290-0000069038-001-G-160x160.png 160w, https:\/\/labestiadeportiva.com\/lbd\/wp-content\/uploads\/2019\/02\/0000049290-0000069038-001-G-320x320.png 320w, https:\/\/labestiadeportiva.com\/lbd\/wp-content\/uploads\/2019\/02\/0000049290-0000069038-001-G-60x60.png 60w, https:\/\/labestiadeportiva.com\/lbd\/wp-content\/uploads\/2019\/02\/0000049290-0000069038-001-G.png 640w\" sizes=\"(max-width: 300px) 100vw, 300px\" \/><\/a>Se terminaron las ventanas FIBA con vistas al mundial de China 2019. La selecci\u00f3n ya clasificada, no pudo en ninguno de sus partidos, perdiendo en los segundos finales frente a Puerto Rico y Estados Unidos. A pesar de quedar segundo en su grupo, ser\u00e1 cabeza de serie en la cita mundialista del mes de agosto.<!--more--><\/p>\n<p>Los de Hern\u00e1ndez cayeron en tiempo suplementario frente Puerto Rico por 87 a 86 en un final a pura pol\u00e9mica donde Bussino marc\u00f3 16 puntos, 7 rebotes y 7 asistencias y Redivo con 16 puntos 6 asistencias y de perder en la \u00faltima bola frente a Estados Unidos 84 a 83 con Pi\u00f1ero y Redivo como goleadores con 16.<\/p>\n<p>Luego de estos dos choques incre\u00edbles lo positivo para el plantel fue que a pesar de los resultados Argentina fue elegida como cabeza de serie. <\/p>\n<p>\u00bfEl motivo? La actualizaci\u00f3n del ranking FIBA, donde nuestra selecci\u00f3n se encuentra entre los 8 mejores, siendo quinta con 626.5 puntos. <\/p>\n<p>Obviamente el primero es USA con 793,66 puntos, luego Espa\u00f1a con 703,44 completando el pod\u00edo los franceses con 650,2. <\/p>\n<p>Las selecciones cabezas de serie son: China (El organizador), USA, Espa\u00f1a, Francia, Serbia, Argentina, Lituania y Grecia. <\/p>\n<p>Argentina pas\u00f3 la \u00faltima ventana, con importantes ausencias, haciendo debutar a varios jugadores, Pi\u00f1ero y el \u00abpibe\u00bb Caffaro.<\/p>\n<p>Sabor amargo por no poder cerrar los partidos en los \u00faltimos instantes, pero sabiendo que hay cantidad y calidad de jugadores para analizar y definir qui\u00e9nes estar\u00e1n en  China.<\/p>\n<p>Redivo mostr\u00f3 credenciales pero por delante tiene varios compa\u00f1eros. Un tema no menor es  saber cuantos bases llevar\u00e1, si dos o agregar\u00e1 a Vildoza.<\/p>\n<p>Varias inc\u00f3gnitas que el \u00abOveja\u00bb deber\u00e1 definir en las pr\u00f3ximas semanas cuando tenga todo el grupo a sus junto y a sus  \u00f3rdenes. <\/p>\n<div class='epvc-post-count'><span class='epvc-eye'><\/span>  <span class=\"epvc-count\"> 1.011<\/span><span class='epvc-label'> veces le\u00edda<\/span><\/div>\n<div class=\"jwsharethis\">\nShare this: \n<br \/>\n<a href=\"mailto:?subject=Argentina%20cabeza%20de%20serie&amp;body=https%3A%2F%2Flabestiadeportiva.com%2Flbd%2Fargentina-cabeza-de-serie%2F\">\n<img src=\"https:\/\/labestiadeportiva.com\/lbd\/wp-content\/plugins\/jw-share-this\/email.png\" alt=\"Share this page via Email\" \/>\n<\/a>\n<a target=\"_blank\" href=\"http:\/\/www.stumbleupon.com\/submit?url=https%3A%2F%2Flabestiadeportiva.com%2Flbd%2Fargentina-cabeza-de-serie%2F&amp;title=Argentina+cabeza+de+serie\">\n<img src=\"https:\/\/labestiadeportiva.com\/lbd\/wp-content\/plugins\/jw-share-this\/su.png\" alt=\"Share this page via Stumble Upon\" \/>\n<\/a>\n<a target=\"_blank\" href=\"http:\/\/digg.com\/submit?url=https%3A%2F%2Flabestiadeportiva.com%2Flbd%2Fargentina-cabeza-de-serie%2F&amp;title=Argentina+cabeza+de+serie\">\n<img src=\"https:\/\/labestiadeportiva.com\/lbd\/wp-content\/plugins\/jw-share-this\/digg.png\" alt=\"Share this page via Digg this\" \/>\n<\/a>\n<a target=\"_blank\" href=\"http:\/\/www.facebook.com\/sharer.php?u=https%3A%2F%2Flabestiadeportiva.com%2Flbd%2Fargentina-cabeza-de-serie%2F&amp;t=Argentina+cabeza+de+serie\">\n<img src=\"https:\/\/labestiadeportiva.com\/lbd\/wp-content\/plugins\/jw-share-this\/fb.png\" alt=\"Share this page via Facebook\" \/>\n<\/a>\n<a target=\"_blank\" href=\"http:\/\/twitter.com\/intent\/tweet?text=I+like+https%3A%2F%2Flabestiadeportiva.com%2Flbd%2Fargentina-cabeza-de-serie%2F&amp;title=Argentina+cabeza+de+serie\">\n<img src=\"https:\/\/labestiadeportiva.com\/lbd\/wp-content\/plugins\/jw-share-this\/twitter.png\" alt=\"Share this page via Twitter\" \/>\n<\/a>\n<\/div>\n","protected":false},"excerpt":{"rendered":"<p>Por Agust\u00edn \u00abColo\u00bb Aguirre (Corresponsal LBD en La Pampa) Se terminaron las ventanas FIBA con vistas al mundial de China 2019. La selecci\u00f3n ya clasificada, no pudo en ninguno de sus partidos, perdiendo en los segundos finales frente a Puerto Rico y Estados Unidos. A pesar de quedar segundo en su grupo, ser\u00e1 cabeza de &hellip; <a href=\"https:\/\/labestiadeportiva.com\/lbd\/argentina-cabeza-de-serie\/\" class=\"more-link\">Seguir leyendo <span class=\"screen-reader-text\">Argentina cabeza de serie<\/span> <span class=\"meta-nav\">&rarr;<\/span><\/a><\/p>\n","protected":false},"author":1,"featured_media":31365,"comment_status":"open","ping_status":"open","sticky":false,"template":"","format":"standard","meta":[],"categories":[2432,4,1],"tags":[171,3402,211,88],"_links":{"self":[{"href":"https:\/\/labestiadeportiva.com\/lbd\/wp-json\/wp\/v2\/posts\/31364"}],"collection":[{"href":"https:\/\/labestiadeportiva.com\/lbd\/wp-json\/wp\/v2\/posts"}],"about":[{"href":"https:\/\/labestiadeportiva.com\/lbd\/wp-json\/wp\/v2\/types\/post"}],"author":[{"embeddable":true,"href":"https:\/\/labestiadeportiva.com\/lbd\/wp-json\/wp\/v2\/users\/1"}],"replies":[{"embeddable":true,"href":"https:\/\/labestiadeportiva.com\/lbd\/wp-json\/wp\/v2\/comments?post=31364"}],"version-history":[{"count":2,"href":"https:\/\/labestiadeportiva.com\/lbd\/wp-json\/wp\/v2\/posts\/31364\/revisions"}],"predecessor-version":[{"id":31367,"href":"https:\/\/labestiadeportiva.com\/lbd\/wp-json\/wp\/v2\/posts\/31364\/revisions\/31367"}],"wp:featuredmedia":[{"embeddable":true,"href":"https:\/\/labestiadeportiva.com\/lbd\/wp-json\/wp\/v2\/media\/31365"}],"wp:attachment":[{"href":"https:\/\/labestiadeportiva.com\/lbd\/wp-json\/wp\/v2\/media?parent=31364"}],"wp:term":[{"taxonomy":"category","embeddable":true,"href":"https:\/\/labestiadeportiva.com\/lbd\/wp-json\/wp\/v2\/categories?post=31364"},{"taxonomy":"post_tag","embeddable":true,"href":"https:\/\/labestiadeportiva.com\/lbd\/wp-json\/wp\/v2\/tags?post=31364"}],"curies":[{"name":"wp","href":"https:\/\/api.w.org\/{rel}","templated":true}]}}