{"id":31602,"date":"2019-03-22T17:55:55","date_gmt":"2019-03-22T20:55:55","guid":{"rendered":"http:\/\/labestiadeportiva.com\/lbd\/?p=31602"},"modified":"2019-03-22T19:33:46","modified_gmt":"2019-03-22T22:33:46","slug":"ya-se-corre-la-vtdf-2","status":"publish","type":"post","link":"https:\/\/labestiadeportiva.com\/lbd\/ya-se-corre-la-vtdf-2\/","title":{"rendered":"Ya se corre la VTDF"},"content":{"rendered":"<p><a href=\"http:\/\/labestiadeportiva.com\/lbd\/wp-content\/uploads\/2019\/03\/IMG-20190321-WA0024.jpg\"><img loading=\"lazy\" class=\"aligncenter size-medium wp-image-31603\" src=\"http:\/\/labestiadeportiva.com\/lbd\/wp-content\/uploads\/2019\/03\/IMG-20190321-WA0024-300x167.jpg\" alt=\"IMG-20190321-WA0024\" width=\"300\" height=\"167\" srcset=\"https:\/\/labestiadeportiva.com\/lbd\/wp-content\/uploads\/2019\/03\/IMG-20190321-WA0024-300x167.jpg 300w, https:\/\/labestiadeportiva.com\/lbd\/wp-content\/uploads\/2019\/03\/IMG-20190321-WA0024.jpg 720w\" sizes=\"(max-width: 300px) 100vw, 300px\" \/><\/a><\/p>\n<p>Con el clasificatorio en el aut\u00f3dromo riograndense se puso en marcha la 36\u00b0 edici\u00f3n de la ic\u00f3nica prueba motocicl\u00edstica. Tambi\u00e9n se presentar\u00e1n rugby, f\u00fatbol 11, vela, futsal AFA, b\u00e1squet y futsal federado. Desde LBD, los detalles.<\/p>\n<p>Motociclismo<\/p>\n<p>Este viernes a las 13 se realiz\u00f3 la rampa simb\u00f3lica frente a la municipalidad del norte de la isla. Clasificatorio a las 15 para dejar todo dispuesto para el primer especial.<\/p>\n<p>La PE1 se largar\u00e1 desde el puesto policial Jos\u00e9 Men\u00e9ndez a las 8.30 de la ma\u00f1ana hasta el Campo de Doma en Tolhuin. Neutralizaci\u00f3n de 90 minutos para luego poner en marcha la PE2 Campo de Doma \/ Cerr\u00f3 Castor donde los organizadores programan finalizar alrededor de las 16 horas.<\/p>\n<p>El domingo sentido contrario desde Cerro Castor a las 9, PE3 Cerro Castor\/Lago Fagnano. Nueva neutralizaci\u00f3n de 90 minutos para poner en marcha el \u00faltimo especial, PE4 Campo de Doma\/Jos\u00e9 Men\u00e9ndez.<\/p>\n<p>Rugby URTF<\/p>\n<p>Intensa actividad durante este s\u00e1bado con encuentro provinciales de juveniles, desarrollo como as\u00ed tambi\u00e9n la 2\u00b0 fecha del Regional Patag\u00f3nico.<\/p>\n<p>En M16 dos partidos a las 13, \u00c1guilas\/Ushuaia, Colegio\/Universitario. En M18 chocar\u00e1n a las 14.30 R\u00edo Grande\/Tolhuin, \u00c1guilas\/Ushuaia y Colegio\/\u00bbUni\u00bb.<\/p>\n<p>En cuanto a lo cruces de la zona Desarrollo a las cuatro de la tarde se enfrentar\u00e1n Gallos\/\u00c1guilas \u00abB\u00bb y Turu\/Orcas.<\/p>\n<p>Finalmente por la 2\u00b0 fecha del Regional a las 16 URC\/Las \u00c1guilas, Universitario\/Colegio y los santacruce\u00f1os de Guanacos y Duendes. Con luz artificial R\u00edo Grande RHC recibir\u00e1 a UMAG de Punta Arenas desde las 19.30 horas.<\/p>\n<p><a href=\"http:\/\/labestiadeportiva.com\/lbd\/wp-content\/uploads\/2019\/03\/FB_IMG_1553222473756.jpg\"><img loading=\"lazy\" class=\"aligncenter size-medium wp-image-31610\" src=\"http:\/\/labestiadeportiva.com\/lbd\/wp-content\/uploads\/2019\/03\/FB_IMG_1553222473756-300x300.jpg\" alt=\"FB_IMG_1553222473756\" width=\"300\" height=\"300\" srcset=\"https:\/\/labestiadeportiva.com\/lbd\/wp-content\/uploads\/2019\/03\/FB_IMG_1553222473756-300x300.jpg 300w, https:\/\/labestiadeportiva.com\/lbd\/wp-content\/uploads\/2019\/03\/FB_IMG_1553222473756-150x150.jpg 150w, https:\/\/labestiadeportiva.com\/lbd\/wp-content\/uploads\/2019\/03\/FB_IMG_1553222473756-1024x1024.jpg 1024w, https:\/\/labestiadeportiva.com\/lbd\/wp-content\/uploads\/2019\/03\/FB_IMG_1553222473756-160x160.jpg 160w, https:\/\/labestiadeportiva.com\/lbd\/wp-content\/uploads\/2019\/03\/FB_IMG_1553222473756-320x320.jpg 320w, https:\/\/labestiadeportiva.com\/lbd\/wp-content\/uploads\/2019\/03\/FB_IMG_1553222473756-60x60.jpg 60w, https:\/\/labestiadeportiva.com\/lbd\/wp-content\/uploads\/2019\/03\/FB_IMG_1553222473756.jpg 1280w\" sizes=\"(max-width: 300px) 100vw, 300px\" \/><\/a><\/p>\n<p>F\u00fatbol 11<\/p>\n<p>Pen\u00faltima fecha del #TRFA en su zona 1. La jornada se jugar\u00e1 \u00edntegramente el s\u00e1bado en diferentes escenarios y horarios. Victoria recibir\u00e1 a Los Cuervos FDM desde las 16 en el sint\u00e9tico del barrio AGP.<\/p>\n<p>Camioneros RG viajar\u00e1 a la capital provincial donde visitar\u00e1 a Ferrocarril YCF desde las 15 horas. Finalmente choque de galleguenses entre Boxing e Hispano en cancha del primero desde las cinco de la tarde.<\/p>\n<p>Vela<\/p>\n<p>Comienzo de temporada para el Campeonato Fueguino de Vela. Ser\u00e1 el domingo a las 11 con la regata \u00abAniversario Club AFASyN\u00bb.<\/p>\n<p>Reuni\u00f3n de timoneles una hora antes de partir, el juez de la prueba ser\u00e1 el se\u00f1or Marcelo Cremades.<\/p>\n<p>Los organizadores de la instituci\u00f3n, que est\u00e1 cumpliendo 36 a\u00f1os de vida, definir\u00e1n el recorrido de la competencia minutos antes de partir manejado varias variables entre ellas el factor clim\u00e1tico.<\/p>\n<p>Futsal AFA<\/p>\n<p>Segunda fecha del torneo de primera divisi\u00f3n. Nuevamente se competir\u00e1 en el microestadio Jos\u00e9 \u00abCochocho\u00bb Vargas de 10 a 22 horas. Ser\u00e1n ocho partidos donde varios choques\u00a0 aparecen como atractivos.<\/p>\n<p>Asimismo el segmento femenino saltar\u00e1 al campo de juego del \u00abCarlos Petrina\u00bb tambi\u00e9n el s\u00e1bado de 10 a 19 horas con 7 partidos de primera \u00abA\u00bb y \u00abB\u00bb.<\/p>\n<p>B\u00e1squet<\/p>\n<p>La Federaci\u00f3n provincial program\u00f3 actividad para la gente menuda en ambas ciudades.<\/p>\n<p>En Ushuaia el encuentro de mini se desarrollar\u00e1 de 14 a 19 en la Cancha 4 \u00abHugo Italo Favale\u00bb. Participar\u00e1n jugadores de Club de Amigos, Escuela Municipal, Escuela N\u00b0 3 y Colegio del Sur.<\/p>\n<p>Futsal Federado<\/p>\n<p>Inicio de acciones deportivas por parte de la Federaci\u00f3n Ushuaiense para su primera divisi\u00f3n.<\/p>\n<p>Cambio de estructura de juego donde la categor\u00eda ser\u00e1 \u00fanica con 16 equipos que jugar\u00e1n divididos en dos zonas.<\/p>\n<p>En cuanto al fixture de juego se competir\u00e1 s\u00e1bado y domingo en el gimnasio de Campolter ubicado en el barrio 640 Viviendas.<\/p>\n<p>El primer d\u00eda ser\u00e1 para los C15 y C17 con 8 partidos de 13 a\u00a0 21.30 horas. La primera el domingo de 12.30 a 23 con ocho compromisos.<\/p>\n<p><a href=\"http:\/\/labestiadeportiva.com\/lbd\/wp-content\/uploads\/2019\/03\/Screenshot_20190322-0948353.png\"><img loading=\"lazy\" class=\"aligncenter size-medium wp-image-31611\" src=\"http:\/\/labestiadeportiva.com\/lbd\/wp-content\/uploads\/2019\/03\/Screenshot_20190322-0948353-300x252.png\" alt=\"Screenshot_20190322-094835~3\" width=\"300\" height=\"252\" srcset=\"https:\/\/labestiadeportiva.com\/lbd\/wp-content\/uploads\/2019\/03\/Screenshot_20190322-0948353-300x252.png 300w, https:\/\/labestiadeportiva.com\/lbd\/wp-content\/uploads\/2019\/03\/Screenshot_20190322-0948353.png 616w\" sizes=\"(max-width: 300px) 100vw, 300px\" \/><\/a><\/p>\n<p><a href=\"http:\/\/labestiadeportiva.com\/lbd\/wp-content\/uploads\/2019\/03\/FB_IMG_1553258770218.jpg\"><img loading=\"lazy\" class=\"aligncenter size-medium wp-image-31609\" src=\"http:\/\/labestiadeportiva.com\/lbd\/wp-content\/uploads\/2019\/03\/FB_IMG_1553258770218-300x187.jpg\" alt=\"FB_IMG_1553258770218\" width=\"300\" height=\"187\" srcset=\"https:\/\/labestiadeportiva.com\/lbd\/wp-content\/uploads\/2019\/03\/FB_IMG_1553258770218-300x187.jpg 300w, https:\/\/labestiadeportiva.com\/lbd\/wp-content\/uploads\/2019\/03\/FB_IMG_1553258770218.jpg 660w\" sizes=\"(max-width: 300px) 100vw, 300px\" \/><\/a><\/p>\n<p><a href=\"http:\/\/labestiadeportiva.com\/lbd\/wp-content\/uploads\/2019\/03\/FB_IMG_1553258787966.jpg\"><img loading=\"lazy\" class=\"aligncenter size-medium wp-image-31608\" src=\"http:\/\/labestiadeportiva.com\/lbd\/wp-content\/uploads\/2019\/03\/FB_IMG_1553258787966-300x232.jpg\" alt=\"FB_IMG_1553258787966\" width=\"300\" height=\"232\" srcset=\"https:\/\/labestiadeportiva.com\/lbd\/wp-content\/uploads\/2019\/03\/FB_IMG_1553258787966-300x232.jpg 300w, https:\/\/labestiadeportiva.com\/lbd\/wp-content\/uploads\/2019\/03\/FB_IMG_1553258787966.jpg 616w\" sizes=\"(max-width: 300px) 100vw, 300px\" \/><\/a><\/p>\n<p><a href=\"http:\/\/labestiadeportiva.com\/lbd\/wp-content\/uploads\/2019\/03\/FB_IMG_1553258800789.jpg\"><img loading=\"lazy\" class=\"aligncenter size-medium wp-image-31607\" src=\"http:\/\/labestiadeportiva.com\/lbd\/wp-content\/uploads\/2019\/03\/FB_IMG_1553258800789-300x270.jpg\" alt=\"FB_IMG_1553258800789\" width=\"300\" height=\"270\" srcset=\"https:\/\/labestiadeportiva.com\/lbd\/wp-content\/uploads\/2019\/03\/FB_IMG_1553258800789-300x270.jpg 300w, https:\/\/labestiadeportiva.com\/lbd\/wp-content\/uploads\/2019\/03\/FB_IMG_1553258800789.jpg 537w\" sizes=\"(max-width: 300px) 100vw, 300px\" \/><\/a><\/p>\n<p><a href=\"http:\/\/labestiadeportiva.com\/lbd\/wp-content\/uploads\/2019\/03\/FB_IMG_1553258828027.jpg\"><img loading=\"lazy\" class=\"aligncenter size-medium wp-image-31606\" src=\"http:\/\/labestiadeportiva.com\/lbd\/wp-content\/uploads\/2019\/03\/FB_IMG_1553258828027-275x300.jpg\" alt=\"FB_IMG_1553258828027\" width=\"275\" height=\"300\" srcset=\"https:\/\/labestiadeportiva.com\/lbd\/wp-content\/uploads\/2019\/03\/FB_IMG_1553258828027-275x300.jpg 275w, https:\/\/labestiadeportiva.com\/lbd\/wp-content\/uploads\/2019\/03\/FB_IMG_1553258828027.jpg 790w\" sizes=\"(max-width: 275px) 100vw, 275px\" \/><\/a><\/p>\n<p><a href=\"http:\/\/labestiadeportiva.com\/lbd\/wp-content\/uploads\/2019\/03\/Screenshot_20190322-1353462.png\"><img loading=\"lazy\" class=\"aligncenter size-medium wp-image-31612\" src=\"http:\/\/labestiadeportiva.com\/lbd\/wp-content\/uploads\/2019\/03\/Screenshot_20190322-1353462-300x252.png\" alt=\"Screenshot_20190322-135346~2\" width=\"300\" height=\"252\" srcset=\"https:\/\/labestiadeportiva.com\/lbd\/wp-content\/uploads\/2019\/03\/Screenshot_20190322-1353462-300x252.png 300w, https:\/\/labestiadeportiva.com\/lbd\/wp-content\/uploads\/2019\/03\/Screenshot_20190322-1353462-1024x861.png 1024w, https:\/\/labestiadeportiva.com\/lbd\/wp-content\/uploads\/2019\/03\/Screenshot_20190322-1353462.png 1080w\" sizes=\"(max-width: 300px) 100vw, 300px\" \/><\/a><\/p>\n<p><a href=\"http:\/\/labestiadeportiva.com\/lbd\/wp-content\/uploads\/2019\/03\/Screenshot_20190322-1507042.png\"><img loading=\"lazy\" class=\"aligncenter size-medium wp-image-31613\" src=\"http:\/\/labestiadeportiva.com\/lbd\/wp-content\/uploads\/2019\/03\/Screenshot_20190322-1507042-181x300.png\" alt=\"Screenshot_20190322-150704~2\" width=\"181\" height=\"300\" srcset=\"https:\/\/labestiadeportiva.com\/lbd\/wp-content\/uploads\/2019\/03\/Screenshot_20190322-1507042-181x300.png 181w, https:\/\/labestiadeportiva.com\/lbd\/wp-content\/uploads\/2019\/03\/Screenshot_20190322-1507042-617x1024.png 617w, https:\/\/labestiadeportiva.com\/lbd\/wp-content\/uploads\/2019\/03\/Screenshot_20190322-1507042.png 898w\" sizes=\"(max-width: 181px) 100vw, 181px\" \/><\/a><\/p>\n<p><a href=\"http:\/\/labestiadeportiva.com\/lbd\/wp-content\/uploads\/2019\/03\/Screenshot_20190322-1507142.png\"><img loading=\"lazy\" class=\"aligncenter size-medium wp-image-31614\" src=\"http:\/\/labestiadeportiva.com\/lbd\/wp-content\/uploads\/2019\/03\/Screenshot_20190322-1507142-300x236.png\" alt=\"Screenshot_20190322-150714~2\" width=\"300\" height=\"236\" srcset=\"https:\/\/labestiadeportiva.com\/lbd\/wp-content\/uploads\/2019\/03\/Screenshot_20190322-1507142-300x236.png 300w, https:\/\/labestiadeportiva.com\/lbd\/wp-content\/uploads\/2019\/03\/Screenshot_20190322-1507142.png 906w\" sizes=\"(max-width: 300px) 100vw, 300px\" \/><\/a><\/p>\n<p><a href=\"http:\/\/labestiadeportiva.com\/lbd\/wp-content\/uploads\/2019\/03\/IMG-20190322-WA00101.jpg\"><img loading=\"lazy\" class=\"aligncenter size-medium wp-image-31622\" src=\"http:\/\/labestiadeportiva.com\/lbd\/wp-content\/uploads\/2019\/03\/IMG-20190322-WA00101-300x246.jpg\" alt=\"IMG-20190322-WA0010\" width=\"300\" height=\"246\" srcset=\"https:\/\/labestiadeportiva.com\/lbd\/wp-content\/uploads\/2019\/03\/IMG-20190322-WA00101-300x246.jpg 300w, https:\/\/labestiadeportiva.com\/lbd\/wp-content\/uploads\/2019\/03\/IMG-20190322-WA00101.jpg 576w\" sizes=\"(max-width: 300px) 100vw, 300px\" \/><\/a><\/p>\n<p>&nbsp;<\/p>\n<p>&nbsp;<\/p>\n<p>&nbsp;<\/p>\n<p>&nbsp;<\/p>\n<p>&nbsp;<\/p>\n<p>&nbsp;<\/p>\n<p>&nbsp;<\/p>\n<p>&nbsp;<\/p>\n<p style=\"text-align: left;\">\n<div class='epvc-post-count'><span class='epvc-eye'><\/span>  <span class=\"epvc-count\"> 1.002<\/span><span class='epvc-label'> veces le\u00edda<\/span><\/div>\n<div class=\"jwsharethis\">\nShare this: \n<br \/>\n<a href=\"mailto:?subject=Ya%20se%20corre%20la%20VTDF&amp;body=https%3A%2F%2Flabestiadeportiva.com%2Flbd%2Fya-se-corre-la-vtdf-2%2F\">\n<img src=\"https:\/\/labestiadeportiva.com\/lbd\/wp-content\/plugins\/jw-share-this\/email.png\" alt=\"Share this page via Email\" \/>\n<\/a>\n<a target=\"_blank\" href=\"http:\/\/www.stumbleupon.com\/submit?url=https%3A%2F%2Flabestiadeportiva.com%2Flbd%2Fya-se-corre-la-vtdf-2%2F&amp;title=Ya+se+corre+la+VTDF\">\n<img src=\"https:\/\/labestiadeportiva.com\/lbd\/wp-content\/plugins\/jw-share-this\/su.png\" alt=\"Share this page via Stumble Upon\" \/>\n<\/a>\n<a target=\"_blank\" href=\"http:\/\/digg.com\/submit?url=https%3A%2F%2Flabestiadeportiva.com%2Flbd%2Fya-se-corre-la-vtdf-2%2F&amp;title=Ya+se+corre+la+VTDF\">\n<img src=\"https:\/\/labestiadeportiva.com\/lbd\/wp-content\/plugins\/jw-share-this\/digg.png\" alt=\"Share this page via Digg this\" \/>\n<\/a>\n<a target=\"_blank\" href=\"http:\/\/www.facebook.com\/sharer.php?u=https%3A%2F%2Flabestiadeportiva.com%2Flbd%2Fya-se-corre-la-vtdf-2%2F&amp;t=Ya+se+corre+la+VTDF\">\n<img src=\"https:\/\/labestiadeportiva.com\/lbd\/wp-content\/plugins\/jw-share-this\/fb.png\" alt=\"Share this page via Facebook\" \/>\n<\/a>\n<a target=\"_blank\" href=\"http:\/\/twitter.com\/intent\/tweet?text=I+like+https%3A%2F%2Flabestiadeportiva.com%2Flbd%2Fya-se-corre-la-vtdf-2%2F&amp;title=Ya+se+corre+la+VTDF\">\n<img src=\"https:\/\/labestiadeportiva.com\/lbd\/wp-content\/plugins\/jw-share-this\/twitter.png\" alt=\"Share this page via Twitter\" \/>\n<\/a>\n<\/div>\n","protected":false},"excerpt":{"rendered":"<p>Con el clasificatorio en el aut\u00f3dromo riograndense se puso en marcha la 36\u00b0 edici\u00f3n de la ic\u00f3nica prueba motocicl\u00edstica. Tambi\u00e9n se presentar\u00e1n rugby, f\u00fatbol 11, vela, futsal AFA, b\u00e1squet y futsal federado. Desde LBD, los detalles. Motociclismo Este viernes a las 13 se realiz\u00f3 la rampa simb\u00f3lica frente a la municipalidad del norte de la &hellip; <a href=\"https:\/\/labestiadeportiva.com\/lbd\/ya-se-corre-la-vtdf-2\/\" class=\"more-link\">Seguir leyendo <span class=\"screen-reader-text\">Ya se corre la VTDF<\/span> <span class=\"meta-nav\">&rarr;<\/span><\/a><\/p>\n","protected":false},"author":1,"featured_media":31603,"comment_status":"open","ping_status":"open","sticky":false,"template":"","format":"standard","meta":[],"categories":[5,1],"tags":[62,3660],"_links":{"self":[{"href":"https:\/\/labestiadeportiva.com\/lbd\/wp-json\/wp\/v2\/posts\/31602"}],"collection":[{"href":"https:\/\/labestiadeportiva.com\/lbd\/wp-json\/wp\/v2\/posts"}],"about":[{"href":"https:\/\/labestiadeportiva.com\/lbd\/wp-json\/wp\/v2\/types\/post"}],"author":[{"embeddable":true,"href":"https:\/\/labestiadeportiva.com\/lbd\/wp-json\/wp\/v2\/users\/1"}],"replies":[{"embeddable":true,"href":"https:\/\/labestiadeportiva.com\/lbd\/wp-json\/wp\/v2\/comments?post=31602"}],"version-history":[{"count":7,"href":"https:\/\/labestiadeportiva.com\/lbd\/wp-json\/wp\/v2\/posts\/31602\/revisions"}],"predecessor-version":[{"id":31623,"href":"https:\/\/labestiadeportiva.com\/lbd\/wp-json\/wp\/v2\/posts\/31602\/revisions\/31623"}],"wp:featuredmedia":[{"embeddable":true,"href":"https:\/\/labestiadeportiva.com\/lbd\/wp-json\/wp\/v2\/media\/31603"}],"wp:attachment":[{"href":"https:\/\/labestiadeportiva.com\/lbd\/wp-json\/wp\/v2\/media?parent=31602"}],"wp:term":[{"taxonomy":"category","embeddable":true,"href":"https:\/\/labestiadeportiva.com\/lbd\/wp-json\/wp\/v2\/categories?post=31602"},{"taxonomy":"post_tag","embeddable":true,"href":"https:\/\/labestiadeportiva.com\/lbd\/wp-json\/wp\/v2\/tags?post=31602"}],"curies":[{"name":"wp","href":"https:\/\/api.w.org\/{rel}","templated":true}]}}