{"id":31636,"date":"2019-03-26T12:03:41","date_gmt":"2019-03-26T15:03:41","guid":{"rendered":"http:\/\/labestiadeportiva.com\/lbd\/?p=31636"},"modified":"2019-03-26T13:46:53","modified_gmt":"2019-03-26T16:46:53","slug":"comienza-las-inscripciones","status":"publish","type":"post","link":"https:\/\/labestiadeportiva.com\/lbd\/comienza-las-inscripciones\/","title":{"rendered":"Comienzan las inscripciones"},"content":{"rendered":"<p><a href=\"http:\/\/labestiadeportiva.com\/lbd\/wp-content\/uploads\/2019\/03\/IMG-20190326-WA0013.jpg\"><img loading=\"lazy\" class=\"aligncenter size-medium wp-image-31637\" src=\"http:\/\/labestiadeportiva.com\/lbd\/wp-content\/uploads\/2019\/03\/IMG-20190326-WA0013-300x226.jpg\" alt=\"IMG-20190326-WA0013\" width=\"300\" height=\"226\" srcset=\"https:\/\/labestiadeportiva.com\/lbd\/wp-content\/uploads\/2019\/03\/IMG-20190326-WA0013-300x226.jpg 300w, https:\/\/labestiadeportiva.com\/lbd\/wp-content\/uploads\/2019\/03\/IMG-20190326-WA0013.jpg 960w\" sizes=\"(max-width: 300px) 100vw, 300px\" \/><\/a>Este martes 26 de 13 a 19 en Cancha 4 \u00abHugo Italo Favale\u00bb comienzan las inscripciones para formar parte de las escuelas deportivas municipales 2019. Las mismas se extender\u00e1n al mi\u00e9rcoles 27 y jueves 28. Desde LBD los detalles y propuestas del IMD. Fuente y foto prensa\u00a0 municipal.<!--more--><\/p>\n<p>Para efectivizar dicho tr\u00e1mite el adulto responsable deber\u00e1 concurrir con su DNI y del menor a inscribir, aclarando que podr\u00e1 anotar hasta dos ni\u00f1os o j\u00f3venes como m\u00e1ximo.<\/p>\n<p>La oferta deportiva es muy amplia y para todas las edades, a partir\u00a0 de los dos a\u00f1os en adelante.<\/p>\n<p>En cuanto al comienzo de las actividades dar\u00e1n inicio el pr\u00f3ximo lunes 8 de abril, con la \u00fanica excepci\u00f3n de las escuelas que funcionar\u00e1n en el microestadio Jos\u00e9 \u00abCochocho\u00bb Vargas las cuales iniciar\u00e1n siete d\u00edas despu\u00e9s, el lunes 15.<\/p>\n<p>Las opciones deportivas 2019:<\/p>\n<p>*Psicomotricidad (2-3 a\u00f1os) con acompa\u00f1amiento de un adulto en la pileta.<\/p>\n<p>*Educaci\u00f3n F\u00edsica Inicial (4-5 a\u00f1os) est\u00edmulo de sal\u00f3n y pileta<\/p>\n<p>*Nataci\u00f3n (6 a\u00f1os en adelante)<\/p>\n<p>*Judo (6-12 a\u00f1os y +13 a\u00f1os en la Ex Calesita; 9-12 a\u00f1os Inicial, +13 a\u00f1os Inicial, 13-18 a\u00f1os Inicial, Adulto Inicial en el Tatami del Cochocho Vargas)<\/p>\n<p>*Kayak \u2013 Esqu\u00ed de Fondo (8-9 a\u00f1os, 10-14 a\u00f1os) turno ma\u00f1ana y tarde.<\/p>\n<p>*Escuela de Monta\u00f1a (6-8 a\u00f1os, 9-11 a\u00f1os. Se realizan caminatas a varios puntos del ejido urbano, por lo que hay diferentes puntos de encuentro.<\/p>\n<p>*Futsal \u2013 F\u00fatbol 11 (Masc. y Mixto) Edades: 6-7 a\u00f1os, 8-9 a\u00f1os, +9 a\u00f1os, 10-12 a\u00f1os, 16 y 17 a\u00f1os, 18-20 a\u00f1os)<\/p>\n<p>*Futsal Femenino \u201cDamitas\u201d (6-8 a\u00f1os, 9-12 a\u00f1os) \u00abPrimera\u00bb (+13 a 35 a\u00f1os)<\/p>\n<p>*Acrotela (7-8 a\u00f1os, 9-10 a\u00f1os, 11-12 a\u00f1os, 13-14 a\u00f1os, 15-17 a\u00f1os, +18 a\u00f1os)<\/p>\n<p>*Acrosport + 15 a\u00f1os.<\/p>\n<p>*Newcom (+50 a\u00f1os)<\/p>\n<p>*V\u00f3ley Edades: 8-12 a\u00f1os,(mixto). Fem. De 13-17 a\u00f1os)<\/p>\n<p>*B\u00e1squet mixto (6-7 a\u00f1os, 8-9 a\u00f1os, 10-11 a\u00f1os, 12-13 a\u00f1os)<\/p>\n<p>*Pat\u00edn en l\u00ednea (8-10 a\u00f1os, 11-13 a\u00f1os) mixto<\/p>\n<p>*Skate (Mixto) Edades: 6-8 a\u00f1os, 9-12 a\u00f1os, +13 a\u00f1os. Mixto<\/p>\n<p>*Yoga (+18 a\u00f1os) mixto<\/p>\n<p>*Entrenamiento (+18 a\u00f1os) mixto<\/p>\n<p>*Atletismo (12-19 a\u00f1os) mixto<\/p>\n<p>*Gimnasia Damas (Aer\u00f3bica\/Pilates) +18 a\u00f1os<\/p>\n<p>*Kick Boxing (Mixto) Edades: +9 a\u00f1os, +15 a\u00f1os<\/p>\n<p>*Karate mixto (5-7 a\u00f1os, 8-12 a\u00f1os, 13-15 a\u00f1os, +16 a\u00f1os) Sal\u00f3n A Polideportivo Augusto Lasserre<\/p>\n<p>*Karate mixto (Esc 39, 640 viv) Edades: 5-8 a\u00f1os, 9-12 a\u00f1os, +13 a\u00f1os<\/p>\n<p>*Circo (8-9 a\u00f1os, 10-12 a\u00f1os, 13-15 a\u00f1os)<\/p>\n<p>*Gimnasia Deportiva Femenina: 6-8 a\u00f1os, 9-10, 11-12 a\u00f1os al 31\/12 (No por calendario escolar)<\/p>\n<div class='epvc-post-count'><span class='epvc-eye'><\/span>  <span class=\"epvc-count\"> 1.025<\/span><span class='epvc-label'> veces le\u00edda<\/span><\/div>\n<div class=\"jwsharethis\">\nShare this: \n<br \/>\n<a href=\"mailto:?subject=Comienzan%20las%20inscripciones&amp;body=https%3A%2F%2Flabestiadeportiva.com%2Flbd%2Fcomienza-las-inscripciones%2F\">\n<img src=\"https:\/\/labestiadeportiva.com\/lbd\/wp-content\/plugins\/jw-share-this\/email.png\" alt=\"Share this page via Email\" \/>\n<\/a>\n<a target=\"_blank\" href=\"http:\/\/www.stumbleupon.com\/submit?url=https%3A%2F%2Flabestiadeportiva.com%2Flbd%2Fcomienza-las-inscripciones%2F&amp;title=Comienzan+las+inscripciones\">\n<img src=\"https:\/\/labestiadeportiva.com\/lbd\/wp-content\/plugins\/jw-share-this\/su.png\" alt=\"Share this page via Stumble Upon\" \/>\n<\/a>\n<a target=\"_blank\" href=\"http:\/\/digg.com\/submit?url=https%3A%2F%2Flabestiadeportiva.com%2Flbd%2Fcomienza-las-inscripciones%2F&amp;title=Comienzan+las+inscripciones\">\n<img src=\"https:\/\/labestiadeportiva.com\/lbd\/wp-content\/plugins\/jw-share-this\/digg.png\" alt=\"Share this page via Digg this\" \/>\n<\/a>\n<a target=\"_blank\" href=\"http:\/\/www.facebook.com\/sharer.php?u=https%3A%2F%2Flabestiadeportiva.com%2Flbd%2Fcomienza-las-inscripciones%2F&amp;t=Comienzan+las+inscripciones\">\n<img src=\"https:\/\/labestiadeportiva.com\/lbd\/wp-content\/plugins\/jw-share-this\/fb.png\" alt=\"Share this page via Facebook\" \/>\n<\/a>\n<a target=\"_blank\" href=\"http:\/\/twitter.com\/intent\/tweet?text=I+like+https%3A%2F%2Flabestiadeportiva.com%2Flbd%2Fcomienza-las-inscripciones%2F&amp;title=Comienzan+las+inscripciones\">\n<img src=\"https:\/\/labestiadeportiva.com\/lbd\/wp-content\/plugins\/jw-share-this\/twitter.png\" alt=\"Share this page via Twitter\" \/>\n<\/a>\n<\/div>\n","protected":false},"excerpt":{"rendered":"<p>Este martes 26 de 13 a 19 en Cancha 4 \u00abHugo Italo Favale\u00bb comienzan las inscripciones para formar parte de las escuelas deportivas municipales 2019. Las mismas se extender\u00e1n al mi\u00e9rcoles 27 y jueves 28. Desde LBD los detalles y propuestas del IMD. Fuente y foto prensa\u00a0 municipal. 1.025 veces le\u00edda Share this:<\/p>\n","protected":false},"author":1,"featured_media":31637,"comment_status":"open","ping_status":"open","sticky":false,"template":"","format":"standard","meta":[],"categories":[5,2651,1],"tags":[495,3834,2473,3660],"_links":{"self":[{"href":"https:\/\/labestiadeportiva.com\/lbd\/wp-json\/wp\/v2\/posts\/31636"}],"collection":[{"href":"https:\/\/labestiadeportiva.com\/lbd\/wp-json\/wp\/v2\/posts"}],"about":[{"href":"https:\/\/labestiadeportiva.com\/lbd\/wp-json\/wp\/v2\/types\/post"}],"author":[{"embeddable":true,"href":"https:\/\/labestiadeportiva.com\/lbd\/wp-json\/wp\/v2\/users\/1"}],"replies":[{"embeddable":true,"href":"https:\/\/labestiadeportiva.com\/lbd\/wp-json\/wp\/v2\/comments?post=31636"}],"version-history":[{"count":4,"href":"https:\/\/labestiadeportiva.com\/lbd\/wp-json\/wp\/v2\/posts\/31636\/revisions"}],"predecessor-version":[{"id":31642,"href":"https:\/\/labestiadeportiva.com\/lbd\/wp-json\/wp\/v2\/posts\/31636\/revisions\/31642"}],"wp:featuredmedia":[{"embeddable":true,"href":"https:\/\/labestiadeportiva.com\/lbd\/wp-json\/wp\/v2\/media\/31637"}],"wp:attachment":[{"href":"https:\/\/labestiadeportiva.com\/lbd\/wp-json\/wp\/v2\/media?parent=31636"}],"wp:term":[{"taxonomy":"category","embeddable":true,"href":"https:\/\/labestiadeportiva.com\/lbd\/wp-json\/wp\/v2\/categories?post=31636"},{"taxonomy":"post_tag","embeddable":true,"href":"https:\/\/labestiadeportiva.com\/lbd\/wp-json\/wp\/v2\/tags?post=31636"}],"curies":[{"name":"wp","href":"https:\/\/api.w.org\/{rel}","templated":true}]}}