{"id":31681,"date":"2019-03-31T11:51:42","date_gmt":"2019-03-31T14:51:42","guid":{"rendered":"http:\/\/labestiadeportiva.com\/lbd\/?p=31681"},"modified":"2019-03-31T11:51:42","modified_gmt":"2019-03-31T14:51:42","slug":"contemporaneos-a-su-historia","status":"publish","type":"post","link":"https:\/\/labestiadeportiva.com\/lbd\/contemporaneos-a-su-historia\/","title":{"rendered":"Contempor\u00e1neos a su historia"},"content":{"rendered":"<p>Por Javier Nicol\u00e1s Baroli (Corresponsal LBD en R\u00edo Gallegos)<\/p>\n<p><a href=\"http:\/\/labestiadeportiva.com\/lbd\/wp-content\/uploads\/2019\/03\/0025576799.jpg\"><img loading=\"lazy\" src=\"http:\/\/labestiadeportiva.com\/lbd\/wp-content\/uploads\/2019\/03\/0025576799-300x169.jpg\" alt=\"0025576799\" width=\"300\" height=\"169\" class=\"aligncenter size-medium wp-image-31682\" srcset=\"https:\/\/labestiadeportiva.com\/lbd\/wp-content\/uploads\/2019\/03\/0025576799-300x169.jpg 300w, https:\/\/labestiadeportiva.com\/lbd\/wp-content\/uploads\/2019\/03\/0025576799.jpg 642w\" sizes=\"(max-width: 300px) 100vw, 300px\" \/><\/a><br \/>\nCuantas emociones en una misma noche. Ver su remera en lo mas alto del estadio de los San Antonio Spurs, tal vez sea el reflejo mas sincero de una carrera \u00e9pica. Y nosotros fuimos testigos de esa historia. Salud Manu.<!--more--><\/p>\n<p>Ah\u00ed est\u00e1bamos todos. En medio de la oscuridad de la noche, secando disimuladamente alguna lagrima. <\/p>\n<p>Es que yo, nosotros, todos alguna vez nos emocionamos con su juego, con aquella definici\u00f3n \u00e9pica frente a Yugoslavia, o los cuatro anillos de la NBA, o la hermosa Generaci\u00f3n Dorada. <\/p>\n<p>Manu jugaba y dej\u00e1bamos abierta la puerta de la improvisaci\u00f3n, de la sorpresa, de lo m\u00e1gico.<\/p>\n<p>Por qu\u00e9 nos emocionamos tanto con esta ceremonia ? Me lo sigo preguntando. Y con el pasar de los d\u00edas logro entenderlo. <\/p>\n<p>Ver su camiseta en lo mas alto, me hizo entender todo. Ahora si Manu no estar\u00eda m\u00e1s en una cancha. Pero no solo el Bahiense, sino su camiseta, su esencia, su m\u00edstica. <\/p>\n<p>Lo que perdurar\u00e1 para siempre ser\u00e1 su ser. Su humildad y grandeza. El respeto ganado por el deporte Argentino, en un pa\u00eds como los Estados Unidos, que hasta antes de su aparici\u00f3n, era un lugar innoto en alg\u00fan rinc\u00f3n de un mapa.<\/p>\n<p>Por eso y por muchas cosas m\u00e1s&#8230; Gracias Eternas Manu!<br \/>\n<a href=\"http:\/\/labestiadeportiva.com\/lbd\/wp-content\/uploads\/2019\/03\/images.jpeg\"><img loading=\"lazy\" src=\"http:\/\/labestiadeportiva.com\/lbd\/wp-content\/uploads\/2019\/03\/images-300x168.jpeg\" alt=\"images\" width=\"300\" height=\"168\" class=\"aligncenter size-medium wp-image-31683\" \/><\/a><\/p>\n<div class='epvc-post-count'><span class='epvc-eye'><\/span>  <span class=\"epvc-count\"> 1.140<\/span><span class='epvc-label'> veces le\u00edda<\/span><\/div>\n<div class=\"jwsharethis\">\nShare this: \n<br \/>\n<a href=\"mailto:?subject=Contempor%C3%A1neos%20a%20su%20historia&amp;body=https%3A%2F%2Flabestiadeportiva.com%2Flbd%2Fcontemporaneos-a-su-historia%2F\">\n<img src=\"https:\/\/labestiadeportiva.com\/lbd\/wp-content\/plugins\/jw-share-this\/email.png\" alt=\"Share this page via Email\" \/>\n<\/a>\n<a target=\"_blank\" href=\"http:\/\/www.stumbleupon.com\/submit?url=https%3A%2F%2Flabestiadeportiva.com%2Flbd%2Fcontemporaneos-a-su-historia%2F&amp;title=Contempor%C3%A1neos+a+su+historia\">\n<img src=\"https:\/\/labestiadeportiva.com\/lbd\/wp-content\/plugins\/jw-share-this\/su.png\" alt=\"Share this page via Stumble Upon\" \/>\n<\/a>\n<a target=\"_blank\" href=\"http:\/\/digg.com\/submit?url=https%3A%2F%2Flabestiadeportiva.com%2Flbd%2Fcontemporaneos-a-su-historia%2F&amp;title=Contempor%C3%A1neos+a+su+historia\">\n<img src=\"https:\/\/labestiadeportiva.com\/lbd\/wp-content\/plugins\/jw-share-this\/digg.png\" alt=\"Share this page via Digg this\" \/>\n<\/a>\n<a target=\"_blank\" href=\"http:\/\/www.facebook.com\/sharer.php?u=https%3A%2F%2Flabestiadeportiva.com%2Flbd%2Fcontemporaneos-a-su-historia%2F&amp;t=Contempor%C3%A1neos+a+su+historia\">\n<img src=\"https:\/\/labestiadeportiva.com\/lbd\/wp-content\/plugins\/jw-share-this\/fb.png\" alt=\"Share this page via Facebook\" \/>\n<\/a>\n<a target=\"_blank\" href=\"http:\/\/twitter.com\/intent\/tweet?text=I+like+https%3A%2F%2Flabestiadeportiva.com%2Flbd%2Fcontemporaneos-a-su-historia%2F&amp;title=Contempor%C3%A1neos+a+su+historia\">\n<img src=\"https:\/\/labestiadeportiva.com\/lbd\/wp-content\/plugins\/jw-share-this\/twitter.png\" alt=\"Share this page via Twitter\" \/>\n<\/a>\n<\/div>\n","protected":false},"excerpt":{"rendered":"<p>Por Javier Nicol\u00e1s Baroli (Corresponsal LBD en R\u00edo Gallegos) Cuantas emociones en una misma noche. Ver su remera en lo mas alto del estadio de los San Antonio Spurs, tal vez sea el reflejo mas sincero de una carrera \u00e9pica. Y nosotros fuimos testigos de esa historia. Salud Manu. 1.140 veces le\u00edda Share this:<\/p>\n","protected":false},"author":1,"featured_media":31682,"comment_status":"open","ping_status":"open","sticky":false,"template":"","format":"standard","meta":[],"categories":[1246,4,6,1],"tags":[3841,171,3840,373,3517],"_links":{"self":[{"href":"https:\/\/labestiadeportiva.com\/lbd\/wp-json\/wp\/v2\/posts\/31681"}],"collection":[{"href":"https:\/\/labestiadeportiva.com\/lbd\/wp-json\/wp\/v2\/posts"}],"about":[{"href":"https:\/\/labestiadeportiva.com\/lbd\/wp-json\/wp\/v2\/types\/post"}],"author":[{"embeddable":true,"href":"https:\/\/labestiadeportiva.com\/lbd\/wp-json\/wp\/v2\/users\/1"}],"replies":[{"embeddable":true,"href":"https:\/\/labestiadeportiva.com\/lbd\/wp-json\/wp\/v2\/comments?post=31681"}],"version-history":[{"count":1,"href":"https:\/\/labestiadeportiva.com\/lbd\/wp-json\/wp\/v2\/posts\/31681\/revisions"}],"predecessor-version":[{"id":31684,"href":"https:\/\/labestiadeportiva.com\/lbd\/wp-json\/wp\/v2\/posts\/31681\/revisions\/31684"}],"wp:featuredmedia":[{"embeddable":true,"href":"https:\/\/labestiadeportiva.com\/lbd\/wp-json\/wp\/v2\/media\/31682"}],"wp:attachment":[{"href":"https:\/\/labestiadeportiva.com\/lbd\/wp-json\/wp\/v2\/media?parent=31681"}],"wp:term":[{"taxonomy":"category","embeddable":true,"href":"https:\/\/labestiadeportiva.com\/lbd\/wp-json\/wp\/v2\/categories?post=31681"},{"taxonomy":"post_tag","embeddable":true,"href":"https:\/\/labestiadeportiva.com\/lbd\/wp-json\/wp\/v2\/tags?post=31681"}],"curies":[{"name":"wp","href":"https:\/\/api.w.org\/{rel}","templated":true}]}}