{"id":31921,"date":"2019-04-24T22:04:15","date_gmt":"2019-04-25T01:04:15","guid":{"rendered":"http:\/\/labestiadeportiva.com\/lbd\/?p=31921"},"modified":"2019-04-24T22:04:15","modified_gmt":"2019-04-25T01:04:15","slug":"tdf-presente-en-el-curso-internacional-de-instructores","status":"publish","type":"post","link":"https:\/\/labestiadeportiva.com\/lbd\/tdf-presente-en-el-curso-internacional-de-instructores\/","title":{"rendered":"TDF presente en el Curso Internacional de Instructores"},"content":{"rendered":"<p><span style=\"font-weight: 400;\"><a href=\"http:\/\/labestiadeportiva.com\/lbd\/wp-content\/uploads\/2019\/04\/57544666_10156875388309718_756138119266304000_o-12.jpg\"><img loading=\"lazy\" class=\"aligncenter size-medium wp-image-31922\" src=\"http:\/\/labestiadeportiva.com\/lbd\/wp-content\/uploads\/2019\/04\/57544666_10156875388309718_756138119266304000_o-12-300x199.jpg\" alt=\"57544666_10156875388309718_756138119266304000_o (1)~2\" width=\"300\" height=\"199\" srcset=\"https:\/\/labestiadeportiva.com\/lbd\/wp-content\/uploads\/2019\/04\/57544666_10156875388309718_756138119266304000_o-12-300x199.jpg 300w, https:\/\/labestiadeportiva.com\/lbd\/wp-content\/uploads\/2019\/04\/57544666_10156875388309718_756138119266304000_o-12-1024x678.jpg 1024w, https:\/\/labestiadeportiva.com\/lbd\/wp-content\/uploads\/2019\/04\/57544666_10156875388309718_756138119266304000_o-12.jpg 1081w\" sizes=\"(max-width: 300px) 100vw, 300px\" \/><\/a>La importante capacitaci\u00f3n estuvo a cargo de Tekeshi Oishi (9\u00b0 Dan) y Mitsuo Inoue (8\u00b0 Dan) los d\u00edas viernes 19, s\u00e1bado 20 y domingo 21. Luego del curso se realiz\u00f3 un selectivo para conformar la selecci\u00f3n nacional de cara a\u00a0 pr\u00f3ximos compromisos internacionales. El joven ushuaiense Gonzalo Vel\u00e1zquez, de trece a\u00f1os, logr\u00f3 la convocatoria.<!--more--><\/span><\/p>\n<p>La actividada ses realiz\u00f3 en la Ciudad Aut\u00f3noma de Buenos Aires, en instalaciones del ISEF 1, N\u00fa\u00f1ez.<\/p>\n<p>El curso anual internacional de instructores de Karate JKA fue dictado por el maestro 9\u00b0 Dan Takeshi Oishi proveniente de Jap\u00f3n y el sensei Mitsuo Inoue 8\u00b0 Dan presidente de JKA Sudamericana.<\/p>\n<p>Dieron el presente delegaciones de distintas provincias de nuestro pa\u00eds como as\u00ed tambi\u00e9n la presencia de pa\u00edses vecinos como Brasil, Uruguay, Paraguay, Chile y Colombia con\u00a0 un n\u00famero de participantes superior a 500.<\/p>\n<p>Tierra del Fuego dio el presente con una delegaci\u00f3n de 13 participantes conformada por dojos del club El Palomar, Kaupen, Polo Andorra, Escuela Municipal Rio Grande y Asociaci\u00f3n Ushuaiense.<\/p>\n<p>Al finalizar el curso se realiz\u00f3 el selectivo en todas las categor\u00edas con el objetivo de conformar la selecci\u00f3n nacional de karate JKA.<\/p>\n<p>Los compromisos inmediatos ser\u00e1n el Torneo Intercambio con Europa el\u00a0 8 y 9 de Junio y el Torneo Panamericano en Colombia los d\u00edas 17 y 18 de Agosto.<\/p>\n<p>Tres fueguinos\u00a0 lograron clasificar transform\u00e1ndose en integrantes de la selecci\u00f3n nacional de karate JKA.<\/p>\n<p>Gonzalo Vel\u00e1zquez, 13 a\u00f1os, perteneciente a El palomar, Oscar Gallo, 19 a\u00f1os e Ignacio \u00c1lvarez, 18 a\u00f1os,\u00a0 de Rio Grande.<\/p>\n<p>Participantes fueguinos en el Curso Internacional<\/p>\n<p>Sandra Antonelli,\u00a0Gisel Fern\u00e1ndez, Juan Pablo Lallana, Gonzalo Vel\u00e1zquez, Ignacio \u00c1lvarez, Oscar Gallo.<\/p>\n<p>Instructores: Franco gergo, Vicente Sosa, Jorge Ledesma, Jos\u00e9 D\u00edaz, Erwin Lara y\u00a0 Alejandro Vel\u00e1squez.<\/p>\n<div class='epvc-post-count'><span class='epvc-eye'><\/span>  <span class=\"epvc-count\"> 1.277<\/span><span class='epvc-label'> veces le\u00edda<\/span><\/div>\n<div class=\"jwsharethis\">\nShare this: \n<br \/>\n<a href=\"mailto:?subject=TDF%20presente%20en%20el%20Curso%20Internacional%20de%20Instructores&amp;body=https%3A%2F%2Flabestiadeportiva.com%2Flbd%2Ftdf-presente-en-el-curso-internacional-de-instructores%2F\">\n<img src=\"https:\/\/labestiadeportiva.com\/lbd\/wp-content\/plugins\/jw-share-this\/email.png\" alt=\"Share this page via Email\" \/>\n<\/a>\n<a target=\"_blank\" href=\"http:\/\/www.stumbleupon.com\/submit?url=https%3A%2F%2Flabestiadeportiva.com%2Flbd%2Ftdf-presente-en-el-curso-internacional-de-instructores%2F&amp;title=TDF+presente+en+el+Curso+Internacional+de+Instructores\">\n<img src=\"https:\/\/labestiadeportiva.com\/lbd\/wp-content\/plugins\/jw-share-this\/su.png\" alt=\"Share this page via Stumble Upon\" \/>\n<\/a>\n<a target=\"_blank\" href=\"http:\/\/digg.com\/submit?url=https%3A%2F%2Flabestiadeportiva.com%2Flbd%2Ftdf-presente-en-el-curso-internacional-de-instructores%2F&amp;title=TDF+presente+en+el+Curso+Internacional+de+Instructores\">\n<img src=\"https:\/\/labestiadeportiva.com\/lbd\/wp-content\/plugins\/jw-share-this\/digg.png\" alt=\"Share this page via Digg this\" \/>\n<\/a>\n<a target=\"_blank\" href=\"http:\/\/www.facebook.com\/sharer.php?u=https%3A%2F%2Flabestiadeportiva.com%2Flbd%2Ftdf-presente-en-el-curso-internacional-de-instructores%2F&amp;t=TDF+presente+en+el+Curso+Internacional+de+Instructores\">\n<img src=\"https:\/\/labestiadeportiva.com\/lbd\/wp-content\/plugins\/jw-share-this\/fb.png\" alt=\"Share this page via Facebook\" \/>\n<\/a>\n<a target=\"_blank\" href=\"http:\/\/twitter.com\/intent\/tweet?text=I+like+https%3A%2F%2Flabestiadeportiva.com%2Flbd%2Ftdf-presente-en-el-curso-internacional-de-instructores%2F&amp;title=TDF+presente+en+el+Curso+Internacional+de+Instructores\">\n<img src=\"https:\/\/labestiadeportiva.com\/lbd\/wp-content\/plugins\/jw-share-this\/twitter.png\" alt=\"Share this page via Twitter\" \/>\n<\/a>\n<\/div>\n","protected":false},"excerpt":{"rendered":"<p>La importante capacitaci\u00f3n estuvo a cargo de Tekeshi Oishi (9\u00b0 Dan) y Mitsuo Inoue (8\u00b0 Dan) los d\u00edas viernes 19, s\u00e1bado 20 y domingo 21. Luego del curso se realiz\u00f3 un selectivo para conformar la selecci\u00f3n nacional de cara a\u00a0 pr\u00f3ximos compromisos internacionales. El joven ushuaiense Gonzalo Vel\u00e1zquez, de trece a\u00f1os, logr\u00f3 la convocatoria. 1.277 &hellip; <a href=\"https:\/\/labestiadeportiva.com\/lbd\/tdf-presente-en-el-curso-internacional-de-instructores\/\" class=\"more-link\">Seguir leyendo <span class=\"screen-reader-text\">TDF presente en el Curso Internacional de Instructores<\/span> <span class=\"meta-nav\">&rarr;<\/span><\/a><\/p>\n","protected":false},"author":1,"featured_media":31922,"comment_status":"open","ping_status":"open","sticky":false,"template":"","format":"standard","meta":[],"categories":[2136,5,4,6,1],"tags":[993,3863,1032,3660],"_links":{"self":[{"href":"https:\/\/labestiadeportiva.com\/lbd\/wp-json\/wp\/v2\/posts\/31921"}],"collection":[{"href":"https:\/\/labestiadeportiva.com\/lbd\/wp-json\/wp\/v2\/posts"}],"about":[{"href":"https:\/\/labestiadeportiva.com\/lbd\/wp-json\/wp\/v2\/types\/post"}],"author":[{"embeddable":true,"href":"https:\/\/labestiadeportiva.com\/lbd\/wp-json\/wp\/v2\/users\/1"}],"replies":[{"embeddable":true,"href":"https:\/\/labestiadeportiva.com\/lbd\/wp-json\/wp\/v2\/comments?post=31921"}],"version-history":[{"count":1,"href":"https:\/\/labestiadeportiva.com\/lbd\/wp-json\/wp\/v2\/posts\/31921\/revisions"}],"predecessor-version":[{"id":31923,"href":"https:\/\/labestiadeportiva.com\/lbd\/wp-json\/wp\/v2\/posts\/31921\/revisions\/31923"}],"wp:featuredmedia":[{"embeddable":true,"href":"https:\/\/labestiadeportiva.com\/lbd\/wp-json\/wp\/v2\/media\/31922"}],"wp:attachment":[{"href":"https:\/\/labestiadeportiva.com\/lbd\/wp-json\/wp\/v2\/media?parent=31921"}],"wp:term":[{"taxonomy":"category","embeddable":true,"href":"https:\/\/labestiadeportiva.com\/lbd\/wp-json\/wp\/v2\/categories?post=31921"},{"taxonomy":"post_tag","embeddable":true,"href":"https:\/\/labestiadeportiva.com\/lbd\/wp-json\/wp\/v2\/tags?post=31921"}],"curies":[{"name":"wp","href":"https:\/\/api.w.org\/{rel}","templated":true}]}}