{"id":32082,"date":"2019-05-09T15:29:01","date_gmt":"2019-05-09T18:29:01","guid":{"rendered":"http:\/\/labestiadeportiva.com\/lbd\/?p=32082"},"modified":"2019-05-09T15:33:03","modified_gmt":"2019-05-09T18:33:03","slug":"mi-idea-es-quedarme-en-banfield-un-tiempo-mas-audio","status":"publish","type":"post","link":"https:\/\/labestiadeportiva.com\/lbd\/mi-idea-es-quedarme-en-banfield-un-tiempo-mas-audio\/","title":{"rendered":"\u00abMi idea es quedarme un tiempo m\u00e1s en Banfield\u00bb (Audio)"},"content":{"rendered":"<p><a href=\"http:\/\/labestiadeportiva.com\/lbd\/wp-content\/uploads\/2019\/05\/IMG_20190508_105549302.jpg\"><img loading=\"lazy\" src=\"http:\/\/labestiadeportiva.com\/lbd\/wp-content\/uploads\/2019\/05\/IMG_20190508_105549302-300x225.jpg\" alt=\"IMG_20190508_105549302\" width=\"300\" height=\"225\" class=\"aligncenter size-medium wp-image-32083\" srcset=\"https:\/\/labestiadeportiva.com\/lbd\/wp-content\/uploads\/2019\/05\/IMG_20190508_105549302-300x225.jpg 300w, https:\/\/labestiadeportiva.com\/lbd\/wp-content\/uploads\/2019\/05\/IMG_20190508_105549302-1024x768.jpg 1024w\" sizes=\"(max-width: 300px) 100vw, 300px\" \/><\/a><\/p>\n<p>Este mi\u00e9rcoles en los estudios de Radio Provincia recibimos la visita de Rodrigo Arciero, lateral Ushuaiense del \u00abTaladro\u00bb, quien transita sus \u00faltimos meses de recuperaci\u00f3n luego de ser operado en la rodilla derecha por la rotura del ligamento cruzado anterior. De visita \u00absorpresa\u00bb en nuestra ciudad pas\u00f3 por la 100.1, su inminente regreso, Banfield, la intenci\u00f3n de seguir su carrera en el exterior y el sue\u00f1o de regresar a Boca donde fue campe\u00f3n en inferiores, los principales temas de la charla.<!--more--><\/p>\n<p><a href=\"http:\/\/labestiadeportiva.com\/lbd\/wp-content\/uploads\/2019\/05\/IMG_20190508_111024031.jpg\"><img loading=\"lazy\" src=\"http:\/\/labestiadeportiva.com\/lbd\/wp-content\/uploads\/2019\/05\/IMG_20190508_111024031-300x286.jpg\" alt=\"IMG_20190508_111024031\" width=\"300\" height=\"286\" class=\"aligncenter size-medium wp-image-32084\" srcset=\"https:\/\/labestiadeportiva.com\/lbd\/wp-content\/uploads\/2019\/05\/IMG_20190508_111024031-300x286.jpg 300w, https:\/\/labestiadeportiva.com\/lbd\/wp-content\/uploads\/2019\/05\/IMG_20190508_111024031-1024x975.jpg 1024w\" sizes=\"(max-width: 300px) 100vw, 300px\" \/><\/a><\/p>\n<p>https:\/\/youtu.be\/_VfxbGY71AY<\/p>\n<div class='epvc-post-count'><span class='epvc-eye'><\/span>  <span class=\"epvc-count\"> 1.158<\/span><span class='epvc-label'> veces le\u00edda<\/span><\/div>\n<div class=\"jwsharethis\">\nShare this: \n<br \/>\n<a href=\"mailto:?subject=%C2%ABMi%20idea%20es%20quedarme%20un%20tiempo%20m%C3%A1s%20en%20Banfield%C2%BB%20%28Audio%29&amp;body=https%3A%2F%2Flabestiadeportiva.com%2Flbd%2Fmi-idea-es-quedarme-en-banfield-un-tiempo-mas-audio%2F\">\n<img src=\"https:\/\/labestiadeportiva.com\/lbd\/wp-content\/plugins\/jw-share-this\/email.png\" alt=\"Share this page via Email\" \/>\n<\/a>\n<a target=\"_blank\" href=\"http:\/\/www.stumbleupon.com\/submit?url=https%3A%2F%2Flabestiadeportiva.com%2Flbd%2Fmi-idea-es-quedarme-en-banfield-un-tiempo-mas-audio%2F&amp;title=%C2%ABMi+idea+es+quedarme+un+tiempo+m%C3%A1s+en+Banfield%C2%BB+%28Audio%29\">\n<img src=\"https:\/\/labestiadeportiva.com\/lbd\/wp-content\/plugins\/jw-share-this\/su.png\" alt=\"Share this page via Stumble Upon\" \/>\n<\/a>\n<a target=\"_blank\" href=\"http:\/\/digg.com\/submit?url=https%3A%2F%2Flabestiadeportiva.com%2Flbd%2Fmi-idea-es-quedarme-en-banfield-un-tiempo-mas-audio%2F&amp;title=%C2%ABMi+idea+es+quedarme+un+tiempo+m%C3%A1s+en+Banfield%C2%BB+%28Audio%29\">\n<img src=\"https:\/\/labestiadeportiva.com\/lbd\/wp-content\/plugins\/jw-share-this\/digg.png\" alt=\"Share this page via Digg this\" \/>\n<\/a>\n<a target=\"_blank\" href=\"http:\/\/www.facebook.com\/sharer.php?u=https%3A%2F%2Flabestiadeportiva.com%2Flbd%2Fmi-idea-es-quedarme-en-banfield-un-tiempo-mas-audio%2F&amp;t=%C2%ABMi+idea+es+quedarme+un+tiempo+m%C3%A1s+en+Banfield%C2%BB+%28Audio%29\">\n<img src=\"https:\/\/labestiadeportiva.com\/lbd\/wp-content\/plugins\/jw-share-this\/fb.png\" alt=\"Share this page via Facebook\" \/>\n<\/a>\n<a target=\"_blank\" href=\"http:\/\/twitter.com\/intent\/tweet?text=I+like+https%3A%2F%2Flabestiadeportiva.com%2Flbd%2Fmi-idea-es-quedarme-en-banfield-un-tiempo-mas-audio%2F&amp;title=%C2%ABMi+idea+es+quedarme+un+tiempo+m%C3%A1s+en+Banfield%C2%BB+%28Audio%29\">\n<img src=\"https:\/\/labestiadeportiva.com\/lbd\/wp-content\/plugins\/jw-share-this\/twitter.png\" alt=\"Share this page via Twitter\" \/>\n<\/a>\n<\/div>\n","protected":false},"excerpt":{"rendered":"<p>Este mi\u00e9rcoles en los estudios de Radio Provincia recibimos la visita de Rodrigo Arciero, lateral Ushuaiense del \u00abTaladro\u00bb, quien transita sus \u00faltimos meses de recuperaci\u00f3n luego de ser operado en la rodilla derecha por la rotura del ligamento cruzado anterior. De visita \u00absorpresa\u00bb en nuestra ciudad pas\u00f3 por la 100.1, su inminente regreso, Banfield, la &hellip; <a href=\"https:\/\/labestiadeportiva.com\/lbd\/mi-idea-es-quedarme-en-banfield-un-tiempo-mas-audio\/\" class=\"more-link\">Seguir leyendo <span class=\"screen-reader-text\">\u00abMi idea es quedarme un tiempo m\u00e1s en Banfield\u00bb (Audio)<\/span> <span class=\"meta-nav\">&rarr;<\/span><\/a><\/p>\n","protected":false},"author":1,"featured_media":32083,"comment_status":"open","ping_status":"open","sticky":false,"template":"","format":"standard","meta":[],"categories":[5,6,60,1987,1],"tags":[310,1156,4838,17,3660],"_links":{"self":[{"href":"https:\/\/labestiadeportiva.com\/lbd\/wp-json\/wp\/v2\/posts\/32082"}],"collection":[{"href":"https:\/\/labestiadeportiva.com\/lbd\/wp-json\/wp\/v2\/posts"}],"about":[{"href":"https:\/\/labestiadeportiva.com\/lbd\/wp-json\/wp\/v2\/types\/post"}],"author":[{"embeddable":true,"href":"https:\/\/labestiadeportiva.com\/lbd\/wp-json\/wp\/v2\/users\/1"}],"replies":[{"embeddable":true,"href":"https:\/\/labestiadeportiva.com\/lbd\/wp-json\/wp\/v2\/comments?post=32082"}],"version-history":[{"count":3,"href":"https:\/\/labestiadeportiva.com\/lbd\/wp-json\/wp\/v2\/posts\/32082\/revisions"}],"predecessor-version":[{"id":32087,"href":"https:\/\/labestiadeportiva.com\/lbd\/wp-json\/wp\/v2\/posts\/32082\/revisions\/32087"}],"wp:featuredmedia":[{"embeddable":true,"href":"https:\/\/labestiadeportiva.com\/lbd\/wp-json\/wp\/v2\/media\/32083"}],"wp:attachment":[{"href":"https:\/\/labestiadeportiva.com\/lbd\/wp-json\/wp\/v2\/media?parent=32082"}],"wp:term":[{"taxonomy":"category","embeddable":true,"href":"https:\/\/labestiadeportiva.com\/lbd\/wp-json\/wp\/v2\/categories?post=32082"},{"taxonomy":"post_tag","embeddable":true,"href":"https:\/\/labestiadeportiva.com\/lbd\/wp-json\/wp\/v2\/tags?post=32082"}],"curies":[{"name":"wp","href":"https:\/\/api.w.org\/{rel}","templated":true}]}}